{"id":24404,"date":"2023-01-26T12:43:35","date_gmt":"2023-01-26T15:43:35","guid":{"rendered":"https:\/\/www.paudalho.pe.gov.br\/portal\/?p=24404"},"modified":"2025-01-08T00:39:00","modified_gmt":"2025-01-08T03:39:00","slug":"prefeitura-do-paudalho-abre-edital-de-chamamento-publico-para-o-carnaval-e-demais-eventos-de-2023","status":"publish","type":"post","link":"https:\/\/www.paudalho.pe.gov.br\/portal\/prefeitura-do-paudalho-abre-edital-de-chamamento-publico-para-o-carnaval-e-demais-eventos-de-2023\/","title":{"rendered":"Prefeitura do Paudalho abre Edital de Chamamento P\u00fablico para o carnaval e demais eventos de 2023"},"content":{"rendered":"\n<p>A Prefeitura do Paudalho, por meio da Secretaria de Cultura, Turismo, Lazer e Juventudes, lan\u00e7ou o Edital de Chamamento P\u00fablico para Apoio Financeiro ao Ciclo do Carnaval 2023 para Agremia\u00e7\u00f5es Carnavalescas e o Edital de Chamamento P\u00fablico<strong> <\/strong>para as Festividades Culturais 2023.\u00a0<\/p>\n\n\n\n<p>Nesta quinta-feira (26), foi aberto o Edital para o Ciclo do Carnaval 2023. As inscri\u00e7\u00f5es&nbsp; seguem at\u00e9 o s\u00e1bado, dia 4 de fevereiro, de forma presencial, na sede da Secretaria, localizada na Pra\u00e7a Joaquim Nabuco, conhecida como Pra\u00e7a do Ros\u00e1rio, no Centro de Paudalho, durante o hor\u00e1rio das 8h \u00e0s 14h. \u00c9 necess\u00e1rio levar a Ficha de Inscri\u00e7\u00e3o preenchida, al\u00e9m dos documentos e comprovantes exigidos. Podem se cadastrar pessoas f\u00edsicas ou jur\u00eddicas, al\u00e9m de Agremia\u00e7\u00f5es Carnavalescas de outros munic\u00edpios.<\/p>\n\n\n\n<p>A sele\u00e7\u00e3o dos projetos estar\u00e1 a cargo de uma Comiss\u00e3o Especial integrada por pessoas de reputa\u00e7\u00e3o ilibada e reconhecido conhecimento da mat\u00e9ria em exame, a ser designada pelo Prefeito Marcelo Gouveia.<\/p>\n\n\n\n<div class=\"wp-block-file\"><a id=\"wp-block-file--media-66bdb390-4184-424e-b052-edeaede1ace9\" href=\"https:\/\/www.paudalho.pe.gov.br\/portal\/wp-content\/uploads\/2023\/01\/EDITAL-DE-CHAMAMENTO-PUBLICO-PARA-O-CICLO-DO-CARNAVAL-2023.doc\">EDITAL-DE-CHAMAMENTO-PUBLICO-PARA-O-CICLO-DO-CARNAVAL-2023<\/a><a href=\"https:\/\/www.paudalho.pe.gov.br\/portal\/wp-content\/uploads\/2023\/01\/EDITAL-DE-CHAMAMENTO-PUBLICO-PARA-O-CICLO-DO-CARNAVAL-2023.doc\" class=\"wp-block-file__button wp-element-button\" download aria-describedby=\"wp-block-file--media-66bdb390-4184-424e-b052-edeaede1ace9\">Baixar<\/a><\/div>\n\n\n\n<p><strong>Convocat\u00f3ria para as Festividades Culturais 2023<\/strong><\/p>\n\n\n\n<p>Foi lan\u00e7ado tamb\u00e9m, no dia 23 de janeiro, o Edital de Chamamento P\u00fablico para credenciamento de atra\u00e7\u00f5es art\u00edsticas locais para compor a grade de apresenta\u00e7\u00f5es para as Festividades Culturais do munic\u00edpio. As inscri\u00e7\u00f5es v\u00e3o at\u00e9 a segunda-feira, 6 de fevereiro.<\/p>\n\n\n\n<p>O Edital tem como objetivo preencher a grade de programa\u00e7\u00e3o das diversas festividades que ocorrem durante todo o ano de 2023, realizadas pela Prefeitura Municipal do Paudalho. Os interessados devem levar a Ficha de Inscri\u00e7\u00e3o preenchida, documentos e comprova\u00e7\u00f5es exigidas na sede da Secretaria de Cultura, junto com os documentos exigidos, durante o hor\u00e1rio das 8h \u00e0s 13h.<\/p>\n\n\n\n<div class=\"wp-block-file\"><a id=\"wp-block-file--media-4165159f-8c2a-4565-851e-4296a4a6c9fb\" href=\"https:\/\/www.paudalho.pe.gov.br\/portal\/wp-content\/uploads\/2023\/01\/EDITAL-DE-CHAMAMENTO-PUBLICO-PARA-FESTIVIDADES-CULTURAIS-2023.pdf\">EDITAL-DE-CHAMAMENTO-PUBLICO-PARA-FESTIVIDADES-CULTURAIS-2023<\/a><a href=\"https:\/\/www.paudalho.pe.gov.br\/portal\/wp-content\/uploads\/2023\/01\/EDITAL-DE-CHAMAMENTO-PUBLICO-PARA-FESTIVIDADES-CULTURAIS-2023.pdf\" class=\"wp-block-file__button wp-element-button\" download aria-describedby=\"wp-block-file--media-4165159f-8c2a-4565-851e-4296a4a6c9fb\">Baixar<\/a><\/div>\n\n\n\n<div class=\"wp-block-file\"><a id=\"wp-block-file--media-f504f0dc-0f1f-46d8-9489-f22bd661232b\" href=\"https:\/\/www.paudalho.pe.gov.br\/portal\/wp-content\/uploads\/2023\/01\/ANEXOS-EDITAL-DE-CHAMAMENTO-PUBLICO-PARA-FESTIVIDADES-CULTURAIS-2023.doc\">ANEXOS-EDITAL-DE-CHAMAMENTO-PUBLICO-PARA-FESTIVIDADES-CULTURAIS-2023<\/a><a href=\"https:\/\/www.paudalho.pe.gov.br\/portal\/wp-content\/uploads\/2023\/01\/ANEXOS-EDITAL-DE-CHAMAMENTO-PUBLICO-PARA-FESTIVIDADES-CULTURAIS-2023.doc\" class=\"wp-block-file__button wp-element-button\" download aria-describedby=\"wp-block-file--media-f504f0dc-0f1f-46d8-9489-f22bd661232b\">Baixar<\/a><\/div>\n","protected":false},"excerpt":{"rendered":"<p>A Prefeitura do Paudalho, por meio da Secretaria de Cultura, Turismo, Lazer e Juventudes, lan\u00e7ou o Edital de Chamamento P\u00fablico para Apoio Financeiro ao Ciclo do Carnaval 2023 para Agremia\u00e7\u00f5es Carnavalescas e o Edital de Chamamento P\u00fablico para as Festividades Culturais 2023.\u00a0 Nesta quinta-feira (26), foi aberto o Edital para o Ciclo do Carnaval 2023. [&hellip;]<\/p>\n","protected":false},"author":11,"featured_media":24408,"comment_status":"open","ping_status":"open","sticky":false,"template":"","format":"standard","meta":{"_jetpack_newsletter_access":"","_jetpack_dont_email_post_to_subs":false,"_jetpack_newsletter_tier_id":0,"_jetpack_memberships_contains_paywalled_content":false,"_jetpack_memberships_contains_paid_content":false,"footnotes":""},"categories":[37,6,2,1],"tags":[697,1100,1101,238],"class_list":["post-24404","post","type-post","status-publish","format-standard","has-post-thumbnail","hentry","category-carnaval","category-cultura","category-destaque","category-noticias","tag-edital","tag-edital-carnanal-2023","tag-edital-festividades-culturais-2023","tag-secretaria-de-cultura-e-turismo"],"jetpack_featured_media_url":"https:\/\/www.paudalho.pe.gov.br\/portal\/wp-content\/uploads\/2023\/01\/WhatsApp-Image-2023-01-26-at-12.41.18.jpeg","jetpack_sharing_enabled":true,"jetpack_shortlink":"https:\/\/wp.me\/p98mS2-6lC","_links":{"self":[{"href":"https:\/\/www.paudalho.pe.gov.br\/portal\/wp-json\/wp\/v2\/posts\/24404","targetHints":{"allow":["GET"]}}],"collection":[{"href":"https:\/\/www.paudalho.pe.gov.br\/portal\/wp-json\/wp\/v2\/posts"}],"about":[{"href":"https:\/\/www.paudalho.pe.gov.br\/portal\/wp-json\/wp\/v2\/types\/post"}],"author":[{"embeddable":true,"href":"https:\/\/www.paudalho.pe.gov.br\/portal\/wp-json\/wp\/v2\/users\/11"}],"replies":[{"embeddable":true,"href":"https:\/\/www.paudalho.pe.gov.br\/portal\/wp-json\/wp\/v2\/comments?post=24404"}],"version-history":[{"count":2,"href":"https:\/\/www.paudalho.pe.gov.br\/portal\/wp-json\/wp\/v2\/posts\/24404\/revisions"}],"predecessor-version":[{"id":24410,"href":"https:\/\/www.paudalho.pe.gov.br\/portal\/wp-json\/wp\/v2\/posts\/24404\/revisions\/24410"}],"wp:featuredmedia":[{"embeddable":true,"href":"https:\/\/www.paudalho.pe.gov.br\/portal\/wp-json\/wp\/v2\/media\/24408"}],"wp:attachment":[{"href":"https:\/\/www.paudalho.pe.gov.br\/portal\/wp-json\/wp\/v2\/media?parent=24404"}],"wp:term":[{"taxonomy":"category","embeddable":true,"href":"https:\/\/www.paudalho.pe.gov.br\/portal\/wp-json\/wp\/v2\/categories?post=24404"},{"taxonomy":"post_tag","embeddable":true,"href":"https:\/\/www.paudalho.pe.gov.br\/portal\/wp-json\/wp\/v2\/tags?post=24404"}],"curies":[{"name":"wp","href":"https:\/\/api.w.org\/{rel}","templated":true}]}}