{"id":2435,"date":"2018-01-29T00:43:04","date_gmt":"2018-01-29T03:43:04","guid":{"rendered":"http:\/\/www.paudalho.pe.gov.br\/portal\/?p=2435"},"modified":"2018-01-29T01:02:07","modified_gmt":"2018-01-29T04:02:07","slug":"prefeitura-decretara-luto-oficial-nesta-terca-feira-pela-morte-do-ex-vereador-luiz-ribeiro-costa","status":"publish","type":"post","link":"https:\/\/www.paudalho.pe.gov.br\/portal\/prefeitura-decretara-luto-oficial-nesta-terca-feira-pela-morte-do-ex-vereador-luiz-ribeiro-costa\/","title":{"rendered":"Prefeitura decretar\u00e1 luto oficial nesta ter\u00e7a-feira pela morte do ex-vereador Luiz Ribeiro Costa"},"content":{"rendered":"<p>A Prefeitura do Paudalho lamenta a morte do ex-presidente da C\u00e2mara de Vereadores da cidade, Luiz Ribeiro Costa, de 85 anos, que faleceu na tarde deste domingo (28). O ex-pol\u00edtico foi v\u00edtima de fal\u00eancia m\u00faltipla de \u00f3rg\u00e3os. Luiz Ribeiro exerceu o mandato de vereador na cidade em 1972, pelo partido Arena e em 1988 pelo Partido Democr\u00e1tico Trabalhista (PDT).<\/p>\n<p>Um dos destaques dos seus mandatos \u00e9 que ele foi respons\u00e1vel por presidir a sess\u00e3o da C\u00e2mara de Vereadores que aprovou a Lei Org\u00e2nica do Munic\u00edpio, em cinco de abril de 1990. Advogado, ele tamb\u00e9m prestou servi\u00e7os \u00e0 popula\u00e7\u00e3o.<\/p>\n<p>O corpo j\u00e1 est\u00e1 sendo velado na sede do Poder Legislativo do Munic\u00edpio e o sepultamento ser\u00e1 nesta segunda-feira (29), em Limoeiro, \u00e0s 16h. Por causa do Feriado de S\u00e3o Sebasti\u00e3o, nesta segunda, o Poder Executivo de Paudalho decretar\u00e1 luto de tr\u00eas dias, na pr\u00f3xima ter\u00e7a-feira (30).<\/p>\n<p>&nbsp;<\/p>\n<p>&nbsp;<\/p>\n","protected":false},"excerpt":{"rendered":"<p>A Prefeitura do Paudalho lamenta a morte do ex-presidente da C\u00e2mara de Vereadores da cidade, Luiz Ribeiro Costa, de 85 anos, que faleceu na tarde deste domingo (28). O ex-pol\u00edtico foi v\u00edtima de fal\u00eancia m\u00faltipla de \u00f3rg\u00e3os. Luiz Ribeiro exerceu o mandato de vereador na cidade em 1972, pelo partido Arena e em 1988 pelo [&hellip;]<\/p>\n","protected":false},"author":4,"featured_media":2436,"comment_status":"open","ping_status":"open","sticky":false,"template":"","format":"standard","meta":{"_jetpack_newsletter_access":"","_jetpack_dont_email_post_to_subs":false,"_jetpack_newsletter_tier_id":0,"_jetpack_memberships_contains_paywalled_content":false,"_jetpack_memberships_contains_paid_content":false,"footnotes":""},"categories":[2,1],"tags":[253,227],"class_list":["post-2435","post","type-post","status-publish","format-standard","has-post-thumbnail","hentry","category-destaque","category-noticias","tag-luto-oficial","tag-morte"],"jetpack_featured_media_url":"https:\/\/www.paudalho.pe.gov.br\/portal\/wp-content\/uploads\/2018\/01\/luiz-ribeiro.jpeg","jetpack_sharing_enabled":true,"jetpack_shortlink":"https:\/\/wp.me\/p98mS2-Dh","_links":{"self":[{"href":"https:\/\/www.paudalho.pe.gov.br\/portal\/wp-json\/wp\/v2\/posts\/2435","targetHints":{"allow":["GET"]}}],"collection":[{"href":"https:\/\/www.paudalho.pe.gov.br\/portal\/wp-json\/wp\/v2\/posts"}],"about":[{"href":"https:\/\/www.paudalho.pe.gov.br\/portal\/wp-json\/wp\/v2\/types\/post"}],"author":[{"embeddable":true,"href":"https:\/\/www.paudalho.pe.gov.br\/portal\/wp-json\/wp\/v2\/users\/4"}],"replies":[{"embeddable":true,"href":"https:\/\/www.paudalho.pe.gov.br\/portal\/wp-json\/wp\/v2\/comments?post=2435"}],"version-history":[{"count":5,"href":"https:\/\/www.paudalho.pe.gov.br\/portal\/wp-json\/wp\/v2\/posts\/2435\/revisions"}],"predecessor-version":[{"id":2441,"href":"https:\/\/www.paudalho.pe.gov.br\/portal\/wp-json\/wp\/v2\/posts\/2435\/revisions\/2441"}],"wp:featuredmedia":[{"embeddable":true,"href":"https:\/\/www.paudalho.pe.gov.br\/portal\/wp-json\/wp\/v2\/media\/2436"}],"wp:attachment":[{"href":"https:\/\/www.paudalho.pe.gov.br\/portal\/wp-json\/wp\/v2\/media?parent=2435"}],"wp:term":[{"taxonomy":"category","embeddable":true,"href":"https:\/\/www.paudalho.pe.gov.br\/portal\/wp-json\/wp\/v2\/categories?post=2435"},{"taxonomy":"post_tag","embeddable":true,"href":"https:\/\/www.paudalho.pe.gov.br\/portal\/wp-json\/wp\/v2\/tags?post=2435"}],"curies":[{"name":"wp","href":"https:\/\/api.w.org\/{rel}","templated":true}]}}