{"id":24287,"date":"2023-01-24T14:59:55","date_gmt":"2023-01-24T17:59:55","guid":{"rendered":"https:\/\/www.paudalho.pe.gov.br\/portal\/?p=24287"},"modified":"2025-01-08T00:39:00","modified_gmt":"2025-01-08T03:39:00","slug":"prefeitura-do-paudalho-realiza-ultimo-dia-da-programacao-da-colonia-de-ferias-2023","status":"publish","type":"post","link":"https:\/\/www.paudalho.pe.gov.br\/portal\/prefeitura-do-paudalho-realiza-ultimo-dia-da-programacao-da-colonia-de-ferias-2023\/","title":{"rendered":"Prefeitura do Paudalho realiza \u00faltimo dia da programa\u00e7\u00e3o da Col\u00f4nia de F\u00e9rias 2023"},"content":{"rendered":"\n<p>Nesta quarta-feira (25) ocorre o \u00faltimo dia da Col\u00f4nia de F\u00e9rias do Servi\u00e7o de Conviv\u00eancia, realizada pela Prefeitura de Paudalho, por meio da Secretaria de Desenvolvimento e Assist\u00eancia Social (SEDAS). A atividade que encerrar\u00e1 o projeto deste ano ser\u00e1 uma viagem tur\u00edstica para S\u00e3o Severino do Ramos. As crian\u00e7as do munic\u00edpio v\u00e3o conhecer a hist\u00f3ria do Santu\u00e1rio, tendo como guia tur\u00edstico o&nbsp; secret\u00e1rio executivo de Turismo, Robson Negreiros. Ap\u00f3s o passeio, o evento ir\u00e1 terminar com um piquenique ao ar livre.<\/p>\n\n\n\n<p>A partir das 8h30, a equipe do Servi\u00e7o de Conviv\u00eancia ir\u00e1 buscar, de \u00f4nibus, as crian\u00e7as que fazem parte do programa e aquelas que se inscreveram para participar.&nbsp;<\/p>\n\n\n\n<p><strong>COL\u00d4NIA DE F\u00c9RIAS 2023<\/strong><\/p>\n\n\n\n<p>Desde o&nbsp; dia 16 de janeiro, o projeto Col\u00f4nia de F\u00e9rias 2023 est\u00e1 sendo realizado pela SEDAS com atividades recreativas e l\u00fadicas para as crian\u00e7as paudalhenses. O evento contou com duas a\u00e7\u00f5es, uma organizada pelo Servi\u00e7o de Conviv\u00eancia e Fortalecimento de V\u00ednculos (SCFV) e outra pelo Programa Minha Casa, Minha Vida.<\/p>\n\n\n\n<p>A col\u00f4nia organizada pelo SCFV ocorreu nos dias 16, 18, 24 e 25 de janeiro, no per\u00edodo da manh\u00e3, a partir das 8h30, nas quadras das comunidades de Ch\u00e3 do Pinheiro, Alto Dois Irm\u00e3os e em S\u00e3o Severino do Ramos. J\u00e1 a programa\u00e7\u00e3o do Programa foi realizada de 16 a 20 de janeiro no sal\u00e3o de festa do Residencial Guadalajara 1 (G1) e no Centro de Desenvolvimento Cognitivo e Psicomotor. Este \u00faltimo com inscri\u00e7\u00f5es exclusivas para crian\u00e7as moradoras dos residenciais.<\/p>\n","protected":false},"excerpt":{"rendered":"<p>Nesta quarta-feira (25) ocorre o \u00faltimo dia da Col\u00f4nia de F\u00e9rias do Servi\u00e7o de Conviv\u00eancia, realizada pela Prefeitura de Paudalho, por meio da Secretaria de Desenvolvimento e Assist\u00eancia Social (SEDAS). A atividade que encerrar\u00e1 o projeto deste ano ser\u00e1 uma viagem tur\u00edstica para S\u00e3o Severino do Ramos. As crian\u00e7as do munic\u00edpio v\u00e3o conhecer a hist\u00f3ria [&hellip;]<\/p>\n","protected":false},"author":11,"featured_media":24300,"comment_status":"open","ping_status":"open","sticky":false,"template":"","format":"standard","meta":{"_jetpack_newsletter_access":"","_jetpack_dont_email_post_to_subs":false,"_jetpack_newsletter_tier_id":0,"_jetpack_memberships_contains_paywalled_content":false,"_jetpack_memberships_contains_paid_content":false,"footnotes":""},"categories":[850,2,592,1],"tags":[1097,22,124],"class_list":["post-24287","post","type-post","status-publish","format-standard","has-post-thumbnail","hentry","category-assistencia-social","category-destaque","category-minha-casa-minha-vida","category-noticias","tag-colonia-de-ferias-2023","tag-prefeitura-do-paudalho","tag-secretaria-de-desenvolvimento-e-assistencia-social"],"jetpack_featured_media_url":"https:\/\/www.paudalho.pe.gov.br\/portal\/wp-content\/uploads\/2023\/01\/H5A7175-scaled-e1688690267180.jpg","jetpack_sharing_enabled":true,"jetpack_shortlink":"https:\/\/wp.me\/p98mS2-6jJ","_links":{"self":[{"href":"https:\/\/www.paudalho.pe.gov.br\/portal\/wp-json\/wp\/v2\/posts\/24287","targetHints":{"allow":["GET"]}}],"collection":[{"href":"https:\/\/www.paudalho.pe.gov.br\/portal\/wp-json\/wp\/v2\/posts"}],"about":[{"href":"https:\/\/www.paudalho.pe.gov.br\/portal\/wp-json\/wp\/v2\/types\/post"}],"author":[{"embeddable":true,"href":"https:\/\/www.paudalho.pe.gov.br\/portal\/wp-json\/wp\/v2\/users\/11"}],"replies":[{"embeddable":true,"href":"https:\/\/www.paudalho.pe.gov.br\/portal\/wp-json\/wp\/v2\/comments?post=24287"}],"version-history":[{"count":1,"href":"https:\/\/www.paudalho.pe.gov.br\/portal\/wp-json\/wp\/v2\/posts\/24287\/revisions"}],"predecessor-version":[{"id":24304,"href":"https:\/\/www.paudalho.pe.gov.br\/portal\/wp-json\/wp\/v2\/posts\/24287\/revisions\/24304"}],"wp:featuredmedia":[{"embeddable":true,"href":"https:\/\/www.paudalho.pe.gov.br\/portal\/wp-json\/wp\/v2\/media\/24300"}],"wp:attachment":[{"href":"https:\/\/www.paudalho.pe.gov.br\/portal\/wp-json\/wp\/v2\/media?parent=24287"}],"wp:term":[{"taxonomy":"category","embeddable":true,"href":"https:\/\/www.paudalho.pe.gov.br\/portal\/wp-json\/wp\/v2\/categories?post=24287"},{"taxonomy":"post_tag","embeddable":true,"href":"https:\/\/www.paudalho.pe.gov.br\/portal\/wp-json\/wp\/v2\/tags?post=24287"}],"curies":[{"name":"wp","href":"https:\/\/api.w.org\/{rel}","templated":true}]}}