{"id":24265,"date":"2023-01-24T14:02:36","date_gmt":"2023-01-24T17:02:36","guid":{"rendered":"https:\/\/www.paudalho.pe.gov.br\/portal\/?p=24265"},"modified":"2025-01-08T00:39:00","modified_gmt":"2025-01-08T03:39:00","slug":"paudalho-abre-inscricao-para-o-pre-jovem-curso-preparatorio-para-o-enem-2023","status":"publish","type":"post","link":"https:\/\/www.paudalho.pe.gov.br\/portal\/paudalho-abre-inscricao-para-o-pre-jovem-curso-preparatorio-para-o-enem-2023\/","title":{"rendered":"<strong>\u200b\u200bPaudalho abre inscri\u00e7\u00e3o para o Pr\u00e9-Jovem, curso preparat\u00f3rio para o ENEM 2023<\/strong>"},"content":{"rendered":"\n<p>A Prefeitura do Paudalho, por meio da Secretaria de Cultura, Turismo, Lazer e Juventude, inicia nesta ter\u00e7a-feira (24) as inscri\u00e7\u00f5es para o programa Pr\u00e9-Jovem. O curso \u00e9 preparat\u00f3rio gratuito para o pr\u00e9-vestibular realizado pela Casa das Juventudes de Paudalho. O per\u00edodo de cadastro vai at\u00e9 o dia 10 de fevereiro e \u00e9 feito presencialmente na Casa das Juventudes, localizada no bairro Alto do Cruzeiro, das 8h \u00e0s 16h.<\/p>\n\n\n\n<p>Os interessados devem estar portando no momento da inscri\u00e7\u00e3o o RG, CPF, Comprovante de resid\u00eancia, Comprovante de conclus\u00e3o de ensino m\u00e9dio e Foto 3\/4. S\u00e3o ofertadas 100 vagas dispon\u00edveis apenas para jovens egressos do ensino m\u00e9dio. \u201cN\u00f3s temos investido na nossa Educa\u00e7\u00e3o e preparado nossas crian\u00e7as para o ensino m\u00e9dio. Mas, sabemos da necessidade que muito paudalhense tem, a falta da condi\u00e7\u00e3o financeira na hora de pagar um curso preparat\u00f3rio para seu filho que vai fazer o ENEM e por isso criamos o Pr\u00e9-Jovem. N\u00f3s queremos que nossa juventude tenha as mesmas condi\u00e7\u00f5es de um aluno que p\u00f4de pagar um preparat\u00f3rio particular\u201d, comentou o prefeito Marcelo Gouveia.<\/p>\n\n\n\n<p><strong>Sobre o Programa&nbsp;<\/strong><\/p>\n\n\n\n<p>O programa Pr\u00e9-jovem, lan\u00e7ado em 2022, tem como objetivo preparar estudantes para a prova do Exame Nacional do Ensino M\u00e9dio (ENEM) e para os demais vestibulares, com aulas das mat\u00e9rias cobradas no exame: Ci\u00eancias da Natureza (Biologia, Qu\u00edmica e F\u00edsica), Ci\u00eancias Humanas (Hist\u00f3ria, Geografia, Filosofia e Sociologia), Linguagens, C\u00f3digos e suas Tecnologias (Portugu\u00eas, Literatura, L\u00edngua Estrangeira, Artes, Educa\u00e7\u00e3o F\u00edsica e Tecnologias da Informa\u00e7\u00e3o e Comunica\u00e7\u00e3o) Matem\u00e1tica e suas tecnologias e Reda\u00e7\u00e3o.<\/p>\n\n\n\n<p>As aulas ter\u00e3o in\u00edcio no dia 6 de mar\u00e7o e ser\u00e3o ministradas por professores de cursos pr\u00e9-vestibular renomados de Recife, como Marcos Otoch, Fl\u00e1via Suassuna, Isaac Melo, Romero Maciel, entre outros. O curso ocorrer\u00e1 no Col\u00e9gio Municipal de Paudalho (CMP) e o estudante receber\u00e1 a apostila com o conte\u00fado did\u00e1tico para todo o ano.<\/p>\n","protected":false},"excerpt":{"rendered":"<p>A Prefeitura do Paudalho, por meio da Secretaria de Cultura, Turismo, Lazer e Juventude, inicia nesta ter\u00e7a-feira (24) as inscri\u00e7\u00f5es para o programa Pr\u00e9-Jovem. O curso \u00e9 preparat\u00f3rio gratuito para o pr\u00e9-vestibular realizado pela Casa das Juventudes de Paudalho. O per\u00edodo de cadastro vai at\u00e9 o dia 10 de fevereiro e \u00e9 feito presencialmente na [&hellip;]<\/p>\n","protected":false},"author":11,"featured_media":24274,"comment_status":"open","ping_status":"open","sticky":false,"template":"","format":"standard","meta":{"_jetpack_newsletter_access":"","_jetpack_dont_email_post_to_subs":false,"_jetpack_newsletter_tier_id":0,"_jetpack_memberships_contains_paywalled_content":false,"_jetpack_memberships_contains_paid_content":false,"footnotes":""},"categories":[2,793,1],"tags":[816,968,196],"class_list":["post-24265","post","type-post","status-publish","format-standard","has-post-thumbnail","hentry","category-destaque","category-juventudes","category-noticias","tag-casa-das-juventudes","tag-pre-jovem","tag-secretaria-de-cultura"],"jetpack_featured_media_url":"https:\/\/www.paudalho.pe.gov.br\/portal\/wp-content\/uploads\/2023\/01\/Curso-Pre-Jovem-01-scaled.jpg","jetpack_sharing_enabled":true,"jetpack_shortlink":"https:\/\/wp.me\/p98mS2-6jn","_links":{"self":[{"href":"https:\/\/www.paudalho.pe.gov.br\/portal\/wp-json\/wp\/v2\/posts\/24265","targetHints":{"allow":["GET"]}}],"collection":[{"href":"https:\/\/www.paudalho.pe.gov.br\/portal\/wp-json\/wp\/v2\/posts"}],"about":[{"href":"https:\/\/www.paudalho.pe.gov.br\/portal\/wp-json\/wp\/v2\/types\/post"}],"author":[{"embeddable":true,"href":"https:\/\/www.paudalho.pe.gov.br\/portal\/wp-json\/wp\/v2\/users\/11"}],"replies":[{"embeddable":true,"href":"https:\/\/www.paudalho.pe.gov.br\/portal\/wp-json\/wp\/v2\/comments?post=24265"}],"version-history":[{"count":2,"href":"https:\/\/www.paudalho.pe.gov.br\/portal\/wp-json\/wp\/v2\/posts\/24265\/revisions"}],"predecessor-version":[{"id":24282,"href":"https:\/\/www.paudalho.pe.gov.br\/portal\/wp-json\/wp\/v2\/posts\/24265\/revisions\/24282"}],"wp:featuredmedia":[{"embeddable":true,"href":"https:\/\/www.paudalho.pe.gov.br\/portal\/wp-json\/wp\/v2\/media\/24274"}],"wp:attachment":[{"href":"https:\/\/www.paudalho.pe.gov.br\/portal\/wp-json\/wp\/v2\/media?parent=24265"}],"wp:term":[{"taxonomy":"category","embeddable":true,"href":"https:\/\/www.paudalho.pe.gov.br\/portal\/wp-json\/wp\/v2\/categories?post=24265"},{"taxonomy":"post_tag","embeddable":true,"href":"https:\/\/www.paudalho.pe.gov.br\/portal\/wp-json\/wp\/v2\/tags?post=24265"}],"curies":[{"name":"wp","href":"https:\/\/api.w.org\/{rel}","templated":true}]}}