{"id":2425,"date":"2018-01-26T11:10:25","date_gmt":"2018-01-26T14:10:25","guid":{"rendered":"http:\/\/www.paudalho.pe.gov.br\/portal\/?p=2425"},"modified":"2018-01-26T11:10:55","modified_gmt":"2018-01-26T14:10:55","slug":"paudalho-recebe-movimento-mata-norte-tem-capoeira","status":"publish","type":"post","link":"https:\/\/www.paudalho.pe.gov.br\/portal\/paudalho-recebe-movimento-mata-norte-tem-capoeira\/","title":{"rendered":"Paudalho recebe \u201cMovimento Mata Norte Tem Capoeira\u201d"},"content":{"rendered":"<p>A capoeira \u00e9 uma express\u00e3o cultural que mistura artes marciais, esporte, m\u00fasica e cultura popular e foi desenvolvida pelos escravos. Alguns relatos hist\u00f3ricos apontam que a modalidade nasceu no fim do s\u00e9culo XVI no Quilombo dos Palmares.<\/p>\n<p>E no pr\u00f3ximo domingo (28), capoeiristas de toda a regi\u00e3o v\u00e3o se reunir no Col\u00e9gio Municipal do Paudalho (CMP), no \u201cMovimento Mata Norte Tem Capoeira\u201d, a partir das 9h. O evento \u00e9 realizado pelo Grupo de capoeira paudalhense Assojucape dos mestres Cobra, Caretinha e Jandaia, em parceria com a Secretaria Executiva de Esportes e Juventude.<\/p>\n<p>De acordo com o secret\u00e1rio executivo de Esportes e Juventude, Di\u00f3genes Porf\u00edrio, a programa\u00e7\u00e3o tem o objetivo de valorizar a capoeira no Munic\u00edpio. \u201cTemos o compromisso em dar aten\u00e7\u00e3o e estar ao lado de todos os movimentos e modalidades do munic\u00edpio e sem d\u00favida alguma teremos um olhar diferenciado para a Capoeira\u201d, comentou.<\/p>\n<h2>Patrim\u00f4nio Hist\u00f3rico<\/h2>\n<p>A roda de Capoeira foi registrada como bem cultural pelo IPHAN no ano de 2008, com base em invent\u00e1rio realizado nos estados da Bahia, Pernambuco e Rio de Janeiro. Os estados s\u00e3o considerados ber\u00e7os da express\u00e3o cultural. Em novembro de 2014, a modalidade recebeu o t\u00edtulo de Patrim\u00f4nio Cultural Imaterial da humanidade pela UNESCO.<\/p>\n","protected":false},"excerpt":{"rendered":"<p>A capoeira \u00e9 uma express\u00e3o cultural que mistura artes marciais, esporte, m\u00fasica e cultura popular e foi desenvolvida pelos escravos. Alguns relatos hist\u00f3ricos apontam que a modalidade nasceu no fim do s\u00e9culo XVI no Quilombo dos Palmares. E no pr\u00f3ximo domingo (28), capoeiristas de toda a regi\u00e3o v\u00e3o se reunir no Col\u00e9gio Municipal do Paudalho [&hellip;]<\/p>\n","protected":false},"author":4,"featured_media":2426,"comment_status":"open","ping_status":"open","sticky":false,"template":"","format":"standard","meta":{"_jetpack_newsletter_access":"","_jetpack_dont_email_post_to_subs":false,"_jetpack_newsletter_tier_id":0,"_jetpack_memberships_contains_paywalled_content":false,"_jetpack_memberships_contains_paid_content":false,"footnotes":""},"categories":[2,7],"tags":[250,121,22],"class_list":["post-2425","post","type-post","status-publish","format-standard","has-post-thumbnail","hentry","category-destaque","category-esportes","tag-capoeira","tag-esporte","tag-prefeitura-do-paudalho"],"jetpack_featured_media_url":"https:\/\/www.paudalho.pe.gov.br\/portal\/wp-content\/uploads\/2018\/01\/1c0c98ed-611d-42d6-b901-7a6991da3980.jpg","jetpack_sharing_enabled":true,"jetpack_shortlink":"https:\/\/wp.me\/p98mS2-D7","_links":{"self":[{"href":"https:\/\/www.paudalho.pe.gov.br\/portal\/wp-json\/wp\/v2\/posts\/2425","targetHints":{"allow":["GET"]}}],"collection":[{"href":"https:\/\/www.paudalho.pe.gov.br\/portal\/wp-json\/wp\/v2\/posts"}],"about":[{"href":"https:\/\/www.paudalho.pe.gov.br\/portal\/wp-json\/wp\/v2\/types\/post"}],"author":[{"embeddable":true,"href":"https:\/\/www.paudalho.pe.gov.br\/portal\/wp-json\/wp\/v2\/users\/4"}],"replies":[{"embeddable":true,"href":"https:\/\/www.paudalho.pe.gov.br\/portal\/wp-json\/wp\/v2\/comments?post=2425"}],"version-history":[{"count":2,"href":"https:\/\/www.paudalho.pe.gov.br\/portal\/wp-json\/wp\/v2\/posts\/2425\/revisions"}],"predecessor-version":[{"id":2428,"href":"https:\/\/www.paudalho.pe.gov.br\/portal\/wp-json\/wp\/v2\/posts\/2425\/revisions\/2428"}],"wp:featuredmedia":[{"embeddable":true,"href":"https:\/\/www.paudalho.pe.gov.br\/portal\/wp-json\/wp\/v2\/media\/2426"}],"wp:attachment":[{"href":"https:\/\/www.paudalho.pe.gov.br\/portal\/wp-json\/wp\/v2\/media?parent=2425"}],"wp:term":[{"taxonomy":"category","embeddable":true,"href":"https:\/\/www.paudalho.pe.gov.br\/portal\/wp-json\/wp\/v2\/categories?post=2425"},{"taxonomy":"post_tag","embeddable":true,"href":"https:\/\/www.paudalho.pe.gov.br\/portal\/wp-json\/wp\/v2\/tags?post=2425"}],"curies":[{"name":"wp","href":"https:\/\/api.w.org\/{rel}","templated":true}]}}