{"id":24183,"date":"2023-01-23T05:04:21","date_gmt":"2023-01-23T08:04:21","guid":{"rendered":"https:\/\/www.paudalho.pe.gov.br\/portal\/?p=24183"},"modified":"2025-01-08T00:39:00","modified_gmt":"2025-01-08T03:39:00","slug":"paudalho-encerra-com-maestria-a-154-festa-de-sao-sebastiao","status":"publish","type":"post","link":"https:\/\/www.paudalho.pe.gov.br\/portal\/paudalho-encerra-com-maestria-a-154-festa-de-sao-sebastiao\/","title":{"rendered":"Paudalho encerra com maestria a 154\u00b0 Festa de S\u00e3o Sebasti\u00e3o"},"content":{"rendered":"\n<p>Quanto tempo leva pra fazer hist\u00f3ria? Para a 154\u00b0 Festa de S\u00e3o Sebasti\u00e3o de Paudalho, foi preciso apenas de 10 dias. Desde a sexta-feira (13) at\u00e9 o domingo (22) o munic\u00edpio foi totalmente preenchido pela tradi\u00e7\u00e3o atrav\u00e9s de dois polos em duas \u00e1reas distintas da cidade.<\/p>\n\n\n\n<p>No \u00faltimo dia de festividades, o Polo Principal, no P\u00e1tio de Eventos Beira-Rio, Centro de Paudalho, abriu os shows com a apresenta\u00e7\u00e3o de Fagner e Amandinha, que j\u00e1 come\u00e7aram a noite cantando os principais sucessos da dupla. Logo em seguida O Conde S\u00f3 Brega abriu sua apresenta\u00e7\u00e3o colocando todo o p\u00fablico para cantar. Para encerrar n\u00e3o apenas a noite, mas toda a programa\u00e7\u00e3o da Festa de S\u00e3o Sebasti\u00e3o, Arreio de Ouro trouxe toda a energia da vaquejada para finalizar o evento com o p\u00e1tio inteiro dan\u00e7ando.<\/p>\n\n\n\n<figure class=\"wp-block-image size-large\"><img loading=\"lazy\" decoding=\"async\" width=\"800\" height=\"450\" data-attachment-id=\"24185\" data-permalink=\"https:\/\/www.paudalho.pe.gov.br\/portal\/paudalho-encerra-com-maestria-a-154-festa-de-sao-sebastiao\/festa-de-sao-sebastiao-paudalho-03\/\" data-orig-file=\"https:\/\/www.paudalho.pe.gov.br\/portal\/wp-content\/uploads\/2023\/01\/Festa-de-Sao-Sebastiao-Paudalho-03.jpeg\" data-orig-size=\"1024,683\" data-comments-opened=\"1\" data-image-meta=\"{&quot;aperture&quot;:&quot;0&quot;,&quot;credit&quot;:&quot;&quot;,&quot;camera&quot;:&quot;&quot;,&quot;caption&quot;:&quot;&quot;,&quot;created_timestamp&quot;:&quot;0&quot;,&quot;copyright&quot;:&quot;&quot;,&quot;focal_length&quot;:&quot;0&quot;,&quot;iso&quot;:&quot;0&quot;,&quot;shutter_speed&quot;:&quot;0&quot;,&quot;title&quot;:&quot;&quot;,&quot;orientation&quot;:&quot;0&quot;}\" data-image-title=\"Festa-de-Sao-Sebastiao-Paudalho-03\" data-image-description=\"\" data-image-caption=\"\" data-medium-file=\"https:\/\/www.paudalho.pe.gov.br\/portal\/wp-content\/uploads\/2023\/01\/Festa-de-Sao-Sebastiao-Paudalho-03-350x230.jpeg\" data-large-file=\"https:\/\/www.paudalho.pe.gov.br\/portal\/wp-content\/uploads\/2023\/01\/Festa-de-Sao-Sebastiao-Paudalho-03-800x450.jpeg\" src=\"https:\/\/www.paudalho.pe.gov.br\/portal\/wp-content\/uploads\/2023\/01\/Festa-de-Sao-Sebastiao-Paudalho-03-800x450.jpeg\" alt=\"\" class=\"wp-image-24185\"\/><figcaption class=\"wp-element-caption\">Foto: Josu\u00e9 Junior \/ PMP<\/figcaption><\/figure>\n\n\n\n<p>No Polo Cultural, o \u00faltimo dia foi especial. O Mestre Anderson e a Ciranda Raiz da Mata Norte fizeram com que todos se juntassem em uma grande roda de ciranda que durou todo o decorrer das duas horas de show. Depois foi o momento do trio paudalhense Carpinteiro Rabecado com o forr\u00f3 cl\u00e1ssico para os casais dan\u00e7arem juntos. &#8220;Est\u00e1 muito bom. Seguran\u00e7a, policiamento, a diversidade de m\u00fasicas misturando o forr\u00f3, o brega. Sem falar tamb\u00e9m na valoriza\u00e7\u00e3o dos artistas da terra.&#8221; falou o m\u00fasico Lucas Silva, que estava no local apreciando a festa.<\/p>\n\n\n\n<figure class=\"wp-block-image size-large\"><img loading=\"lazy\" decoding=\"async\" width=\"800\" height=\"450\" data-attachment-id=\"24186\" data-permalink=\"https:\/\/www.paudalho.pe.gov.br\/portal\/paudalho-encerra-com-maestria-a-154-festa-de-sao-sebastiao\/festa-de-sao-sebastiao-paudalho-10\/\" data-orig-file=\"https:\/\/www.paudalho.pe.gov.br\/portal\/wp-content\/uploads\/2023\/01\/Festa-de-Sao-Sebastiao-Paudalho-10.jpeg\" data-orig-size=\"1024,683\" data-comments-opened=\"1\" data-image-meta=\"{&quot;aperture&quot;:&quot;0&quot;,&quot;credit&quot;:&quot;&quot;,&quot;camera&quot;:&quot;&quot;,&quot;caption&quot;:&quot;&quot;,&quot;created_timestamp&quot;:&quot;0&quot;,&quot;copyright&quot;:&quot;&quot;,&quot;focal_length&quot;:&quot;0&quot;,&quot;iso&quot;:&quot;0&quot;,&quot;shutter_speed&quot;:&quot;0&quot;,&quot;title&quot;:&quot;&quot;,&quot;orientation&quot;:&quot;0&quot;}\" data-image-title=\"Festa-de-Sao-Sebastiao-Paudalho-10\" data-image-description=\"\" data-image-caption=\"\" data-medium-file=\"https:\/\/www.paudalho.pe.gov.br\/portal\/wp-content\/uploads\/2023\/01\/Festa-de-Sao-Sebastiao-Paudalho-10-350x230.jpeg\" data-large-file=\"https:\/\/www.paudalho.pe.gov.br\/portal\/wp-content\/uploads\/2023\/01\/Festa-de-Sao-Sebastiao-Paudalho-10-800x450.jpeg\" src=\"https:\/\/www.paudalho.pe.gov.br\/portal\/wp-content\/uploads\/2023\/01\/Festa-de-Sao-Sebastiao-Paudalho-10-800x450.jpeg\" alt=\"\" class=\"wp-image-24186\"\/><figcaption class=\"wp-element-caption\">Foto: Josu\u00e9 Junior \/ PMP<\/figcaption><\/figure>\n\n\n\n<p><strong>10 DIAS DE PROGRAMA\u00c7\u00c3O<\/strong><\/p>\n\n\n\n<p>Reunindo um extenso p\u00fablico nos tr\u00eas dias de shows do Polo Principal, o P\u00e1tio do Beira-Rio contou com nove artistas nacionais e regionais, como: banda Sentimentos, Sirano e Sirino, Arreio de Ouro, O Conde S\u00f3 Brega, banda Tropikalia e Rog\u00e9rio Som.<\/p>\n\n\n\n<p>J\u00e1 no Polo Cultural foram 20 atra\u00e7\u00f5es locais que abrilhantaram o palco e trouxeram toda a cultura paudalhense dos mais diversos ritmos desde o primeiro dia de festejo. Entre eles, teve: Zeca Cirandeiro e ciranda popular de Paudalho, Orquestra 100% frevo, Cia de dan\u00e7a Ra\u00edzes da Mastruz, Lito Show, Biu Sanfoneiro e os populares nordestinos, Bloco L\u00edrico Magia L\u00edrica, Banda Ess\u00eancia, Dj Roony Moura e Padre Diego Silva.<\/p>\n\n\n\n<p>&#8220;Todos os anos S\u00e3o Sebasti\u00e3o vem aben\u00e7oando a nossa cidade e esta festa est\u00e1 maravilhosa. Gostaria de agradecer a toda a Secretaria de Cultura que se esfor\u00e7ou para que fosse poss\u00edvel esse dia de hoje, a realiza\u00e7\u00e3o dessa festa. Agradecer tamb\u00e9m ao Padre Artur, a toda a igreja cat\u00f3lica, a cada um que fez com que essa Festa de S\u00e3o Sebasti\u00e3o fosse abrilhantada ao longo desses dias, dessa \u00faltima semana&#8221; comentou o prefeito Marcelo Gouveia.<\/p>\n\n\n\n<figure class=\"wp-block-image size-large\"><img loading=\"lazy\" decoding=\"async\" width=\"800\" height=\"450\" data-attachment-id=\"24187\" data-permalink=\"https:\/\/www.paudalho.pe.gov.br\/portal\/paudalho-encerra-com-maestria-a-154-festa-de-sao-sebastiao\/festa-de-sao-sebastiao-paudalho-02\/\" data-orig-file=\"https:\/\/www.paudalho.pe.gov.br\/portal\/wp-content\/uploads\/2023\/01\/Festa-de-Sao-Sebastiao-Paudalho-02.jpeg\" data-orig-size=\"1024,683\" data-comments-opened=\"1\" data-image-meta=\"{&quot;aperture&quot;:&quot;0&quot;,&quot;credit&quot;:&quot;&quot;,&quot;camera&quot;:&quot;&quot;,&quot;caption&quot;:&quot;&quot;,&quot;created_timestamp&quot;:&quot;0&quot;,&quot;copyright&quot;:&quot;&quot;,&quot;focal_length&quot;:&quot;0&quot;,&quot;iso&quot;:&quot;0&quot;,&quot;shutter_speed&quot;:&quot;0&quot;,&quot;title&quot;:&quot;&quot;,&quot;orientation&quot;:&quot;0&quot;}\" data-image-title=\"Festa-de-Sao-Sebastiao-Paudalho-02\" data-image-description=\"\" data-image-caption=\"\" data-medium-file=\"https:\/\/www.paudalho.pe.gov.br\/portal\/wp-content\/uploads\/2023\/01\/Festa-de-Sao-Sebastiao-Paudalho-02-350x230.jpeg\" data-large-file=\"https:\/\/www.paudalho.pe.gov.br\/portal\/wp-content\/uploads\/2023\/01\/Festa-de-Sao-Sebastiao-Paudalho-02-800x450.jpeg\" src=\"https:\/\/www.paudalho.pe.gov.br\/portal\/wp-content\/uploads\/2023\/01\/Festa-de-Sao-Sebastiao-Paudalho-02-800x450.jpeg\" alt=\"\" class=\"wp-image-24187\"\/><figcaption class=\"wp-element-caption\">Foto: Josu\u00e9 Junior \/ PMP<\/figcaption><\/figure>\n\n\n\n<figure class=\"wp-block-gallery has-nested-images columns-3 is-cropped wp-block-gallery-1 is-layout-flex wp-block-gallery-is-layout-flex\">\n<figure class=\"wp-block-image size-medium\"><img loading=\"lazy\" decoding=\"async\" width=\"350\" height=\"230\" data-attachment-id=\"24188\" data-permalink=\"https:\/\/www.paudalho.pe.gov.br\/portal\/paudalho-encerra-com-maestria-a-154-festa-de-sao-sebastiao\/festa-de-sao-sebastiao-paudalho-01\/\" data-orig-file=\"https:\/\/www.paudalho.pe.gov.br\/portal\/wp-content\/uploads\/2023\/01\/Festa-de-Sao-Sebastiao-Paudalho-01.jpeg\" data-orig-size=\"683,1024\" data-comments-opened=\"1\" data-image-meta=\"{&quot;aperture&quot;:&quot;0&quot;,&quot;credit&quot;:&quot;&quot;,&quot;camera&quot;:&quot;&quot;,&quot;caption&quot;:&quot;&quot;,&quot;created_timestamp&quot;:&quot;0&quot;,&quot;copyright&quot;:&quot;&quot;,&quot;focal_length&quot;:&quot;0&quot;,&quot;iso&quot;:&quot;0&quot;,&quot;shutter_speed&quot;:&quot;0&quot;,&quot;title&quot;:&quot;&quot;,&quot;orientation&quot;:&quot;0&quot;}\" data-image-title=\"Festa-de-Sao-Sebastiao-Paudalho-01\" data-image-description=\"\" data-image-caption=\"\" data-medium-file=\"https:\/\/www.paudalho.pe.gov.br\/portal\/wp-content\/uploads\/2023\/01\/Festa-de-Sao-Sebastiao-Paudalho-01-350x230.jpeg\" data-large-file=\"https:\/\/www.paudalho.pe.gov.br\/portal\/wp-content\/uploads\/2023\/01\/Festa-de-Sao-Sebastiao-Paudalho-01-683x450.jpeg\" data-id=\"24188\" src=\"https:\/\/www.paudalho.pe.gov.br\/portal\/wp-content\/uploads\/2023\/01\/Festa-de-Sao-Sebastiao-Paudalho-01-350x230.jpeg\" alt=\"\" class=\"wp-image-24188\" srcset=\"https:\/\/www.paudalho.pe.gov.br\/portal\/wp-content\/uploads\/2023\/01\/Festa-de-Sao-Sebastiao-Paudalho-01-350x230.jpeg 350w, https:\/\/www.paudalho.pe.gov.br\/portal\/wp-content\/uploads\/2023\/01\/Festa-de-Sao-Sebastiao-Paudalho-01-683x450.jpeg 683w\" sizes=\"auto, (max-width: 350px) 100vw, 350px\" \/><\/figure>\n\n\n\n<figure class=\"wp-block-image size-medium\"><img loading=\"lazy\" decoding=\"async\" width=\"350\" height=\"230\" data-attachment-id=\"24197\" data-permalink=\"https:\/\/www.paudalho.pe.gov.br\/portal\/paudalho-encerra-com-maestria-a-154-festa-de-sao-sebastiao\/festa-de-sao-sebastiao-paudalho-04\/\" data-orig-file=\"https:\/\/www.paudalho.pe.gov.br\/portal\/wp-content\/uploads\/2023\/01\/Festa-de-Sao-Sebastiao-Paudalho-04.jpeg\" data-orig-size=\"683,1024\" data-comments-opened=\"1\" data-image-meta=\"{&quot;aperture&quot;:&quot;0&quot;,&quot;credit&quot;:&quot;&quot;,&quot;camera&quot;:&quot;&quot;,&quot;caption&quot;:&quot;&quot;,&quot;created_timestamp&quot;:&quot;0&quot;,&quot;copyright&quot;:&quot;&quot;,&quot;focal_length&quot;:&quot;0&quot;,&quot;iso&quot;:&quot;0&quot;,&quot;shutter_speed&quot;:&quot;0&quot;,&quot;title&quot;:&quot;&quot;,&quot;orientation&quot;:&quot;0&quot;}\" data-image-title=\"Festa-de-Sao-Sebastiao-Paudalho-04\" data-image-description=\"\" data-image-caption=\"\" data-medium-file=\"https:\/\/www.paudalho.pe.gov.br\/portal\/wp-content\/uploads\/2023\/01\/Festa-de-Sao-Sebastiao-Paudalho-04-350x230.jpeg\" data-large-file=\"https:\/\/www.paudalho.pe.gov.br\/portal\/wp-content\/uploads\/2023\/01\/Festa-de-Sao-Sebastiao-Paudalho-04-683x450.jpeg\" data-id=\"24197\" src=\"https:\/\/www.paudalho.pe.gov.br\/portal\/wp-content\/uploads\/2023\/01\/Festa-de-Sao-Sebastiao-Paudalho-04-350x230.jpeg\" alt=\"\" class=\"wp-image-24197\" srcset=\"https:\/\/www.paudalho.pe.gov.br\/portal\/wp-content\/uploads\/2023\/01\/Festa-de-Sao-Sebastiao-Paudalho-04-350x230.jpeg 350w, https:\/\/www.paudalho.pe.gov.br\/portal\/wp-content\/uploads\/2023\/01\/Festa-de-Sao-Sebastiao-Paudalho-04-683x450.jpeg 683w\" sizes=\"auto, (max-width: 350px) 100vw, 350px\" \/><\/figure>\n\n\n\n<figure class=\"wp-block-image size-medium\"><img loading=\"lazy\" decoding=\"async\" width=\"350\" height=\"230\" data-attachment-id=\"24195\" data-permalink=\"https:\/\/www.paudalho.pe.gov.br\/portal\/paudalho-encerra-com-maestria-a-154-festa-de-sao-sebastiao\/festa-de-sao-sebastiao-paudalho-05\/\" data-orig-file=\"https:\/\/www.paudalho.pe.gov.br\/portal\/wp-content\/uploads\/2023\/01\/Festa-de-Sao-Sebastiao-Paudalho-05.jpeg\" data-orig-size=\"683,1024\" data-comments-opened=\"1\" data-image-meta=\"{&quot;aperture&quot;:&quot;0&quot;,&quot;credit&quot;:&quot;&quot;,&quot;camera&quot;:&quot;&quot;,&quot;caption&quot;:&quot;&quot;,&quot;created_timestamp&quot;:&quot;0&quot;,&quot;copyright&quot;:&quot;&quot;,&quot;focal_length&quot;:&quot;0&quot;,&quot;iso&quot;:&quot;0&quot;,&quot;shutter_speed&quot;:&quot;0&quot;,&quot;title&quot;:&quot;&quot;,&quot;orientation&quot;:&quot;0&quot;}\" data-image-title=\"Festa-de-Sao-Sebastiao-Paudalho-05\" data-image-description=\"\" data-image-caption=\"\" data-medium-file=\"https:\/\/www.paudalho.pe.gov.br\/portal\/wp-content\/uploads\/2023\/01\/Festa-de-Sao-Sebastiao-Paudalho-05-350x230.jpeg\" data-large-file=\"https:\/\/www.paudalho.pe.gov.br\/portal\/wp-content\/uploads\/2023\/01\/Festa-de-Sao-Sebastiao-Paudalho-05-683x450.jpeg\" data-id=\"24195\" src=\"https:\/\/www.paudalho.pe.gov.br\/portal\/wp-content\/uploads\/2023\/01\/Festa-de-Sao-Sebastiao-Paudalho-05-350x230.jpeg\" alt=\"\" class=\"wp-image-24195\" srcset=\"https:\/\/www.paudalho.pe.gov.br\/portal\/wp-content\/uploads\/2023\/01\/Festa-de-Sao-Sebastiao-Paudalho-05-350x230.jpeg 350w, https:\/\/www.paudalho.pe.gov.br\/portal\/wp-content\/uploads\/2023\/01\/Festa-de-Sao-Sebastiao-Paudalho-05-683x450.jpeg 683w\" sizes=\"auto, (max-width: 350px) 100vw, 350px\" \/><\/figure>\n\n\n\n<figure class=\"wp-block-image size-medium\"><img loading=\"lazy\" decoding=\"async\" width=\"350\" height=\"230\" data-attachment-id=\"24196\" data-permalink=\"https:\/\/www.paudalho.pe.gov.br\/portal\/paudalho-encerra-com-maestria-a-154-festa-de-sao-sebastiao\/festa-de-sao-sebastiao-paudalho-06\/\" data-orig-file=\"https:\/\/www.paudalho.pe.gov.br\/portal\/wp-content\/uploads\/2023\/01\/Festa-de-Sao-Sebastiao-Paudalho-06.jpeg\" data-orig-size=\"683,1024\" data-comments-opened=\"1\" data-image-meta=\"{&quot;aperture&quot;:&quot;0&quot;,&quot;credit&quot;:&quot;&quot;,&quot;camera&quot;:&quot;&quot;,&quot;caption&quot;:&quot;&quot;,&quot;created_timestamp&quot;:&quot;0&quot;,&quot;copyright&quot;:&quot;&quot;,&quot;focal_length&quot;:&quot;0&quot;,&quot;iso&quot;:&quot;0&quot;,&quot;shutter_speed&quot;:&quot;0&quot;,&quot;title&quot;:&quot;&quot;,&quot;orientation&quot;:&quot;0&quot;}\" data-image-title=\"Festa-de-Sao-Sebastiao-Paudalho-06\" data-image-description=\"\" data-image-caption=\"\" data-medium-file=\"https:\/\/www.paudalho.pe.gov.br\/portal\/wp-content\/uploads\/2023\/01\/Festa-de-Sao-Sebastiao-Paudalho-06-350x230.jpeg\" data-large-file=\"https:\/\/www.paudalho.pe.gov.br\/portal\/wp-content\/uploads\/2023\/01\/Festa-de-Sao-Sebastiao-Paudalho-06-683x450.jpeg\" data-id=\"24196\" src=\"https:\/\/www.paudalho.pe.gov.br\/portal\/wp-content\/uploads\/2023\/01\/Festa-de-Sao-Sebastiao-Paudalho-06-350x230.jpeg\" alt=\"\" class=\"wp-image-24196\" srcset=\"https:\/\/www.paudalho.pe.gov.br\/portal\/wp-content\/uploads\/2023\/01\/Festa-de-Sao-Sebastiao-Paudalho-06-350x230.jpeg 350w, https:\/\/www.paudalho.pe.gov.br\/portal\/wp-content\/uploads\/2023\/01\/Festa-de-Sao-Sebastiao-Paudalho-06-683x450.jpeg 683w\" sizes=\"auto, (max-width: 350px) 100vw, 350px\" \/><\/figure>\n\n\n\n<figure class=\"wp-block-image size-medium\"><img loading=\"lazy\" decoding=\"async\" width=\"350\" height=\"230\" data-attachment-id=\"24192\" data-permalink=\"https:\/\/www.paudalho.pe.gov.br\/portal\/paudalho-encerra-com-maestria-a-154-festa-de-sao-sebastiao\/festa-de-sao-sebastiao-paudalho-07\/\" data-orig-file=\"https:\/\/www.paudalho.pe.gov.br\/portal\/wp-content\/uploads\/2023\/01\/Festa-de-Sao-Sebastiao-Paudalho-07.jpeg\" data-orig-size=\"683,1024\" data-comments-opened=\"1\" data-image-meta=\"{&quot;aperture&quot;:&quot;0&quot;,&quot;credit&quot;:&quot;&quot;,&quot;camera&quot;:&quot;&quot;,&quot;caption&quot;:&quot;&quot;,&quot;created_timestamp&quot;:&quot;0&quot;,&quot;copyright&quot;:&quot;&quot;,&quot;focal_length&quot;:&quot;0&quot;,&quot;iso&quot;:&quot;0&quot;,&quot;shutter_speed&quot;:&quot;0&quot;,&quot;title&quot;:&quot;&quot;,&quot;orientation&quot;:&quot;0&quot;}\" data-image-title=\"Festa-de-Sao-Sebastiao-Paudalho-07\" data-image-description=\"\" data-image-caption=\"\" data-medium-file=\"https:\/\/www.paudalho.pe.gov.br\/portal\/wp-content\/uploads\/2023\/01\/Festa-de-Sao-Sebastiao-Paudalho-07-350x230.jpeg\" data-large-file=\"https:\/\/www.paudalho.pe.gov.br\/portal\/wp-content\/uploads\/2023\/01\/Festa-de-Sao-Sebastiao-Paudalho-07-683x450.jpeg\" data-id=\"24192\" src=\"https:\/\/www.paudalho.pe.gov.br\/portal\/wp-content\/uploads\/2023\/01\/Festa-de-Sao-Sebastiao-Paudalho-07-350x230.jpeg\" alt=\"\" class=\"wp-image-24192\" srcset=\"https:\/\/www.paudalho.pe.gov.br\/portal\/wp-content\/uploads\/2023\/01\/Festa-de-Sao-Sebastiao-Paudalho-07-350x230.jpeg 350w, https:\/\/www.paudalho.pe.gov.br\/portal\/wp-content\/uploads\/2023\/01\/Festa-de-Sao-Sebastiao-Paudalho-07-683x450.jpeg 683w\" sizes=\"auto, (max-width: 350px) 100vw, 350px\" \/><\/figure>\n\n\n\n<figure class=\"wp-block-image size-medium\"><img loading=\"lazy\" decoding=\"async\" width=\"350\" height=\"230\" data-attachment-id=\"24191\" data-permalink=\"https:\/\/www.paudalho.pe.gov.br\/portal\/paudalho-encerra-com-maestria-a-154-festa-de-sao-sebastiao\/festa-de-sao-sebastiao-paudalho-08\/\" data-orig-file=\"https:\/\/www.paudalho.pe.gov.br\/portal\/wp-content\/uploads\/2023\/01\/Festa-de-Sao-Sebastiao-Paudalho-08.jpeg\" data-orig-size=\"683,1024\" data-comments-opened=\"1\" data-image-meta=\"{&quot;aperture&quot;:&quot;0&quot;,&quot;credit&quot;:&quot;&quot;,&quot;camera&quot;:&quot;&quot;,&quot;caption&quot;:&quot;&quot;,&quot;created_timestamp&quot;:&quot;0&quot;,&quot;copyright&quot;:&quot;&quot;,&quot;focal_length&quot;:&quot;0&quot;,&quot;iso&quot;:&quot;0&quot;,&quot;shutter_speed&quot;:&quot;0&quot;,&quot;title&quot;:&quot;&quot;,&quot;orientation&quot;:&quot;0&quot;}\" data-image-title=\"Festa-de-Sao-Sebastiao-Paudalho-08\" data-image-description=\"\" data-image-caption=\"\" data-medium-file=\"https:\/\/www.paudalho.pe.gov.br\/portal\/wp-content\/uploads\/2023\/01\/Festa-de-Sao-Sebastiao-Paudalho-08-350x230.jpeg\" data-large-file=\"https:\/\/www.paudalho.pe.gov.br\/portal\/wp-content\/uploads\/2023\/01\/Festa-de-Sao-Sebastiao-Paudalho-08-683x450.jpeg\" data-id=\"24191\" src=\"https:\/\/www.paudalho.pe.gov.br\/portal\/wp-content\/uploads\/2023\/01\/Festa-de-Sao-Sebastiao-Paudalho-08-350x230.jpeg\" alt=\"\" class=\"wp-image-24191\" srcset=\"https:\/\/www.paudalho.pe.gov.br\/portal\/wp-content\/uploads\/2023\/01\/Festa-de-Sao-Sebastiao-Paudalho-08-350x230.jpeg 350w, https:\/\/www.paudalho.pe.gov.br\/portal\/wp-content\/uploads\/2023\/01\/Festa-de-Sao-Sebastiao-Paudalho-08-683x450.jpeg 683w\" sizes=\"auto, (max-width: 350px) 100vw, 350px\" \/><\/figure>\n\n\n\n<figure class=\"wp-block-image size-medium\"><img loading=\"lazy\" decoding=\"async\" width=\"350\" height=\"230\" data-attachment-id=\"24194\" data-permalink=\"https:\/\/www.paudalho.pe.gov.br\/portal\/paudalho-encerra-com-maestria-a-154-festa-de-sao-sebastiao\/festa-de-sao-sebastiao-paudalho-09\/\" data-orig-file=\"https:\/\/www.paudalho.pe.gov.br\/portal\/wp-content\/uploads\/2023\/01\/Festa-de-Sao-Sebastiao-Paudalho-09.jpeg\" data-orig-size=\"1024,683\" data-comments-opened=\"1\" data-image-meta=\"{&quot;aperture&quot;:&quot;0&quot;,&quot;credit&quot;:&quot;&quot;,&quot;camera&quot;:&quot;&quot;,&quot;caption&quot;:&quot;&quot;,&quot;created_timestamp&quot;:&quot;0&quot;,&quot;copyright&quot;:&quot;&quot;,&quot;focal_length&quot;:&quot;0&quot;,&quot;iso&quot;:&quot;0&quot;,&quot;shutter_speed&quot;:&quot;0&quot;,&quot;title&quot;:&quot;&quot;,&quot;orientation&quot;:&quot;0&quot;}\" data-image-title=\"Festa-de-Sao-Sebastiao-Paudalho-09\" data-image-description=\"\" data-image-caption=\"\" data-medium-file=\"https:\/\/www.paudalho.pe.gov.br\/portal\/wp-content\/uploads\/2023\/01\/Festa-de-Sao-Sebastiao-Paudalho-09-350x230.jpeg\" data-large-file=\"https:\/\/www.paudalho.pe.gov.br\/portal\/wp-content\/uploads\/2023\/01\/Festa-de-Sao-Sebastiao-Paudalho-09-800x450.jpeg\" data-id=\"24194\" src=\"https:\/\/www.paudalho.pe.gov.br\/portal\/wp-content\/uploads\/2023\/01\/Festa-de-Sao-Sebastiao-Paudalho-09-350x230.jpeg\" alt=\"\" class=\"wp-image-24194\"\/><\/figure>\n\n\n\n<figure class=\"wp-block-image size-medium\"><img loading=\"lazy\" decoding=\"async\" width=\"350\" height=\"230\" data-attachment-id=\"24193\" data-permalink=\"https:\/\/www.paudalho.pe.gov.br\/portal\/paudalho-encerra-com-maestria-a-154-festa-de-sao-sebastiao\/festa-de-sao-sebastiao-paudalho-11\/\" data-orig-file=\"https:\/\/www.paudalho.pe.gov.br\/portal\/wp-content\/uploads\/2023\/01\/Festa-de-Sao-Sebastiao-Paudalho-11.jpeg\" data-orig-size=\"1024,683\" data-comments-opened=\"1\" data-image-meta=\"{&quot;aperture&quot;:&quot;0&quot;,&quot;credit&quot;:&quot;&quot;,&quot;camera&quot;:&quot;&quot;,&quot;caption&quot;:&quot;&quot;,&quot;created_timestamp&quot;:&quot;0&quot;,&quot;copyright&quot;:&quot;&quot;,&quot;focal_length&quot;:&quot;0&quot;,&quot;iso&quot;:&quot;0&quot;,&quot;shutter_speed&quot;:&quot;0&quot;,&quot;title&quot;:&quot;&quot;,&quot;orientation&quot;:&quot;0&quot;}\" data-image-title=\"Festa-de-Sao-Sebastiao-Paudalho-11\" data-image-description=\"\" data-image-caption=\"\" data-medium-file=\"https:\/\/www.paudalho.pe.gov.br\/portal\/wp-content\/uploads\/2023\/01\/Festa-de-Sao-Sebastiao-Paudalho-11-350x230.jpeg\" data-large-file=\"https:\/\/www.paudalho.pe.gov.br\/portal\/wp-content\/uploads\/2023\/01\/Festa-de-Sao-Sebastiao-Paudalho-11-800x450.jpeg\" data-id=\"24193\" src=\"https:\/\/www.paudalho.pe.gov.br\/portal\/wp-content\/uploads\/2023\/01\/Festa-de-Sao-Sebastiao-Paudalho-11-350x230.jpeg\" alt=\"\" class=\"wp-image-24193\"\/><\/figure>\n\n\n\n<figure class=\"wp-block-image size-medium\"><img loading=\"lazy\" decoding=\"async\" width=\"350\" height=\"230\" data-attachment-id=\"24199\" data-permalink=\"https:\/\/www.paudalho.pe.gov.br\/portal\/paudalho-encerra-com-maestria-a-154-festa-de-sao-sebastiao\/festa-de-sao-sebastiao-paudalho-13\/\" data-orig-file=\"https:\/\/www.paudalho.pe.gov.br\/portal\/wp-content\/uploads\/2023\/01\/Festa-de-Sao-Sebastiao-Paudalho-13.jpeg\" data-orig-size=\"1600,1200\" data-comments-opened=\"1\" data-image-meta=\"{&quot;aperture&quot;:&quot;0&quot;,&quot;credit&quot;:&quot;&quot;,&quot;camera&quot;:&quot;&quot;,&quot;caption&quot;:&quot;&quot;,&quot;created_timestamp&quot;:&quot;0&quot;,&quot;copyright&quot;:&quot;&quot;,&quot;focal_length&quot;:&quot;0&quot;,&quot;iso&quot;:&quot;0&quot;,&quot;shutter_speed&quot;:&quot;0&quot;,&quot;title&quot;:&quot;&quot;,&quot;orientation&quot;:&quot;0&quot;}\" data-image-title=\"Festa-de-Sao-Sebastiao-Paudalho-13\" data-image-description=\"\" data-image-caption=\"\" data-medium-file=\"https:\/\/www.paudalho.pe.gov.br\/portal\/wp-content\/uploads\/2023\/01\/Festa-de-Sao-Sebastiao-Paudalho-13-350x230.jpeg\" data-large-file=\"https:\/\/www.paudalho.pe.gov.br\/portal\/wp-content\/uploads\/2023\/01\/Festa-de-Sao-Sebastiao-Paudalho-13-800x450.jpeg\" data-id=\"24199\" src=\"https:\/\/www.paudalho.pe.gov.br\/portal\/wp-content\/uploads\/2023\/01\/Festa-de-Sao-Sebastiao-Paudalho-13-350x230.jpeg\" alt=\"\" class=\"wp-image-24199\"\/><\/figure>\n<\/figure>\n","protected":false},"excerpt":{"rendered":"<p>Quanto tempo leva pra fazer hist\u00f3ria? Para a 154\u00b0 Festa de S\u00e3o Sebasti\u00e3o de Paudalho, foi preciso apenas de 10 dias. Desde a sexta-feira (13) at\u00e9 o domingo (22) o munic\u00edpio foi totalmente preenchido pela tradi\u00e7\u00e3o atrav\u00e9s de dois polos em duas \u00e1reas distintas da cidade. No \u00faltimo dia de festividades, o Polo Principal, no [&hellip;]<\/p>\n","protected":false},"author":11,"featured_media":24184,"comment_status":"open","ping_status":"open","sticky":false,"template":"","format":"standard","meta":{"_jetpack_newsletter_access":"","_jetpack_dont_email_post_to_subs":false,"_jetpack_newsletter_tier_id":0,"_jetpack_memberships_contains_paywalled_content":false,"_jetpack_memberships_contains_paid_content":false,"footnotes":""},"categories":[6,2],"tags":[1092,223,238],"class_list":["post-24183","post","type-post","status-publish","format-standard","has-post-thumbnail","hentry","category-cultura","category-destaque","tag-154o-festa-de-sao-sebastiao","tag-festa-de-sao-sebastiao","tag-secretaria-de-cultura-e-turismo"],"jetpack_featured_media_url":"https:\/\/www.paudalho.pe.gov.br\/portal\/wp-content\/uploads\/2023\/01\/Festa-de-Sao-Sebastiao-Paudalho-12.jpeg","jetpack_sharing_enabled":true,"jetpack_shortlink":"https:\/\/wp.me\/p98mS2-6i3","_links":{"self":[{"href":"https:\/\/www.paudalho.pe.gov.br\/portal\/wp-json\/wp\/v2\/posts\/24183","targetHints":{"allow":["GET"]}}],"collection":[{"href":"https:\/\/www.paudalho.pe.gov.br\/portal\/wp-json\/wp\/v2\/posts"}],"about":[{"href":"https:\/\/www.paudalho.pe.gov.br\/portal\/wp-json\/wp\/v2\/types\/post"}],"author":[{"embeddable":true,"href":"https:\/\/www.paudalho.pe.gov.br\/portal\/wp-json\/wp\/v2\/users\/11"}],"replies":[{"embeddable":true,"href":"https:\/\/www.paudalho.pe.gov.br\/portal\/wp-json\/wp\/v2\/comments?post=24183"}],"version-history":[{"count":1,"href":"https:\/\/www.paudalho.pe.gov.br\/portal\/wp-json\/wp\/v2\/posts\/24183\/revisions"}],"predecessor-version":[{"id":24201,"href":"https:\/\/www.paudalho.pe.gov.br\/portal\/wp-json\/wp\/v2\/posts\/24183\/revisions\/24201"}],"wp:featuredmedia":[{"embeddable":true,"href":"https:\/\/www.paudalho.pe.gov.br\/portal\/wp-json\/wp\/v2\/media\/24184"}],"wp:attachment":[{"href":"https:\/\/www.paudalho.pe.gov.br\/portal\/wp-json\/wp\/v2\/media?parent=24183"}],"wp:term":[{"taxonomy":"category","embeddable":true,"href":"https:\/\/www.paudalho.pe.gov.br\/portal\/wp-json\/wp\/v2\/categories?post=24183"},{"taxonomy":"post_tag","embeddable":true,"href":"https:\/\/www.paudalho.pe.gov.br\/portal\/wp-json\/wp\/v2\/tags?post=24183"}],"curies":[{"name":"wp","href":"https:\/\/api.w.org\/{rel}","templated":true}]}}