{"id":24177,"date":"2023-01-22T13:00:20","date_gmt":"2023-01-22T16:00:20","guid":{"rendered":"https:\/\/www.paudalho.pe.gov.br\/portal\/?p=24177"},"modified":"2025-01-08T00:39:01","modified_gmt":"2025-01-08T03:39:01","slug":"banda-tropikalia-rogerio-som-e-juarez-animam-a-segunda-noite-da-festa-de-sao-sebastiao","status":"publish","type":"post","link":"https:\/\/www.paudalho.pe.gov.br\/portal\/banda-tropikalia-rogerio-som-e-juarez-animam-a-segunda-noite-da-festa-de-sao-sebastiao\/","title":{"rendered":"Banda Tropikalia, Rog\u00e9rio Som e Juarez animam a segunda noite da Festa de S\u00e3o Sebasti\u00e3o"},"content":{"rendered":"\n<p>A 154\u00b0 Festa de S\u00e3o Sebasti\u00e3o de Paudalho continua com shows nos dois Polos espalhados pelo munic\u00edpio. Neste s\u00e1bado (22), o segundo dia de apresenta\u00e7\u00f5es no Polo Principal, no Beira Rio, Centro de Paudalho, reuniu um extenso p\u00fablico de paudalhenses e de pessoas vindas de toda Zona Mata Norte.<\/p>\n\n\n\n<p>Com oito meses de carreira solo, ap\u00f3s sua sa\u00edda da banda Magn\u00edficos, Juarez foi a primeira atra\u00e7\u00e3o a subir no palco, cantando um repert\u00f3rio de m\u00fasicas de sua trajet\u00f3ria na banda, al\u00e9m de suas m\u00fasicas lan\u00e7adas como solista. Em seguida, o artista Rog\u00e9rio Som se apresentou tocando uma sele\u00e7\u00e3o de sucessos, colocando todo o p\u00fablico para dan\u00e7ar. &#8220;As festas de Paudalho sempre s\u00e3o muito boas. Paudalho gosta de brega, e a\u00ed est\u00e1 Rogerio Som pra o povo dan\u00e7ar e se acabar no brega&#8221; comentou a paudalhense Rayane, instantes antes da apresenta\u00e7\u00e3o do cantor. Para concluir a noite, a Banda Tropikalia finalizou com chave de ouro em um show do que tem de melhor do forr\u00f3 rom\u00e2ntico.<\/p>\n\n\n\n<figure class=\"wp-block-image size-large\"><img loading=\"lazy\" decoding=\"async\" width=\"800\" height=\"450\" data-attachment-id=\"24178\" data-permalink=\"https:\/\/www.paudalho.pe.gov.br\/portal\/banda-tropikalia-rogerio-som-e-juarez-animam-a-segunda-noite-da-festa-de-sao-sebastiao\/154-festa-de-sao-sebastiao-06\/\" data-orig-file=\"https:\/\/www.paudalho.pe.gov.br\/portal\/wp-content\/uploads\/2023\/01\/154-Festa-de-Sao-Sebastiao-06.jpeg\" data-orig-size=\"1024,683\" data-comments-opened=\"1\" data-image-meta=\"{&quot;aperture&quot;:&quot;0&quot;,&quot;credit&quot;:&quot;&quot;,&quot;camera&quot;:&quot;&quot;,&quot;caption&quot;:&quot;&quot;,&quot;created_timestamp&quot;:&quot;0&quot;,&quot;copyright&quot;:&quot;&quot;,&quot;focal_length&quot;:&quot;0&quot;,&quot;iso&quot;:&quot;0&quot;,&quot;shutter_speed&quot;:&quot;0&quot;,&quot;title&quot;:&quot;&quot;,&quot;orientation&quot;:&quot;0&quot;}\" data-image-title=\"154-Festa-de-Sao-Sebastiao-06\" data-image-description=\"\" data-image-caption=\"\" data-medium-file=\"https:\/\/www.paudalho.pe.gov.br\/portal\/wp-content\/uploads\/2023\/01\/154-Festa-de-Sao-Sebastiao-06-350x230.jpeg\" data-large-file=\"https:\/\/www.paudalho.pe.gov.br\/portal\/wp-content\/uploads\/2023\/01\/154-Festa-de-Sao-Sebastiao-06-800x450.jpeg\" src=\"https:\/\/www.paudalho.pe.gov.br\/portal\/wp-content\/uploads\/2023\/01\/154-Festa-de-Sao-Sebastiao-06-800x450.jpeg\" alt=\"\" class=\"wp-image-24178\"\/><figcaption class=\"wp-element-caption\">Juarez no Polo Principal. Foto: Josu\u00e9 Junior \/ PMP<\/figcaption><\/figure>\n\n\n\n<p>HOMENAGEM AO M\u00c1RTIR<\/p>\n\n\n\n<p>Trazendo um espet\u00e1culo de f\u00e9 e devo\u00e7\u00e3o, no Polo Cultural houve um show religioso com o Padre Diego Silva, que emocionou a quem estava assistindo, logo ap\u00f3s a missa que celebrou o Santo, na Igreja de S\u00e3o Sebasti\u00e3o. &#8220;Eu sou de Carpina e sempre venho para as festas em Paudalho. Povo bonito, gente animada, seguran\u00e7a, \u00e9 tudo de bom.&#8221; comentou o visitante Junior.<\/p>\n\n\n\n<figure class=\"wp-block-image size-large\"><img loading=\"lazy\" decoding=\"async\" width=\"800\" height=\"450\" data-attachment-id=\"24179\" data-permalink=\"https:\/\/www.paudalho.pe.gov.br\/portal\/banda-tropikalia-rogerio-som-e-juarez-animam-a-segunda-noite-da-festa-de-sao-sebastiao\/154-festa-de-sao-sebastiao-08\/\" data-orig-file=\"https:\/\/www.paudalho.pe.gov.br\/portal\/wp-content\/uploads\/2023\/01\/154-Festa-de-Sao-Sebastiao-08.jpeg\" data-orig-size=\"1024,683\" data-comments-opened=\"1\" data-image-meta=\"{&quot;aperture&quot;:&quot;0&quot;,&quot;credit&quot;:&quot;&quot;,&quot;camera&quot;:&quot;&quot;,&quot;caption&quot;:&quot;&quot;,&quot;created_timestamp&quot;:&quot;0&quot;,&quot;copyright&quot;:&quot;&quot;,&quot;focal_length&quot;:&quot;0&quot;,&quot;iso&quot;:&quot;0&quot;,&quot;shutter_speed&quot;:&quot;0&quot;,&quot;title&quot;:&quot;&quot;,&quot;orientation&quot;:&quot;0&quot;}\" data-image-title=\"154-Festa-de-Sao-Sebastiao-08\" data-image-description=\"\" data-image-caption=\"\" data-medium-file=\"https:\/\/www.paudalho.pe.gov.br\/portal\/wp-content\/uploads\/2023\/01\/154-Festa-de-Sao-Sebastiao-08-350x230.jpeg\" data-large-file=\"https:\/\/www.paudalho.pe.gov.br\/portal\/wp-content\/uploads\/2023\/01\/154-Festa-de-Sao-Sebastiao-08-800x450.jpeg\" src=\"https:\/\/www.paudalho.pe.gov.br\/portal\/wp-content\/uploads\/2023\/01\/154-Festa-de-Sao-Sebastiao-08-800x450.jpeg\" alt=\"\" class=\"wp-image-24179\"\/><figcaption class=\"wp-element-caption\">Padre Diego Silva no Polo Cultural. Foto: Josu\u00e9 Junior \/ PMP<\/figcaption><\/figure>\n\n\n\n<p>\u00daLTIMO DIA<\/p>\n\n\n\n<p>Depois de 10 dias de festa, o domingo (23) ser\u00e1 a data final da 154\u00b0 Festa de S\u00e3o Sebasti\u00e3o. Nos shows do Polo Principal, que come\u00e7am a partir das 21h, se apresentam Fagner e Amandinha, O Conde S\u00f3 Brega e Arreio de Ouro terminam a programa\u00e7\u00e3o 2023. No Polo Cultural, as atra\u00e7\u00f5es s\u00e3o Carpinteiro Rabecado e o Mestre Anderson e a Ciranda Raiz da Mata Norte.<\/p>\n","protected":false},"excerpt":{"rendered":"<p>A 154\u00b0 Festa de S\u00e3o Sebasti\u00e3o de Paudalho continua com shows nos dois Polos espalhados pelo munic\u00edpio. Neste s\u00e1bado (22), o segundo dia de apresenta\u00e7\u00f5es no Polo Principal, no Beira Rio, Centro de Paudalho, reuniu um extenso p\u00fablico de paudalhenses e de pessoas vindas de toda Zona Mata Norte. Com oito meses de carreira solo, [&hellip;]<\/p>\n","protected":false},"author":11,"featured_media":24180,"comment_status":"open","ping_status":"open","sticky":false,"template":"","format":"standard","meta":{"_jetpack_newsletter_access":"","_jetpack_dont_email_post_to_subs":false,"_jetpack_newsletter_tier_id":0,"_jetpack_memberships_contains_paywalled_content":false,"_jetpack_memberships_contains_paid_content":false,"footnotes":""},"categories":[6,2,1],"tags":[1092,223],"class_list":["post-24177","post","type-post","status-publish","format-standard","has-post-thumbnail","hentry","category-cultura","category-destaque","category-noticias","tag-154o-festa-de-sao-sebastiao","tag-festa-de-sao-sebastiao"],"jetpack_featured_media_url":"https:\/\/www.paudalho.pe.gov.br\/portal\/wp-content\/uploads\/2023\/01\/154-Festa-de-Sao-Sebastiao-10.jpeg","jetpack_sharing_enabled":true,"jetpack_shortlink":"https:\/\/wp.me\/p98mS2-6hX","_links":{"self":[{"href":"https:\/\/www.paudalho.pe.gov.br\/portal\/wp-json\/wp\/v2\/posts\/24177","targetHints":{"allow":["GET"]}}],"collection":[{"href":"https:\/\/www.paudalho.pe.gov.br\/portal\/wp-json\/wp\/v2\/posts"}],"about":[{"href":"https:\/\/www.paudalho.pe.gov.br\/portal\/wp-json\/wp\/v2\/types\/post"}],"author":[{"embeddable":true,"href":"https:\/\/www.paudalho.pe.gov.br\/portal\/wp-json\/wp\/v2\/users\/11"}],"replies":[{"embeddable":true,"href":"https:\/\/www.paudalho.pe.gov.br\/portal\/wp-json\/wp\/v2\/comments?post=24177"}],"version-history":[{"count":1,"href":"https:\/\/www.paudalho.pe.gov.br\/portal\/wp-json\/wp\/v2\/posts\/24177\/revisions"}],"predecessor-version":[{"id":24181,"href":"https:\/\/www.paudalho.pe.gov.br\/portal\/wp-json\/wp\/v2\/posts\/24177\/revisions\/24181"}],"wp:featuredmedia":[{"embeddable":true,"href":"https:\/\/www.paudalho.pe.gov.br\/portal\/wp-json\/wp\/v2\/media\/24180"}],"wp:attachment":[{"href":"https:\/\/www.paudalho.pe.gov.br\/portal\/wp-json\/wp\/v2\/media?parent=24177"}],"wp:term":[{"taxonomy":"category","embeddable":true,"href":"https:\/\/www.paudalho.pe.gov.br\/portal\/wp-json\/wp\/v2\/categories?post=24177"},{"taxonomy":"post_tag","embeddable":true,"href":"https:\/\/www.paudalho.pe.gov.br\/portal\/wp-json\/wp\/v2\/tags?post=24177"}],"curies":[{"name":"wp","href":"https:\/\/api.w.org\/{rel}","templated":true}]}}