{"id":2417,"date":"2018-01-23T15:53:16","date_gmt":"2018-01-23T18:53:16","guid":{"rendered":"http:\/\/www.paudalho.pe.gov.br\/portal\/?p=2417"},"modified":"2018-01-23T15:55:32","modified_gmt":"2018-01-23T18:55:32","slug":"janeiro-branco-ubs-da-primavera-i-realiza-atividade-voltada-a-saude-mental","status":"publish","type":"post","link":"https:\/\/www.paudalho.pe.gov.br\/portal\/janeiro-branco-ubs-da-primavera-i-realiza-atividade-voltada-a-saude-mental\/","title":{"rendered":"Janeiro Branco: UBS da Primavera I realiza atividade voltada \u00e0 sa\u00fade mental"},"content":{"rendered":"<p>Segundo dados de um relat\u00f3rio global sobre transtornos mentais publicados pela Organiza\u00e7\u00e3o Mundial da Sa\u00fade (OMS), o Brasil est\u00e1 em primeiro lugar no ranking latino-americano de depress\u00e3o e em quinta posi\u00e7\u00e3o no mundial. No pa\u00eds, a doen\u00e7a atinge cerca de 11,5 milh\u00f5es de pessoas.<\/p>\n<p>E com o objetivo de combater e trazer informa\u00e7\u00f5es, a Unidade B\u00e1sica de Sa\u00fade da Primavera I realizou nesta segunda-feira (22) uma atividade voltada ao \u201cJaneiro Branco\u201d, m\u00eas dedicado \u00e0 cultura da sa\u00fade mental. A programa\u00e7\u00e3o come\u00e7ou \u00e0s 8h30 e seguiu at\u00e9 \u00e0s 12h com palestras e informa\u00e7\u00e3o na unidade.<\/p>\n<p>Para a psic\u00f3loga da Rede Municipal de Sa\u00fade, Milena Batista, \u00e9 importante o compartilhamento das dificuldades. \u201cPara espantar a tristeza sem fim da rotina, \u00e9 importante gerenciar o estresse e compartilhar as dificuldades do dia a dia. Ler, aprender coisas novas, fazer hobbies e se divertir ajudam a manter a cabe\u00e7a ativa e livre de pensamentos negativos ou preocupa\u00e7\u00f5es excessivas. O otimismo, ladeado de bom-senso, assegura o bem-estar emocional\u201d, detalhou.<\/p>\n<p>J\u00e1 a enfermeira, Nath\u00e1lia Melo, explicou a import\u00e2ncia de analisar os sintomas e o sinais precocemente. Segundo ela, a Unidade B\u00e1sica de Sa\u00fade est\u00e1 pronta para atender o p\u00fablico com a psic\u00f3loga Priscila Feliciano. Ela ainda destacou que se houver a necessidade, o paciente ser\u00e1 direcionado a outros profissionais. O Munic\u00edpio conta com o apoio do Centro de Aten\u00e7\u00e3o Psicol\u00f3gica (CAPS).<\/p>\n<p><img loading=\"lazy\" decoding=\"async\" data-attachment-id=\"2420\" data-permalink=\"https:\/\/www.paudalho.pe.gov.br\/portal\/janeiro-branco-ubs-da-primavera-i-realiza-atividade-voltada-a-saude-mental\/e2cfb9c4-1e4c-4ba4-8f6d-02821f4e963c\/\" data-orig-file=\"https:\/\/www.paudalho.pe.gov.br\/portal\/wp-content\/uploads\/2018\/01\/e2cfb9c4-1e4c-4ba4-8f6d-02821f4e963c.jpg\" data-orig-size=\"1280,962\" data-comments-opened=\"1\" data-image-meta=\"{&quot;aperture&quot;:&quot;0&quot;,&quot;credit&quot;:&quot;&quot;,&quot;camera&quot;:&quot;&quot;,&quot;caption&quot;:&quot;&quot;,&quot;created_timestamp&quot;:&quot;0&quot;,&quot;copyright&quot;:&quot;&quot;,&quot;focal_length&quot;:&quot;0&quot;,&quot;iso&quot;:&quot;0&quot;,&quot;shutter_speed&quot;:&quot;0&quot;,&quot;title&quot;:&quot;&quot;,&quot;orientation&quot;:&quot;0&quot;}\" data-image-title=\"e2cfb9c4-1e4c-4ba4-8f6d-02821f4e963c\" data-image-description=\"\" data-image-caption=\"\" data-medium-file=\"https:\/\/www.paudalho.pe.gov.br\/portal\/wp-content\/uploads\/2018\/01\/e2cfb9c4-1e4c-4ba4-8f6d-02821f4e963c-350x230.jpg\" data-large-file=\"https:\/\/www.paudalho.pe.gov.br\/portal\/wp-content\/uploads\/2018\/01\/e2cfb9c4-1e4c-4ba4-8f6d-02821f4e963c-800x450.jpg\" class=\"alignnone wp-image-2420\" src=\"http:\/\/www.paudalho.pe.gov.br\/portal\/wp-content\/uploads\/2018\/01\/e2cfb9c4-1e4c-4ba4-8f6d-02821f4e963c-350x230.jpg\" alt=\"\" width=\"550\" height=\"361\" \/><\/p>\n<h2>O que \u00e9 o \u201cJaneiro Branco&#8221;?<\/h2>\n<p>Uma campanha dedicada a mostrar \u00e0s pessoas \u2013 e \u00e0 sociedade \u2013 que os seres humanos s\u00e3o seres de conte\u00fados psicol\u00f3gicos e subjetivos, que suas vidas, necessariamente, s\u00e3o estruturadas em torno de quest\u00f5es mentais, sentimentais, emocionais, relacionais e comportamentais, sendo, portanto, imperioso e necess\u00e1rio, que a subjetividade humana possua lugar de destaque em nossa cultura e em nossos cotidianos, sob pena de sermos v\u00edtimas de n\u00f3s mesmos e de quem despreza as pr\u00f3prias necessidades psicol\u00f3gicas e as necessidades psicol\u00f3gicas alheias.<\/p>\n<p>Uma Campanha pensada, planejada e projetada para a promo\u00e7\u00e3o de Sa\u00fade Emocional nas vidas de todos os indiv\u00edduos que comp\u00f5e a humanidade, buscando estrat\u00e9gias pol\u00edticas, sociais e culturais para que o adoecimento emocional seja prevenido, conhecido e combatido em todos os campos, esferas, dimens\u00f5es e espa\u00e7os em que o humano se faz presente.<\/p>\n<h2>Entendendo a depress\u00e3o<\/h2>\n<p>A depress\u00e3o \u00e9 considerada o mal do s\u00e9culo. \u00c9 caracterizada pela perda da vontade viver. Pode ser motivada pelo cansa\u00e7o extremo, algum trauma, situa\u00e7\u00e3o dif\u00edcil, estresse ou simplesmente n\u00e3o apresentar motivos. Vale ressaltar que a Rede Municipal de Sa\u00fade conta com equipe preparada para atuar nos casos. A ajuda pode ser encontradas das Unidades B\u00e1sicas de Sa\u00fade ou no CAPS, que fica na Pra\u00e7a do Ros\u00e1rio, centro da cidade.<\/p>\n<p>&nbsp;<\/p>\n<p><em>Com informa\u00e7\u00f5es do portal Janeiro Branco.<\/em><\/p>\n","protected":false},"excerpt":{"rendered":"<p>Segundo dados de um relat\u00f3rio global sobre transtornos mentais publicados pela Organiza\u00e7\u00e3o Mundial da Sa\u00fade (OMS), o Brasil est\u00e1 em primeiro lugar no ranking latino-americano de depress\u00e3o e em quinta posi\u00e7\u00e3o no mundial. No pa\u00eds, a doen\u00e7a atinge cerca de 11,5 milh\u00f5es de pessoas. E com o objetivo de combater e trazer informa\u00e7\u00f5es, a Unidade [&hellip;]<\/p>\n","protected":false},"author":4,"featured_media":2418,"comment_status":"open","ping_status":"open","sticky":false,"template":"","format":"standard","meta":{"_jetpack_newsletter_access":"","_jetpack_dont_email_post_to_subs":false,"_jetpack_newsletter_tier_id":0,"_jetpack_memberships_contains_paywalled_content":false,"_jetpack_memberships_contains_paid_content":false,"footnotes":""},"categories":[2,3],"tags":[249,16,168],"class_list":["post-2417","post","type-post","status-publish","format-standard","has-post-thumbnail","hentry","category-destaque","category-saude","tag-janeiro-branco","tag-saude","tag-secretaria-de-saude"],"jetpack_featured_media_url":"https:\/\/www.paudalho.pe.gov.br\/portal\/wp-content\/uploads\/2018\/01\/8a83e6ee-2375-438e-804b-4609a60efb7f.jpg","jetpack_sharing_enabled":true,"jetpack_shortlink":"https:\/\/wp.me\/p98mS2-CZ","_links":{"self":[{"href":"https:\/\/www.paudalho.pe.gov.br\/portal\/wp-json\/wp\/v2\/posts\/2417","targetHints":{"allow":["GET"]}}],"collection":[{"href":"https:\/\/www.paudalho.pe.gov.br\/portal\/wp-json\/wp\/v2\/posts"}],"about":[{"href":"https:\/\/www.paudalho.pe.gov.br\/portal\/wp-json\/wp\/v2\/types\/post"}],"author":[{"embeddable":true,"href":"https:\/\/www.paudalho.pe.gov.br\/portal\/wp-json\/wp\/v2\/users\/4"}],"replies":[{"embeddable":true,"href":"https:\/\/www.paudalho.pe.gov.br\/portal\/wp-json\/wp\/v2\/comments?post=2417"}],"version-history":[{"count":3,"href":"https:\/\/www.paudalho.pe.gov.br\/portal\/wp-json\/wp\/v2\/posts\/2417\/revisions"}],"predecessor-version":[{"id":2422,"href":"https:\/\/www.paudalho.pe.gov.br\/portal\/wp-json\/wp\/v2\/posts\/2417\/revisions\/2422"}],"wp:featuredmedia":[{"embeddable":true,"href":"https:\/\/www.paudalho.pe.gov.br\/portal\/wp-json\/wp\/v2\/media\/2418"}],"wp:attachment":[{"href":"https:\/\/www.paudalho.pe.gov.br\/portal\/wp-json\/wp\/v2\/media?parent=2417"}],"wp:term":[{"taxonomy":"category","embeddable":true,"href":"https:\/\/www.paudalho.pe.gov.br\/portal\/wp-json\/wp\/v2\/categories?post=2417"},{"taxonomy":"post_tag","embeddable":true,"href":"https:\/\/www.paudalho.pe.gov.br\/portal\/wp-json\/wp\/v2\/tags?post=2417"}],"curies":[{"name":"wp","href":"https:\/\/api.w.org\/{rel}","templated":true}]}}