{"id":24162,"date":"2023-01-21T14:04:27","date_gmt":"2023-01-21T17:04:27","guid":{"rendered":"https:\/\/www.paudalho.pe.gov.br\/portal\/?p=24162"},"modified":"2023-01-21T14:04:27","modified_gmt":"2023-01-21T17:04:27","slug":"em-paudalho-cerca-de-30-mil-pessoas-participam-do-1o-dia-de-shows-no-polo-principal-da-festa-de-sao-sebastiao","status":"publish","type":"post","link":"https:\/\/www.paudalho.pe.gov.br\/portal\/em-paudalho-cerca-de-30-mil-pessoas-participam-do-1o-dia-de-shows-no-polo-principal-da-festa-de-sao-sebastiao\/","title":{"rendered":"Em Paudalho, cerca de 30 mil pessoas participam do 1\u00ba dia de shows no Polo Principal da Festa de S\u00e3o Sebasti\u00e3o"},"content":{"rendered":"\n<p>Nesta sexta-feira (20), dia de S\u00e3o Sebasti\u00e3o, a Festa em comemora\u00e7\u00e3o ao dia do M\u00e1rtir foi ainda mais especial, com a continua\u00e7\u00e3o das atra\u00e7\u00f5es do Polo Cultural e a estreia das apresenta\u00e7\u00f5es no Polo Principal, no Beira Rio, Centro de Paudalho.<\/p>\n\n\n\n<p>No palco do Beira Rio, Xuxu A Perigosa brilhou como o primeiro show da noite, fazendo o esquenta para as mais de 5 horas que seguiriam. E mostrando todas as faces da nossa Festa democr\u00e1tica, Sirano e Sirino foram a segunda atra\u00e7\u00e3o a subir no palco, trazendo todo ritmo do forr\u00f3. E pra finalizar a noite, a Banda Sentimentos mexeu com o cora\u00e7\u00e3o do p\u00fablico, fazendo todo mundo se emocionar e cantar junto madrugada adentro. Ap\u00f3s esse tempo todo sem festa, Paudalho trouxe a tradi\u00e7\u00e3o e a cultura dos festejos de S\u00e3o Sebasti\u00e3o, uma festa que engloba f\u00e9, cultura e muito forr\u00f3. Dancei muito e estou curtindo com meus amigos e est\u00e1 tudo lindo\u201d,\u00a0 comentou a manicure Glaucia Santos. De acordo com a organiza\u00e7\u00e3o, a primeira noite reuniu cerca de 30 mil pessoas.\u00a0<\/p>\n\n\n\n<figure class=\"wp-block-image size-large\"><img loading=\"lazy\" decoding=\"async\" width=\"800\" height=\"450\" data-attachment-id=\"24165\" data-permalink=\"https:\/\/www.paudalho.pe.gov.br\/portal\/em-paudalho-cerca-de-30-mil-pessoas-participam-do-1o-dia-de-shows-no-polo-principal-da-festa-de-sao-sebastiao\/festa-de-sao-sebastiao\/\" data-orig-file=\"https:\/\/www.paudalho.pe.gov.br\/portal\/wp-content\/uploads\/2023\/01\/Festa-de-Sao-Sebastiao.jpeg\" data-orig-size=\"1024,683\" data-comments-opened=\"1\" data-image-meta=\"{&quot;aperture&quot;:&quot;0&quot;,&quot;credit&quot;:&quot;&quot;,&quot;camera&quot;:&quot;&quot;,&quot;caption&quot;:&quot;&quot;,&quot;created_timestamp&quot;:&quot;0&quot;,&quot;copyright&quot;:&quot;&quot;,&quot;focal_length&quot;:&quot;0&quot;,&quot;iso&quot;:&quot;0&quot;,&quot;shutter_speed&quot;:&quot;0&quot;,&quot;title&quot;:&quot;&quot;,&quot;orientation&quot;:&quot;0&quot;}\" data-image-title=\"Festa-de-Sao-Sebastiao\" data-image-description=\"\" data-image-caption=\"\" data-medium-file=\"https:\/\/www.paudalho.pe.gov.br\/portal\/wp-content\/uploads\/2023\/01\/Festa-de-Sao-Sebastiao-350x230.jpeg\" data-large-file=\"https:\/\/www.paudalho.pe.gov.br\/portal\/wp-content\/uploads\/2023\/01\/Festa-de-Sao-Sebastiao-800x450.jpeg\" src=\"https:\/\/www.paudalho.pe.gov.br\/portal\/wp-content\/uploads\/2023\/01\/Festa-de-Sao-Sebastiao-800x450.jpeg\" alt=\"\" class=\"wp-image-24165\"\/><\/figure>\n\n\n\n<p><strong>RELIGIOSIDADE<\/strong><\/p>\n\n\n\n<p>O Polo Cultural, que est\u00e1 com atra\u00e7\u00f5es desde sexta-feira (13), teve um show religioso com o DJ Roony Moura, logo ap\u00f3s a missa que celebrou o Santo, na Igreja de S\u00e3o Sebasti\u00e3o. &#8220;A festa de S\u00e3o Sebasti\u00e3o est\u00e1 muito animada. \u00c9 uma alegria imensa poder estar aqui, celebrar e agradecer a Deus pela jovialidade de tanta gente que vem celebrar a Deus&#8221;, comentou o Padre Alex.<\/p>\n\n\n\n<figure class=\"wp-block-image size-large\"><img loading=\"lazy\" decoding=\"async\" width=\"800\" height=\"450\" data-attachment-id=\"24166\" data-permalink=\"https:\/\/www.paudalho.pe.gov.br\/portal\/em-paudalho-cerca-de-30-mil-pessoas-participam-do-1o-dia-de-shows-no-polo-principal-da-festa-de-sao-sebastiao\/festa-de-sao-sebastiao-6\/\" data-orig-file=\"https:\/\/www.paudalho.pe.gov.br\/portal\/wp-content\/uploads\/2023\/01\/Festa-de-Sao-Sebastiao-6.jpeg\" data-orig-size=\"1024,683\" data-comments-opened=\"1\" data-image-meta=\"{&quot;aperture&quot;:&quot;0&quot;,&quot;credit&quot;:&quot;&quot;,&quot;camera&quot;:&quot;&quot;,&quot;caption&quot;:&quot;&quot;,&quot;created_timestamp&quot;:&quot;0&quot;,&quot;copyright&quot;:&quot;&quot;,&quot;focal_length&quot;:&quot;0&quot;,&quot;iso&quot;:&quot;0&quot;,&quot;shutter_speed&quot;:&quot;0&quot;,&quot;title&quot;:&quot;&quot;,&quot;orientation&quot;:&quot;0&quot;}\" data-image-title=\"Festa-de-Sao-Sebastiao-6\" data-image-description=\"\" data-image-caption=\"\" data-medium-file=\"https:\/\/www.paudalho.pe.gov.br\/portal\/wp-content\/uploads\/2023\/01\/Festa-de-Sao-Sebastiao-6-350x230.jpeg\" data-large-file=\"https:\/\/www.paudalho.pe.gov.br\/portal\/wp-content\/uploads\/2023\/01\/Festa-de-Sao-Sebastiao-6-800x450.jpeg\" src=\"https:\/\/www.paudalho.pe.gov.br\/portal\/wp-content\/uploads\/2023\/01\/Festa-de-Sao-Sebastiao-6-800x450.jpeg\" alt=\"\" class=\"wp-image-24166\"\/><\/figure>\n\n\n\n<p><strong>A PROGRAMA\u00c7\u00c3O CONTINUA<\/strong><\/p>\n\n\n\n<p>O fim de semana s\u00f3 come\u00e7ou, e muitas outras estrelas ainda v\u00e3o participar dessa celebra\u00e7\u00e3o da 154\u00b0 Festa de S\u00e3o Sebasti\u00e3o. No Polo Principal, neste s\u00e1bado (21), tem apresenta\u00e7\u00f5es de Juarez (Ex-magn\u00edficos), Rog\u00e9rio Som e banda Tropikalia. E no domingo (22), os festejos ser\u00e3o encerrados com Fagner e Amandinha, O Conde S\u00f3 Brega e Arreio de Ouro. J\u00e1 no Polo Cultural, no s\u00e1bado tem Padre Diego, e no domingo tem shows de Carpinteiro Rabecado e de Mestre Anderson e a Ciranda Raiz da Mata Norte. \u201cA gente tem muito orgulho da nossa Festa que \u00e9 democr\u00e1tica. Uma festa familiar que tem todos os estilos. Deixo meu convite a todas as fam\u00edlias para virem participar\u201d, finalizou o prefeito Marcelo Gouveia.<\/p>\n\n\n\n<figure class=\"wp-block-gallery has-nested-images columns-default is-cropped wp-block-gallery-1 is-layout-flex wp-block-gallery-is-layout-flex\">\n<figure class=\"wp-block-image size-medium\"><img loading=\"lazy\" decoding=\"async\" width=\"350\" height=\"230\" data-attachment-id=\"24167\" data-permalink=\"https:\/\/www.paudalho.pe.gov.br\/portal\/em-paudalho-cerca-de-30-mil-pessoas-participam-do-1o-dia-de-shows-no-polo-principal-da-festa-de-sao-sebastiao\/festa-de-sao-sebastiao-1\/\" data-orig-file=\"https:\/\/www.paudalho.pe.gov.br\/portal\/wp-content\/uploads\/2023\/01\/Festa-de-Sao-Sebastiao-1.jpeg\" data-orig-size=\"1024,683\" data-comments-opened=\"1\" data-image-meta=\"{&quot;aperture&quot;:&quot;0&quot;,&quot;credit&quot;:&quot;&quot;,&quot;camera&quot;:&quot;&quot;,&quot;caption&quot;:&quot;&quot;,&quot;created_timestamp&quot;:&quot;0&quot;,&quot;copyright&quot;:&quot;&quot;,&quot;focal_length&quot;:&quot;0&quot;,&quot;iso&quot;:&quot;0&quot;,&quot;shutter_speed&quot;:&quot;0&quot;,&quot;title&quot;:&quot;&quot;,&quot;orientation&quot;:&quot;0&quot;}\" data-image-title=\"Festa-de-Sao-Sebastiao-1\" data-image-description=\"\" data-image-caption=\"\" data-medium-file=\"https:\/\/www.paudalho.pe.gov.br\/portal\/wp-content\/uploads\/2023\/01\/Festa-de-Sao-Sebastiao-1-350x230.jpeg\" data-large-file=\"https:\/\/www.paudalho.pe.gov.br\/portal\/wp-content\/uploads\/2023\/01\/Festa-de-Sao-Sebastiao-1-800x450.jpeg\" data-id=\"24167\" src=\"https:\/\/www.paudalho.pe.gov.br\/portal\/wp-content\/uploads\/2023\/01\/Festa-de-Sao-Sebastiao-1-350x230.jpeg\" alt=\"\" class=\"wp-image-24167\"\/><\/figure>\n\n\n\n<figure class=\"wp-block-image size-medium\"><img loading=\"lazy\" decoding=\"async\" width=\"350\" height=\"230\" data-attachment-id=\"24168\" data-permalink=\"https:\/\/www.paudalho.pe.gov.br\/portal\/em-paudalho-cerca-de-30-mil-pessoas-participam-do-1o-dia-de-shows-no-polo-principal-da-festa-de-sao-sebastiao\/festa-de-sao-sebastiao-2-1\/\" data-orig-file=\"https:\/\/www.paudalho.pe.gov.br\/portal\/wp-content\/uploads\/2023\/01\/Festa-de-Sao-Sebastiao-2-1.jpeg\" data-orig-size=\"1024,683\" data-comments-opened=\"1\" data-image-meta=\"{&quot;aperture&quot;:&quot;0&quot;,&quot;credit&quot;:&quot;&quot;,&quot;camera&quot;:&quot;&quot;,&quot;caption&quot;:&quot;&quot;,&quot;created_timestamp&quot;:&quot;0&quot;,&quot;copyright&quot;:&quot;&quot;,&quot;focal_length&quot;:&quot;0&quot;,&quot;iso&quot;:&quot;0&quot;,&quot;shutter_speed&quot;:&quot;0&quot;,&quot;title&quot;:&quot;&quot;,&quot;orientation&quot;:&quot;0&quot;}\" data-image-title=\"Festa-de-Sao-Sebastiao-2-1\" data-image-description=\"\" data-image-caption=\"\" data-medium-file=\"https:\/\/www.paudalho.pe.gov.br\/portal\/wp-content\/uploads\/2023\/01\/Festa-de-Sao-Sebastiao-2-1-350x230.jpeg\" data-large-file=\"https:\/\/www.paudalho.pe.gov.br\/portal\/wp-content\/uploads\/2023\/01\/Festa-de-Sao-Sebastiao-2-1-800x450.jpeg\" data-id=\"24168\" src=\"https:\/\/www.paudalho.pe.gov.br\/portal\/wp-content\/uploads\/2023\/01\/Festa-de-Sao-Sebastiao-2-1-350x230.jpeg\" alt=\"\" class=\"wp-image-24168\"\/><\/figure>\n\n\n\n<figure class=\"wp-block-image size-medium\"><img loading=\"lazy\" decoding=\"async\" width=\"350\" height=\"230\" data-attachment-id=\"24172\" data-permalink=\"https:\/\/www.paudalho.pe.gov.br\/portal\/em-paudalho-cerca-de-30-mil-pessoas-participam-do-1o-dia-de-shows-no-polo-principal-da-festa-de-sao-sebastiao\/festa-de-sao-sebastiao-2-2\/\" data-orig-file=\"https:\/\/www.paudalho.pe.gov.br\/portal\/wp-content\/uploads\/2023\/01\/Festa-de-Sao-Sebastiao-2-2.jpeg\" data-orig-size=\"1024,683\" data-comments-opened=\"1\" data-image-meta=\"{&quot;aperture&quot;:&quot;0&quot;,&quot;credit&quot;:&quot;&quot;,&quot;camera&quot;:&quot;&quot;,&quot;caption&quot;:&quot;&quot;,&quot;created_timestamp&quot;:&quot;0&quot;,&quot;copyright&quot;:&quot;&quot;,&quot;focal_length&quot;:&quot;0&quot;,&quot;iso&quot;:&quot;0&quot;,&quot;shutter_speed&quot;:&quot;0&quot;,&quot;title&quot;:&quot;&quot;,&quot;orientation&quot;:&quot;0&quot;}\" data-image-title=\"Festa-de-Sao-Sebastiao-2-2\" data-image-description=\"\" data-image-caption=\"\" data-medium-file=\"https:\/\/www.paudalho.pe.gov.br\/portal\/wp-content\/uploads\/2023\/01\/Festa-de-Sao-Sebastiao-2-2-350x230.jpeg\" data-large-file=\"https:\/\/www.paudalho.pe.gov.br\/portal\/wp-content\/uploads\/2023\/01\/Festa-de-Sao-Sebastiao-2-2-800x450.jpeg\" data-id=\"24172\" src=\"https:\/\/www.paudalho.pe.gov.br\/portal\/wp-content\/uploads\/2023\/01\/Festa-de-Sao-Sebastiao-2-2-350x230.jpeg\" alt=\"\" class=\"wp-image-24172\"\/><\/figure>\n\n\n\n<figure class=\"wp-block-image size-medium\"><img loading=\"lazy\" decoding=\"async\" width=\"350\" height=\"230\" data-attachment-id=\"24173\" data-permalink=\"https:\/\/www.paudalho.pe.gov.br\/portal\/em-paudalho-cerca-de-30-mil-pessoas-participam-do-1o-dia-de-shows-no-polo-principal-da-festa-de-sao-sebastiao\/festa-de-sao-sebastiao-3-1\/\" data-orig-file=\"https:\/\/www.paudalho.pe.gov.br\/portal\/wp-content\/uploads\/2023\/01\/Festa-de-Sao-Sebastiao-3-1.jpeg\" data-orig-size=\"1024,683\" data-comments-opened=\"1\" data-image-meta=\"{&quot;aperture&quot;:&quot;0&quot;,&quot;credit&quot;:&quot;&quot;,&quot;camera&quot;:&quot;&quot;,&quot;caption&quot;:&quot;&quot;,&quot;created_timestamp&quot;:&quot;0&quot;,&quot;copyright&quot;:&quot;&quot;,&quot;focal_length&quot;:&quot;0&quot;,&quot;iso&quot;:&quot;0&quot;,&quot;shutter_speed&quot;:&quot;0&quot;,&quot;title&quot;:&quot;&quot;,&quot;orientation&quot;:&quot;0&quot;}\" data-image-title=\"Festa-de-Sao-Sebastiao-3-1\" data-image-description=\"\" data-image-caption=\"\" data-medium-file=\"https:\/\/www.paudalho.pe.gov.br\/portal\/wp-content\/uploads\/2023\/01\/Festa-de-Sao-Sebastiao-3-1-350x230.jpeg\" data-large-file=\"https:\/\/www.paudalho.pe.gov.br\/portal\/wp-content\/uploads\/2023\/01\/Festa-de-Sao-Sebastiao-3-1-800x450.jpeg\" data-id=\"24173\" src=\"https:\/\/www.paudalho.pe.gov.br\/portal\/wp-content\/uploads\/2023\/01\/Festa-de-Sao-Sebastiao-3-1-350x230.jpeg\" alt=\"\" class=\"wp-image-24173\"\/><\/figure>\n\n\n\n<figure class=\"wp-block-image size-medium\"><img loading=\"lazy\" decoding=\"async\" width=\"350\" height=\"230\" data-attachment-id=\"24175\" data-permalink=\"https:\/\/www.paudalho.pe.gov.br\/portal\/em-paudalho-cerca-de-30-mil-pessoas-participam-do-1o-dia-de-shows-no-polo-principal-da-festa-de-sao-sebastiao\/festa-de-sao-sebastiao-4\/\" data-orig-file=\"https:\/\/www.paudalho.pe.gov.br\/portal\/wp-content\/uploads\/2023\/01\/Festa-de-Sao-Sebastiao-4.jpeg\" data-orig-size=\"1024,683\" data-comments-opened=\"1\" data-image-meta=\"{&quot;aperture&quot;:&quot;0&quot;,&quot;credit&quot;:&quot;&quot;,&quot;camera&quot;:&quot;&quot;,&quot;caption&quot;:&quot;&quot;,&quot;created_timestamp&quot;:&quot;0&quot;,&quot;copyright&quot;:&quot;&quot;,&quot;focal_length&quot;:&quot;0&quot;,&quot;iso&quot;:&quot;0&quot;,&quot;shutter_speed&quot;:&quot;0&quot;,&quot;title&quot;:&quot;&quot;,&quot;orientation&quot;:&quot;0&quot;}\" data-image-title=\"Festa-de-Sao-Sebastiao-4\" data-image-description=\"\" data-image-caption=\"\" data-medium-file=\"https:\/\/www.paudalho.pe.gov.br\/portal\/wp-content\/uploads\/2023\/01\/Festa-de-Sao-Sebastiao-4-350x230.jpeg\" data-large-file=\"https:\/\/www.paudalho.pe.gov.br\/portal\/wp-content\/uploads\/2023\/01\/Festa-de-Sao-Sebastiao-4-800x450.jpeg\" data-id=\"24175\" src=\"https:\/\/www.paudalho.pe.gov.br\/portal\/wp-content\/uploads\/2023\/01\/Festa-de-Sao-Sebastiao-4-350x230.jpeg\" alt=\"\" class=\"wp-image-24175\"\/><\/figure>\n\n\n\n<figure class=\"wp-block-image size-medium\"><img loading=\"lazy\" decoding=\"async\" width=\"350\" height=\"230\" data-attachment-id=\"24170\" data-permalink=\"https:\/\/www.paudalho.pe.gov.br\/portal\/em-paudalho-cerca-de-30-mil-pessoas-participam-do-1o-dia-de-shows-no-polo-principal-da-festa-de-sao-sebastiao\/festa-de-sao-sebastiao-5\/\" data-orig-file=\"https:\/\/www.paudalho.pe.gov.br\/portal\/wp-content\/uploads\/2023\/01\/Festa-de-Sao-Sebastiao-5.jpeg\" data-orig-size=\"1024,683\" data-comments-opened=\"1\" data-image-meta=\"{&quot;aperture&quot;:&quot;0&quot;,&quot;credit&quot;:&quot;&quot;,&quot;camera&quot;:&quot;&quot;,&quot;caption&quot;:&quot;&quot;,&quot;created_timestamp&quot;:&quot;0&quot;,&quot;copyright&quot;:&quot;&quot;,&quot;focal_length&quot;:&quot;0&quot;,&quot;iso&quot;:&quot;0&quot;,&quot;shutter_speed&quot;:&quot;0&quot;,&quot;title&quot;:&quot;&quot;,&quot;orientation&quot;:&quot;0&quot;}\" data-image-title=\"Festa-de-Sao-Sebastiao-5\" data-image-description=\"\" data-image-caption=\"\" data-medium-file=\"https:\/\/www.paudalho.pe.gov.br\/portal\/wp-content\/uploads\/2023\/01\/Festa-de-Sao-Sebastiao-5-350x230.jpeg\" data-large-file=\"https:\/\/www.paudalho.pe.gov.br\/portal\/wp-content\/uploads\/2023\/01\/Festa-de-Sao-Sebastiao-5-800x450.jpeg\" data-id=\"24170\" src=\"https:\/\/www.paudalho.pe.gov.br\/portal\/wp-content\/uploads\/2023\/01\/Festa-de-Sao-Sebastiao-5-350x230.jpeg\" alt=\"\" class=\"wp-image-24170\"\/><\/figure>\n\n\n\n<figure class=\"wp-block-image size-medium\"><img loading=\"lazy\" decoding=\"async\" width=\"350\" height=\"230\" data-attachment-id=\"24171\" data-permalink=\"https:\/\/www.paudalho.pe.gov.br\/portal\/em-paudalho-cerca-de-30-mil-pessoas-participam-do-1o-dia-de-shows-no-polo-principal-da-festa-de-sao-sebastiao\/festa-de-sao-sebastiao-6-1\/\" data-orig-file=\"https:\/\/www.paudalho.pe.gov.br\/portal\/wp-content\/uploads\/2023\/01\/Festa-de-Sao-Sebastiao-6-1.jpeg\" data-orig-size=\"1024,683\" data-comments-opened=\"1\" data-image-meta=\"{&quot;aperture&quot;:&quot;0&quot;,&quot;credit&quot;:&quot;&quot;,&quot;camera&quot;:&quot;&quot;,&quot;caption&quot;:&quot;&quot;,&quot;created_timestamp&quot;:&quot;0&quot;,&quot;copyright&quot;:&quot;&quot;,&quot;focal_length&quot;:&quot;0&quot;,&quot;iso&quot;:&quot;0&quot;,&quot;shutter_speed&quot;:&quot;0&quot;,&quot;title&quot;:&quot;&quot;,&quot;orientation&quot;:&quot;0&quot;}\" data-image-title=\"Festa-de-Sao-Sebastiao-6-1\" data-image-description=\"\" data-image-caption=\"\" data-medium-file=\"https:\/\/www.paudalho.pe.gov.br\/portal\/wp-content\/uploads\/2023\/01\/Festa-de-Sao-Sebastiao-6-1-350x230.jpeg\" data-large-file=\"https:\/\/www.paudalho.pe.gov.br\/portal\/wp-content\/uploads\/2023\/01\/Festa-de-Sao-Sebastiao-6-1-800x450.jpeg\" data-id=\"24171\" src=\"https:\/\/www.paudalho.pe.gov.br\/portal\/wp-content\/uploads\/2023\/01\/Festa-de-Sao-Sebastiao-6-1-350x230.jpeg\" alt=\"\" class=\"wp-image-24171\"\/><\/figure>\n\n\n\n<figure class=\"wp-block-image size-medium\"><img loading=\"lazy\" decoding=\"async\" width=\"350\" height=\"230\" data-attachment-id=\"24169\" data-permalink=\"https:\/\/www.paudalho.pe.gov.br\/portal\/em-paudalho-cerca-de-30-mil-pessoas-participam-do-1o-dia-de-shows-no-polo-principal-da-festa-de-sao-sebastiao\/festa-de-sao-sebastiao-3\/\" data-orig-file=\"https:\/\/www.paudalho.pe.gov.br\/portal\/wp-content\/uploads\/2023\/01\/Festa-de-Sao-Sebastiao-3.jpeg\" data-orig-size=\"1024,683\" data-comments-opened=\"1\" data-image-meta=\"{&quot;aperture&quot;:&quot;0&quot;,&quot;credit&quot;:&quot;&quot;,&quot;camera&quot;:&quot;&quot;,&quot;caption&quot;:&quot;&quot;,&quot;created_timestamp&quot;:&quot;0&quot;,&quot;copyright&quot;:&quot;&quot;,&quot;focal_length&quot;:&quot;0&quot;,&quot;iso&quot;:&quot;0&quot;,&quot;shutter_speed&quot;:&quot;0&quot;,&quot;title&quot;:&quot;&quot;,&quot;orientation&quot;:&quot;0&quot;}\" data-image-title=\"Festa-de-Sao-Sebastiao-3\" data-image-description=\"\" data-image-caption=\"\" data-medium-file=\"https:\/\/www.paudalho.pe.gov.br\/portal\/wp-content\/uploads\/2023\/01\/Festa-de-Sao-Sebastiao-3-350x230.jpeg\" data-large-file=\"https:\/\/www.paudalho.pe.gov.br\/portal\/wp-content\/uploads\/2023\/01\/Festa-de-Sao-Sebastiao-3-800x450.jpeg\" data-id=\"24169\" src=\"https:\/\/www.paudalho.pe.gov.br\/portal\/wp-content\/uploads\/2023\/01\/Festa-de-Sao-Sebastiao-3-350x230.jpeg\" alt=\"\" class=\"wp-image-24169\"\/><\/figure>\n\n\n\n<figure class=\"wp-block-image size-medium\"><img loading=\"lazy\" decoding=\"async\" width=\"350\" height=\"230\" data-attachment-id=\"24174\" data-permalink=\"https:\/\/www.paudalho.pe.gov.br\/portal\/em-paudalho-cerca-de-30-mil-pessoas-participam-do-1o-dia-de-shows-no-polo-principal-da-festa-de-sao-sebastiao\/festa-de-sao-sebastiao1\/\" data-orig-file=\"https:\/\/www.paudalho.pe.gov.br\/portal\/wp-content\/uploads\/2023\/01\/Festa-de-Sao-Sebastiao1.jpeg\" data-orig-size=\"683,1024\" data-comments-opened=\"1\" data-image-meta=\"{&quot;aperture&quot;:&quot;0&quot;,&quot;credit&quot;:&quot;&quot;,&quot;camera&quot;:&quot;&quot;,&quot;caption&quot;:&quot;&quot;,&quot;created_timestamp&quot;:&quot;0&quot;,&quot;copyright&quot;:&quot;&quot;,&quot;focal_length&quot;:&quot;0&quot;,&quot;iso&quot;:&quot;0&quot;,&quot;shutter_speed&quot;:&quot;0&quot;,&quot;title&quot;:&quot;&quot;,&quot;orientation&quot;:&quot;0&quot;}\" data-image-title=\"Festa-de-Sao-Sebastiao1\" data-image-description=\"\" data-image-caption=\"\" data-medium-file=\"https:\/\/www.paudalho.pe.gov.br\/portal\/wp-content\/uploads\/2023\/01\/Festa-de-Sao-Sebastiao1-350x230.jpeg\" data-large-file=\"https:\/\/www.paudalho.pe.gov.br\/portal\/wp-content\/uploads\/2023\/01\/Festa-de-Sao-Sebastiao1-683x450.jpeg\" data-id=\"24174\" src=\"https:\/\/www.paudalho.pe.gov.br\/portal\/wp-content\/uploads\/2023\/01\/Festa-de-Sao-Sebastiao1-350x230.jpeg\" alt=\"\" class=\"wp-image-24174\" srcset=\"https:\/\/www.paudalho.pe.gov.br\/portal\/wp-content\/uploads\/2023\/01\/Festa-de-Sao-Sebastiao1-350x230.jpeg 350w, https:\/\/www.paudalho.pe.gov.br\/portal\/wp-content\/uploads\/2023\/01\/Festa-de-Sao-Sebastiao1-683x450.jpeg 683w\" sizes=\"auto, (max-width: 350px) 100vw, 350px\" \/><\/figure>\n<\/figure>\n","protected":false},"excerpt":{"rendered":"<p>Nesta sexta-feira (20), dia de S\u00e3o Sebasti\u00e3o, a Festa em comemora\u00e7\u00e3o ao dia do M\u00e1rtir foi ainda mais especial, com a continua\u00e7\u00e3o das atra\u00e7\u00f5es do Polo Cultural e a estreia das apresenta\u00e7\u00f5es no Polo Principal, no Beira Rio, Centro de Paudalho. No palco do Beira Rio, Xuxu A Perigosa brilhou como o primeiro show da [&hellip;]<\/p>\n","protected":false},"author":11,"featured_media":24164,"comment_status":"open","ping_status":"open","sticky":false,"template":"","format":"standard","meta":{"_jetpack_newsletter_access":"","_jetpack_dont_email_post_to_subs":false,"_jetpack_newsletter_tier_id":0,"_jetpack_memberships_contains_paywalled_content":false,"_jetpack_memberships_contains_paid_content":false,"footnotes":""},"categories":[6,2],"tags":[1092,68,22,234],"class_list":["post-24162","post","type-post","status-publish","format-standard","has-post-thumbnail","hentry","category-cultura","category-destaque","tag-154o-festa-de-sao-sebastiao","tag-cultura","tag-prefeitura-do-paudalho","tag-sao-sebastiao"],"jetpack_featured_media_url":"https:\/\/www.paudalho.pe.gov.br\/portal\/wp-content\/uploads\/2023\/01\/Festa-de-Sao-Sebastiao-2.jpeg","jetpack_sharing_enabled":true,"jetpack_shortlink":"https:\/\/wp.me\/p98mS2-6hI","_links":{"self":[{"href":"https:\/\/www.paudalho.pe.gov.br\/portal\/wp-json\/wp\/v2\/posts\/24162","targetHints":{"allow":["GET"]}}],"collection":[{"href":"https:\/\/www.paudalho.pe.gov.br\/portal\/wp-json\/wp\/v2\/posts"}],"about":[{"href":"https:\/\/www.paudalho.pe.gov.br\/portal\/wp-json\/wp\/v2\/types\/post"}],"author":[{"embeddable":true,"href":"https:\/\/www.paudalho.pe.gov.br\/portal\/wp-json\/wp\/v2\/users\/11"}],"replies":[{"embeddable":true,"href":"https:\/\/www.paudalho.pe.gov.br\/portal\/wp-json\/wp\/v2\/comments?post=24162"}],"version-history":[{"count":1,"href":"https:\/\/www.paudalho.pe.gov.br\/portal\/wp-json\/wp\/v2\/posts\/24162\/revisions"}],"predecessor-version":[{"id":24176,"href":"https:\/\/www.paudalho.pe.gov.br\/portal\/wp-json\/wp\/v2\/posts\/24162\/revisions\/24176"}],"wp:featuredmedia":[{"embeddable":true,"href":"https:\/\/www.paudalho.pe.gov.br\/portal\/wp-json\/wp\/v2\/media\/24164"}],"wp:attachment":[{"href":"https:\/\/www.paudalho.pe.gov.br\/portal\/wp-json\/wp\/v2\/media?parent=24162"}],"wp:term":[{"taxonomy":"category","embeddable":true,"href":"https:\/\/www.paudalho.pe.gov.br\/portal\/wp-json\/wp\/v2\/categories?post=24162"},{"taxonomy":"post_tag","embeddable":true,"href":"https:\/\/www.paudalho.pe.gov.br\/portal\/wp-json\/wp\/v2\/tags?post=24162"}],"curies":[{"name":"wp","href":"https:\/\/api.w.org\/{rel}","templated":true}]}}