{"id":24155,"date":"2023-01-19T13:37:01","date_gmt":"2023-01-19T16:37:01","guid":{"rendered":"https:\/\/www.paudalho.pe.gov.br\/portal\/?p=24155"},"modified":"2025-01-08T00:39:01","modified_gmt":"2025-01-08T03:39:01","slug":"arreio-de-ouro-rogerio-som-conde-so-brega-e-banda-tropikalia-sao-algumas-das-atracoes-da-154o-festa-de-sao-sebastiao","status":"publish","type":"post","link":"https:\/\/www.paudalho.pe.gov.br\/portal\/arreio-de-ouro-rogerio-som-conde-so-brega-e-banda-tropikalia-sao-algumas-das-atracoes-da-154o-festa-de-sao-sebastiao\/","title":{"rendered":"Arreio de Ouro, Rog\u00e9rio Som, Conde S\u00f3 Brega e Banda Tropikalia s\u00e3o algumas das atra\u00e7\u00f5es da 154\u00ba Festa de S\u00e3o Sebasti\u00e3o"},"content":{"rendered":"\n<p>Para comemorar uma das datas que j\u00e1 \u00e9 marca registrada do calend\u00e1rio de festividades de Pernambuco, a Prefeitura do Paudalho atrav\u00e9s da Secretaria de Cultura, Turismo, Lazer e Juventude realiza a 154\u00ba Festa de S\u00e3o Sebasti\u00e3o da cidade.&nbsp; A programa\u00e7\u00e3o, democr\u00e1tica, come\u00e7ou no \u00faltimo dia 13 de janeiro, com o Polo Cultural, e mistura ritmos, pessoas e cren\u00e7as. A partir da sexta-feira (20) at\u00e9 o domingo (22) a festa contar\u00e1 com as apresenta\u00e7\u00f5es gratuitas e abertas ao p\u00fablico no <strong>Polo Principal<\/strong>, no P\u00e1tio de Eventos Beira Rio, no centro.&nbsp;<\/p>\n\n\n\n<p>Na sexta-feira (20), Xuxu A Perigosa sobe ao palco, seguida da Banda Sentimentos, e Sirano e Sirino concluem a primeira noite de divers\u00e3o. No s\u00e1bado (21), a festa \u00e9 comandada por Juarez (ex-Magn\u00edficos), logo depois tem Rog\u00e9rio Som, terminado com a Banda Tropikalia. E para encerrar o fim de semana de festa, no domingo (22), Fagner e Amandinha animam os festejos. Logo ap\u00f3s tem O Conde S\u00f3 Brega e por fim Arreio de Ouro. Nos tr\u00eas dias as atra\u00e7\u00f5es come\u00e7am a partir das 20h. Neste ano, al\u00e9m da festa presencial, os shows que ir\u00e3o ocorrer no P\u00e1tio de Eventos Beira-Rio ter\u00e3o transmiss\u00e3o online pela p\u00e1gina da Prefeitura do Paudalho.<\/p>\n\n\n\n<p>Pensando na acessibilidade do evento, o local ir\u00e1 contar com um estacionamento exclusivo para pessoas com defici\u00eancia.<\/p>\n\n\n\n<p><strong>POLO CULTURAL<\/strong><\/p>\n\n\n\n<p>O Polo Cultural continua com ainda mais tradi\u00e7\u00e3o paudalhense. Nesta quinta-feira (19) tem os shows de Jo\u00e3o e Henrique, Zominho Soares e Biu Pequeno e ap\u00f3s tem apresenta\u00e7\u00e3o da Banda Ess\u00eancia.&nbsp; Trazendo a religiosidade para o centro do evento, a sexta-feira (20) conta com show do DJ&nbsp; relogioso Roony Moura, e no s\u00e1bado (21) o Padre Diego Silva traz ao polo m\u00fasicas cat\u00f3licas para louvar o Santo homenageado da data. No domingo (22), o \u00faltimo dia de festa t\u00eam apresenta\u00e7\u00f5es de Carpinteiro Rabecado e do Mestre Anderson e a Ciranda Raiz da Mata Norte.<\/p>\n\n\n\n<p><strong>FEIRA DE ARTESANATO<\/strong><\/p>\n\n\n\n<p>A comemora\u00e7\u00e3o ainda conta com a Feira de Artesanato, onde os mestres exp\u00f5em suas obras nas mais diversas tipologias de artesanato. A Feira est\u00e1 localizada na Rua Padre Emigdio Fernandes, em frente ao Palco Cultural. Al\u00e9m disso, no local tem o Stand do Turismo, carimbando o Passaporte Pernambuco dos visitantes, e tamb\u00e9m o Stand da Sa\u00fade e da Assist\u00eancia Social.<\/p>\n\n\n\n<p><strong>Servi\u00e7o:<\/strong><\/p>\n\n\n\n<p><strong>Festa de S\u00e3o Sebasti\u00e3o<\/strong><\/p>\n\n\n\n<p><strong>De 13 a 22 de janeiro de 2023<\/strong><\/p>\n\n\n\n<p><strong>Transmiss\u00e3o pelo link: <\/strong><a href=\"https:\/\/www.facebook.com\/PrefeituraPaudalho\"><strong>facebook.com\/PrefeituraPaudalho<\/strong><\/a><\/p>\n\n\n\n<p>Programa\u00e7\u00e3o completa:<\/p>\n\n\n\n<p><strong>POLO PRINCIPAL P\u00c1TIO DE EVENTOS BEIRA RIO, a partir das 20h<\/strong><\/p>\n\n\n\n<p>20\/01, Sexta-feira<\/p>\n\n\n\n<ul class=\"wp-block-list\">\n<li>Xuxu A Perigosa<\/li>\n\n\n\n<li>Banda Sentimentos<\/li>\n\n\n\n<li>Sirano e Sirino<\/li>\n<\/ul>\n\n\n\n<p>21\/01, S\u00e1bado<\/p>\n\n\n\n<ul class=\"wp-block-list\">\n<li>Juarez<\/li>\n\n\n\n<li>Rog\u00e9rio Som<\/li>\n\n\n\n<li>Tropikalia<\/li>\n<\/ul>\n\n\n\n<p>22\/01, Domingo<\/p>\n\n\n\n<ul class=\"wp-block-list\">\n<li>Fagner e Amandinha<\/li>\n\n\n\n<li>O Conde S\u00f3 Brega<\/li>\n\n\n\n<li>Arreio de Ouro<\/li>\n<\/ul>\n\n\n\n<p><strong>POLO CULTURAL, a partir das 20h30<\/strong><\/p>\n\n\n\n<p>19\/01, Quinta-feira<\/p>\n\n\n\n<ul class=\"wp-block-list\">\n<li>Raminho Soares e Biu Pequeno<\/li>\n\n\n\n<li>Banda Ess\u00eancia<\/li>\n<\/ul>\n\n\n\n<p>20\/01, Sexta-feira<\/p>\n\n\n\n<ul class=\"wp-block-list\">\n<li>DJ Roony Moura<\/li>\n<\/ul>\n\n\n\n<p>21\/01, S\u00e1bado<\/p>\n\n\n\n<ul class=\"wp-block-list\">\n<li>Padre Diego Silva<\/li>\n<\/ul>\n\n\n\n<p>22\/01, Domingo<\/p>\n\n\n\n<ul class=\"wp-block-list\">\n<li>Carpinteiro Rabecado<\/li>\n\n\n\n<li>Mestre Anderson e a Ciranda Raiz da Mata Norte<\/li>\n<\/ul>\n","protected":false},"excerpt":{"rendered":"<p>Para comemorar uma das datas que j\u00e1 \u00e9 marca registrada do calend\u00e1rio de festividades de Pernambuco, a Prefeitura do Paudalho atrav\u00e9s da Secretaria de Cultura, Turismo, Lazer e Juventude realiza a 154\u00ba Festa de S\u00e3o Sebasti\u00e3o da cidade.&nbsp; A programa\u00e7\u00e3o, democr\u00e1tica, come\u00e7ou no \u00faltimo dia 13 de janeiro, com o Polo Cultural, e mistura ritmos, [&hellip;]<\/p>\n","protected":false},"author":11,"featured_media":24156,"comment_status":"open","ping_status":"open","sticky":false,"template":"","format":"standard","meta":{"_jetpack_newsletter_access":"","_jetpack_dont_email_post_to_subs":false,"_jetpack_newsletter_tier_id":0,"_jetpack_memberships_contains_paywalled_content":false,"_jetpack_memberships_contains_paid_content":false,"footnotes":""},"categories":[6,2],"tags":[1092,443,238],"class_list":["post-24155","post","type-post","status-publish","format-standard","has-post-thumbnail","hentry","category-cultura","category-destaque","tag-154o-festa-de-sao-sebastiao","tag-programacao","tag-secretaria-de-cultura-e-turismo"],"jetpack_featured_media_url":"https:\/\/www.paudalho.pe.gov.br\/portal\/wp-content\/uploads\/2023\/01\/154o-Festa-de-Sao-Sebastiao.jpeg","jetpack_sharing_enabled":true,"jetpack_shortlink":"https:\/\/wp.me\/p98mS2-6hB","_links":{"self":[{"href":"https:\/\/www.paudalho.pe.gov.br\/portal\/wp-json\/wp\/v2\/posts\/24155","targetHints":{"allow":["GET"]}}],"collection":[{"href":"https:\/\/www.paudalho.pe.gov.br\/portal\/wp-json\/wp\/v2\/posts"}],"about":[{"href":"https:\/\/www.paudalho.pe.gov.br\/portal\/wp-json\/wp\/v2\/types\/post"}],"author":[{"embeddable":true,"href":"https:\/\/www.paudalho.pe.gov.br\/portal\/wp-json\/wp\/v2\/users\/11"}],"replies":[{"embeddable":true,"href":"https:\/\/www.paudalho.pe.gov.br\/portal\/wp-json\/wp\/v2\/comments?post=24155"}],"version-history":[{"count":2,"href":"https:\/\/www.paudalho.pe.gov.br\/portal\/wp-json\/wp\/v2\/posts\/24155\/revisions"}],"predecessor-version":[{"id":24161,"href":"https:\/\/www.paudalho.pe.gov.br\/portal\/wp-json\/wp\/v2\/posts\/24155\/revisions\/24161"}],"wp:featuredmedia":[{"embeddable":true,"href":"https:\/\/www.paudalho.pe.gov.br\/portal\/wp-json\/wp\/v2\/media\/24156"}],"wp:attachment":[{"href":"https:\/\/www.paudalho.pe.gov.br\/portal\/wp-json\/wp\/v2\/media?parent=24155"}],"wp:term":[{"taxonomy":"category","embeddable":true,"href":"https:\/\/www.paudalho.pe.gov.br\/portal\/wp-json\/wp\/v2\/categories?post=24155"},{"taxonomy":"post_tag","embeddable":true,"href":"https:\/\/www.paudalho.pe.gov.br\/portal\/wp-json\/wp\/v2\/tags?post=24155"}],"curies":[{"name":"wp","href":"https:\/\/api.w.org\/{rel}","templated":true}]}}