{"id":24139,"date":"2023-01-18T14:16:23","date_gmt":"2023-01-18T17:16:23","guid":{"rendered":"https:\/\/www.paudalho.pe.gov.br\/portal\/?p=24139"},"modified":"2025-01-08T00:39:01","modified_gmt":"2025-01-08T03:39:01","slug":"centro-de-desenvolvimento-cognitivo-e-psicomotor-disponibiliza-atendimento-para-alunos-com-multiplas-deficiencias-e-necessidades-especiais","status":"publish","type":"post","link":"https:\/\/www.paudalho.pe.gov.br\/portal\/centro-de-desenvolvimento-cognitivo-e-psicomotor-disponibiliza-atendimento-para-alunos-com-multiplas-deficiencias-e-necessidades-especiais\/","title":{"rendered":"Centro de Desenvolvimento Cognitivo e Psicomotor disponibiliza atendimento para alunos com m\u00faltiplas defici\u00eancias e necessidades especiais"},"content":{"rendered":"\n<p>Com o objetivo de promover a inclus\u00e3o social e escolar de crian\u00e7as com defici\u00eancias m\u00faltiplas e necessidades especiais, a Prefeitura do Paudalho, por meio da Secretaria Municipal de Educa\u00e7\u00e3o e Esportes, criou o Centro de Desenvolvimento Cognitivo e Psicomotor \u2013 CEDECOP. O servi\u00e7o visa lapidar as habilidades pessoais, motoras, intelectuais, e cognitivas para que seja poss\u00edvel alcan\u00e7ar o prop\u00f3sito da Educa\u00e7\u00e3o Inclusiva na perspectiva da educa\u00e7\u00e3o especial, que \u00e9 a garantia de Direitos Fundamentais, sentimento de pertencimento \u00e0 sociedade e o pleno exerc\u00edcio da cidadania.<\/p>\n\n\n\n<p>Inaugurado pelo prefeito Marcelo Gouveia no Dia Nacional de Luta da Pessoa com Defici\u00eancia, em setembro, o projeto surgiu devido ao grande n\u00famero de crian\u00e7as com defici\u00eancias m\u00faltiplas e necessidades especiais matriculadas nas escolas da Rede Municipal de Ensino, e a necessidade de garantir a elas o direito ao espa\u00e7o escolar, \u00e0 vida familiar, comunit\u00e1ria e social, e identificando que esse subs\u00eddio s\u00f3 \u00e9 poss\u00edvel por interm\u00e9dio de uma equipe multidisciplinar.<\/p>\n\n\n\n<p><strong>Destaque com Neuropediatria&nbsp;<\/strong><\/p>\n\n\n\n<p>Localizado na Avenida Senador Pinheiro Ramos, no centro de Paudalho, atualmente oferece servi\u00e7os de psicologia, fisioterapia, nutri\u00e7\u00e3o e neuropediatra, com a previs\u00e3o de contratar ainda outros profissionais das \u00e1reas da pedagogia e psicopedagogia, fonoaudiologia, terapeuta ocupacional e assist\u00eancia social para composi\u00e7\u00e3o da equipe e, deste modo, atender as demandas das crian\u00e7as.&nbsp;<\/p>\n\n\n\n<p>Com o crit\u00e9rio para ser atendido no CEDECOP ser apenas a crian\u00e7a estar matriculada em uma das escolas da Rede Municipal ou nas Creches, o acompanhamento especializado oferecido pelo Centro contribui com o desenvolvimento psicol\u00f3gico, motor e cognitivo, eixos fundamentais para a constru\u00e7\u00e3o do processo de ensino e aprendizagem. Nessa perspectiva, os profissionais que comp\u00f5em a equipe multidisciplinar, cada um com seu conhecimento te\u00f3rico metodol\u00f3gico e sua especificidade, assumem seu papel em contribuir para minimizar as barreiras para que essas crian\u00e7as possam estar no mundo em condi\u00e7\u00f5es de igualdade e equidade e&nbsp; promover qualidade de vida.<\/p>\n","protected":false},"excerpt":{"rendered":"<p>Com o objetivo de promover a inclus\u00e3o social e escolar de crian\u00e7as com defici\u00eancias m\u00faltiplas e necessidades especiais, a Prefeitura do Paudalho, por meio da Secretaria Municipal de Educa\u00e7\u00e3o e Esportes, criou o Centro de Desenvolvimento Cognitivo e Psicomotor \u2013 CEDECOP. O servi\u00e7o visa lapidar as habilidades pessoais, motoras, intelectuais, e cognitivas para que seja [&hellip;]<\/p>\n","protected":false},"author":11,"featured_media":24149,"comment_status":"open","ping_status":"open","sticky":false,"template":"","format":"standard","meta":{"_jetpack_newsletter_access":"","_jetpack_dont_email_post_to_subs":false,"_jetpack_newsletter_tier_id":0,"_jetpack_memberships_contains_paywalled_content":false,"_jetpack_memberships_contains_paid_content":false,"footnotes":""},"categories":[2,520],"tags":[1094,1093],"class_list":["post-24139","post","type-post","status-publish","format-standard","has-post-thumbnail","hentry","category-destaque","category-educacao-2","tag-a-secretaria-municipal-de-educacao-e-esportes","tag-centro-de-desenvolvimento-cognitivo-e-psicomotor"],"jetpack_featured_media_url":"https:\/\/www.paudalho.pe.gov.br\/portal\/wp-content\/uploads\/2023\/01\/Centro-de-Desenvolvimento-Cognitivo-e-Psicomotor-1.jpeg","jetpack_sharing_enabled":true,"jetpack_shortlink":"https:\/\/wp.me\/p98mS2-6hl","_links":{"self":[{"href":"https:\/\/www.paudalho.pe.gov.br\/portal\/wp-json\/wp\/v2\/posts\/24139","targetHints":{"allow":["GET"]}}],"collection":[{"href":"https:\/\/www.paudalho.pe.gov.br\/portal\/wp-json\/wp\/v2\/posts"}],"about":[{"href":"https:\/\/www.paudalho.pe.gov.br\/portal\/wp-json\/wp\/v2\/types\/post"}],"author":[{"embeddable":true,"href":"https:\/\/www.paudalho.pe.gov.br\/portal\/wp-json\/wp\/v2\/users\/11"}],"replies":[{"embeddable":true,"href":"https:\/\/www.paudalho.pe.gov.br\/portal\/wp-json\/wp\/v2\/comments?post=24139"}],"version-history":[{"count":1,"href":"https:\/\/www.paudalho.pe.gov.br\/portal\/wp-json\/wp\/v2\/posts\/24139\/revisions"}],"predecessor-version":[{"id":24150,"href":"https:\/\/www.paudalho.pe.gov.br\/portal\/wp-json\/wp\/v2\/posts\/24139\/revisions\/24150"}],"wp:featuredmedia":[{"embeddable":true,"href":"https:\/\/www.paudalho.pe.gov.br\/portal\/wp-json\/wp\/v2\/media\/24149"}],"wp:attachment":[{"href":"https:\/\/www.paudalho.pe.gov.br\/portal\/wp-json\/wp\/v2\/media?parent=24139"}],"wp:term":[{"taxonomy":"category","embeddable":true,"href":"https:\/\/www.paudalho.pe.gov.br\/portal\/wp-json\/wp\/v2\/categories?post=24139"},{"taxonomy":"post_tag","embeddable":true,"href":"https:\/\/www.paudalho.pe.gov.br\/portal\/wp-json\/wp\/v2\/tags?post=24139"}],"curies":[{"name":"wp","href":"https:\/\/api.w.org\/{rel}","templated":true}]}}