{"id":24121,"date":"2023-01-17T10:14:31","date_gmt":"2023-01-17T13:14:31","guid":{"rendered":"https:\/\/www.paudalho.pe.gov.br\/portal\/?p=24121"},"modified":"2025-01-08T00:39:01","modified_gmt":"2025-01-08T03:39:01","slug":"artistas-paudalhenses-sao-atracao-principal-nos-primeiros-dias-da-154o-festa-de-sao-sebastiao","status":"publish","type":"post","link":"https:\/\/www.paudalho.pe.gov.br\/portal\/artistas-paudalhenses-sao-atracao-principal-nos-primeiros-dias-da-154o-festa-de-sao-sebastiao\/","title":{"rendered":"<strong>Artistas paudalhenses s\u00e3o atra\u00e7\u00e3o principal nos primeiros dias da 154\u00ba Festa de S\u00e3o Sebasti\u00e3o<\/strong>"},"content":{"rendered":"\n<p>Na \u00faltima sexta-feira (13), a Prefeitura do Paudalho por meio da Secretaria de Cultura, Turismo, Lazer e Juventude deu in\u00edcio \u00e0s festividades da 154\u00ba Festa de S\u00e3o Sebasti\u00e3o da cidade que fica na Mata Norte. Com atra\u00e7\u00f5es programadas at\u00e9 o domingo, 22 de janeiro, e divididas em dois polos, foi no <strong>Polo Cultural<\/strong> que a celebra\u00e7\u00e3o deu o pontap\u00e9 inicial nestes primeiros dias.<\/p>\n\n\n\n<p>Com o palco voltado a artistas de Paudalho que representam as tradi\u00e7\u00f5es do munic\u00edpio, o Polo Cultural, que fica localizado na Rua Padre Emigdio Fernandes, traz nomes que brilham em um show de arte e criatividade. Para abrir a festa, na sexta-feira (13), ocorreu a apresenta\u00e7\u00e3o de Joebson Vaqueiro, seguido de Zeca Cirandeiro e a Ciranda Popular de Paudalho. O s\u00e1bado (14) come\u00e7ou com Forr\u00f3 da Babilaka e, logo depois, teve Lau Santos e Givaldo Show. J\u00e1 no domingo (15), quem animou o palco foi a Orquestra 100% Frevo e o Grupo Novo Samba S\/A.<\/p>\n\n\n\n<p><strong>FEIRA DE ARTESANATO<\/strong><\/p>\n\n\n\n<p>E n\u00e3o \u00e9 s\u00f3 na m\u00fasica que a festividade mostra toda a for\u00e7a cultural de Paudalho. A comemora\u00e7\u00e3o ainda conta com a Feira Artesanal, onde trinta artes\u00e3os est\u00e3o expondo suas obras nas mais diversas tipologias de artesanato, al\u00e9m de alimenta\u00e7\u00e3o t\u00edpica do munic\u00edpio. A Feira est\u00e1 situada em frente ao palco cultural. No local tamb\u00e9m tem o Stand do Turismo, carimbando o Passaporte Pernambuco dos visitantes, al\u00e9m do Stand da Sa\u00fade e da Assist\u00eancia Social.<\/p>\n\n\n\n<p>Com atividades para toda a fam\u00edlia, al\u00e9m das atra\u00e7\u00f5es musicais, o festejo ainda conta com parque de divers\u00f5es com brinquedos para divertir tanto as crian\u00e7as quanto os adultos. &#8220;A festa est\u00e1 muito massa. A gente est\u00e1 podendo rever aqui os amigos da gente. Estamos podendo vir aqui nos divertir, e o parque est\u00e1 muito massa. Trouxe minha amiga, ent\u00e3o est\u00e1 show de bola\u201d, comentou o paudalhense, Alexandre Barbosa.<\/p>\n\n\n\n<p>Al\u00e9m das celebra\u00e7\u00f5es art\u00edsticas, na sexta-feira ainda ocorreu a tradicional Prociss\u00e3o da Bandeira da 154\u00ba Festa de S\u00e3o Sebasti\u00e3o, onde centenas de fi\u00e9is de todas as idades caminharam pelas principais ruas da cidade em uma enorme demonstra\u00e7\u00e3o de f\u00e9.<\/p>\n\n\n\n<p>No decorrer da semana, a partir das 20h30, a programa\u00e7\u00e3o do Polo Cultural continua por conta dos donos da casa. Nesta ter\u00e7a-feira (17), a anima\u00e7\u00e3o vai ser com a Cia de Dan\u00e7a Ra\u00edzes da Mastruz e ainda tem apresenta\u00e7\u00f5es de Lito Show e Aleff Counter. Na quarta-feira (18), o meio da semana ser\u00e1 agitado com as performances do Pastoril do Servi\u00e7o de Conviv\u00eancia e Fortalecimento de V\u00ednculos, de Biu Sanfoneiro e os Populares Nordestinos, e do Bloco L\u00edrico Magia L\u00edrica. Na quinta-feira (19) tem os shows de Raminho Soares e Biu Pequeno e da Banda Ess\u00eancia.<\/p>\n\n\n\n<p>Para celebrar o m\u00e1rtir que \u00e9 o homenageado da data, a sexta-feira (20) conta com os shows religiosas do DJ Roony Moura, e no s\u00e1bado (21) o Padre Diego Silva, traz ao Polo m\u00fasicas cat\u00f3licas para louvar o padroeiro e relembrar sua trajet\u00f3ria de f\u00e9 que o torna um s\u00edmbolo do catolicismo. No domingo (22), o \u00faltimo dia de festa tem apresenta\u00e7\u00f5es de Carpinteiro Rabecado e do Mestre Anderson e a Ciranda Raiz da Mata Norte.<\/p>\n\n\n\n<p><strong>POLO PRINCIPAL<\/strong><\/p>\n\n\n\n<p>Ainda nesta semana, no P\u00e1tio de Eventos Beira-Rio, no Centro da cidade, a programa\u00e7\u00e3o segue. Na sexta-feira (20), Xuxu a Perigosa sobe ao palco, seguida da Banda Sentimentos, e os consagrados Sirano e Sirino concluem a primeira noite de divers\u00e3o. No s\u00e1bado (21), a festa \u00e9 comandada por Juarez (ex-Magn\u00edficos), Rog\u00e9rio Som e a Banda Tropikalia. Para encerrar o fim de semana de festa, no domingo (22), Fagner e Amandinha animam os festejos, logo ap\u00f3s tem O Conde S\u00f3 Brega e, para finalizar, banda Arreio de Ouro. Nos tr\u00eas dias as atra\u00e7\u00f5es come\u00e7am a partir das 20h.<\/p>\n\n\n\n<p>Pensando na acessibilidade do evento, o local ir\u00e1 contar com um estacionamento exclusivo para pessoas com defici\u00eancia.<\/p>\n\n\n\n<figure class=\"wp-block-gallery has-nested-images columns-3 is-cropped wp-block-gallery-1 is-layout-flex wp-block-gallery-is-layout-flex\">\n<figure class=\"wp-block-image size-medium\"><img loading=\"lazy\" decoding=\"async\" width=\"350\" height=\"230\" data-attachment-id=\"24130\" data-permalink=\"https:\/\/www.paudalho.pe.gov.br\/portal\/artistas-paudalhenses-sao-atracao-principal-nos-primeiros-dias-da-154o-festa-de-sao-sebastiao\/whatsapp-image-2023-01-17-at-10-03-25-1-1\/\" data-orig-file=\"https:\/\/www.paudalho.pe.gov.br\/portal\/wp-content\/uploads\/2023\/01\/WhatsApp-Image-2023-01-17-at-10.03.25-1-1.jpeg\" data-orig-size=\"1280,853\" data-comments-opened=\"1\" data-image-meta=\"{&quot;aperture&quot;:&quot;0&quot;,&quot;credit&quot;:&quot;&quot;,&quot;camera&quot;:&quot;&quot;,&quot;caption&quot;:&quot;&quot;,&quot;created_timestamp&quot;:&quot;0&quot;,&quot;copyright&quot;:&quot;&quot;,&quot;focal_length&quot;:&quot;0&quot;,&quot;iso&quot;:&quot;0&quot;,&quot;shutter_speed&quot;:&quot;0&quot;,&quot;title&quot;:&quot;&quot;,&quot;orientation&quot;:&quot;0&quot;}\" data-image-title=\"WhatsApp-Image-2023-01-17-at-10.03.25-1-1\" data-image-description=\"\" data-image-caption=\"\" data-medium-file=\"https:\/\/www.paudalho.pe.gov.br\/portal\/wp-content\/uploads\/2023\/01\/WhatsApp-Image-2023-01-17-at-10.03.25-1-1-350x230.jpeg\" data-large-file=\"https:\/\/www.paudalho.pe.gov.br\/portal\/wp-content\/uploads\/2023\/01\/WhatsApp-Image-2023-01-17-at-10.03.25-1-1-800x450.jpeg\" data-id=\"24130\" src=\"https:\/\/www.paudalho.pe.gov.br\/portal\/wp-content\/uploads\/2023\/01\/WhatsApp-Image-2023-01-17-at-10.03.25-1-1-350x230.jpeg\" alt=\"\" class=\"wp-image-24130\"\/><\/figure>\n\n\n\n<figure class=\"wp-block-image size-medium\"><img loading=\"lazy\" decoding=\"async\" width=\"350\" height=\"230\" data-attachment-id=\"24124\" data-permalink=\"https:\/\/www.paudalho.pe.gov.br\/portal\/artistas-paudalhenses-sao-atracao-principal-nos-primeiros-dias-da-154o-festa-de-sao-sebastiao\/whatsapp-image-2023-01-17-at-10-03-25\/\" data-orig-file=\"https:\/\/www.paudalho.pe.gov.br\/portal\/wp-content\/uploads\/2023\/01\/WhatsApp-Image-2023-01-17-at-10.03.25.jpeg\" data-orig-size=\"1280,853\" data-comments-opened=\"1\" data-image-meta=\"{&quot;aperture&quot;:&quot;0&quot;,&quot;credit&quot;:&quot;&quot;,&quot;camera&quot;:&quot;&quot;,&quot;caption&quot;:&quot;&quot;,&quot;created_timestamp&quot;:&quot;0&quot;,&quot;copyright&quot;:&quot;&quot;,&quot;focal_length&quot;:&quot;0&quot;,&quot;iso&quot;:&quot;0&quot;,&quot;shutter_speed&quot;:&quot;0&quot;,&quot;title&quot;:&quot;&quot;,&quot;orientation&quot;:&quot;0&quot;}\" data-image-title=\"WhatsApp-Image-2023-01-17-at-10.03.25\" data-image-description=\"\" data-image-caption=\"\" data-medium-file=\"https:\/\/www.paudalho.pe.gov.br\/portal\/wp-content\/uploads\/2023\/01\/WhatsApp-Image-2023-01-17-at-10.03.25-350x230.jpeg\" data-large-file=\"https:\/\/www.paudalho.pe.gov.br\/portal\/wp-content\/uploads\/2023\/01\/WhatsApp-Image-2023-01-17-at-10.03.25-800x450.jpeg\" data-id=\"24124\" src=\"https:\/\/www.paudalho.pe.gov.br\/portal\/wp-content\/uploads\/2023\/01\/WhatsApp-Image-2023-01-17-at-10.03.25-350x230.jpeg\" alt=\"\" class=\"wp-image-24124\"\/><\/figure>\n\n\n\n<figure class=\"wp-block-image size-medium\"><img loading=\"lazy\" decoding=\"async\" width=\"350\" height=\"230\" data-attachment-id=\"24126\" data-permalink=\"https:\/\/www.paudalho.pe.gov.br\/portal\/artistas-paudalhenses-sao-atracao-principal-nos-primeiros-dias-da-154o-festa-de-sao-sebastiao\/whatsapp-image-2023-01-17-at-10-03-26-1\/\" data-orig-file=\"https:\/\/www.paudalho.pe.gov.br\/portal\/wp-content\/uploads\/2023\/01\/WhatsApp-Image-2023-01-17-at-10.03.26-1.jpeg\" data-orig-size=\"1280,853\" data-comments-opened=\"1\" data-image-meta=\"{&quot;aperture&quot;:&quot;0&quot;,&quot;credit&quot;:&quot;&quot;,&quot;camera&quot;:&quot;&quot;,&quot;caption&quot;:&quot;&quot;,&quot;created_timestamp&quot;:&quot;0&quot;,&quot;copyright&quot;:&quot;&quot;,&quot;focal_length&quot;:&quot;0&quot;,&quot;iso&quot;:&quot;0&quot;,&quot;shutter_speed&quot;:&quot;0&quot;,&quot;title&quot;:&quot;&quot;,&quot;orientation&quot;:&quot;0&quot;}\" data-image-title=\"WhatsApp-Image-2023-01-17-at-10.03.26-1\" data-image-description=\"\" data-image-caption=\"\" data-medium-file=\"https:\/\/www.paudalho.pe.gov.br\/portal\/wp-content\/uploads\/2023\/01\/WhatsApp-Image-2023-01-17-at-10.03.26-1-350x230.jpeg\" data-large-file=\"https:\/\/www.paudalho.pe.gov.br\/portal\/wp-content\/uploads\/2023\/01\/WhatsApp-Image-2023-01-17-at-10.03.26-1-800x450.jpeg\" data-id=\"24126\" src=\"https:\/\/www.paudalho.pe.gov.br\/portal\/wp-content\/uploads\/2023\/01\/WhatsApp-Image-2023-01-17-at-10.03.26-1-350x230.jpeg\" alt=\"\" class=\"wp-image-24126\"\/><\/figure>\n\n\n\n<figure class=\"wp-block-image size-medium\"><img loading=\"lazy\" decoding=\"async\" width=\"350\" height=\"230\" data-attachment-id=\"24129\" data-permalink=\"https:\/\/www.paudalho.pe.gov.br\/portal\/artistas-paudalhenses-sao-atracao-principal-nos-primeiros-dias-da-154o-festa-de-sao-sebastiao\/whatsapp-image-2023-01-17-at-10-03-27\/\" data-orig-file=\"https:\/\/www.paudalho.pe.gov.br\/portal\/wp-content\/uploads\/2023\/01\/WhatsApp-Image-2023-01-17-at-10.03.27.jpeg\" data-orig-size=\"1280,853\" data-comments-opened=\"1\" data-image-meta=\"{&quot;aperture&quot;:&quot;0&quot;,&quot;credit&quot;:&quot;&quot;,&quot;camera&quot;:&quot;&quot;,&quot;caption&quot;:&quot;&quot;,&quot;created_timestamp&quot;:&quot;0&quot;,&quot;copyright&quot;:&quot;&quot;,&quot;focal_length&quot;:&quot;0&quot;,&quot;iso&quot;:&quot;0&quot;,&quot;shutter_speed&quot;:&quot;0&quot;,&quot;title&quot;:&quot;&quot;,&quot;orientation&quot;:&quot;0&quot;}\" data-image-title=\"WhatsApp-Image-2023-01-17-at-10.03.27\" data-image-description=\"\" data-image-caption=\"\" data-medium-file=\"https:\/\/www.paudalho.pe.gov.br\/portal\/wp-content\/uploads\/2023\/01\/WhatsApp-Image-2023-01-17-at-10.03.27-350x230.jpeg\" data-large-file=\"https:\/\/www.paudalho.pe.gov.br\/portal\/wp-content\/uploads\/2023\/01\/WhatsApp-Image-2023-01-17-at-10.03.27-800x450.jpeg\" data-id=\"24129\" src=\"https:\/\/www.paudalho.pe.gov.br\/portal\/wp-content\/uploads\/2023\/01\/WhatsApp-Image-2023-01-17-at-10.03.27-350x230.jpeg\" alt=\"\" class=\"wp-image-24129\"\/><\/figure>\n\n\n\n<figure class=\"wp-block-image size-medium\"><img loading=\"lazy\" decoding=\"async\" width=\"350\" height=\"230\" data-attachment-id=\"24127\" data-permalink=\"https:\/\/www.paudalho.pe.gov.br\/portal\/artistas-paudalhenses-sao-atracao-principal-nos-primeiros-dias-da-154o-festa-de-sao-sebastiao\/whatsapp-image-2023-01-17-at-10-03-28\/\" data-orig-file=\"https:\/\/www.paudalho.pe.gov.br\/portal\/wp-content\/uploads\/2023\/01\/WhatsApp-Image-2023-01-17-at-10.03.28.jpeg\" data-orig-size=\"1280,853\" data-comments-opened=\"1\" data-image-meta=\"{&quot;aperture&quot;:&quot;0&quot;,&quot;credit&quot;:&quot;&quot;,&quot;camera&quot;:&quot;&quot;,&quot;caption&quot;:&quot;&quot;,&quot;created_timestamp&quot;:&quot;0&quot;,&quot;copyright&quot;:&quot;&quot;,&quot;focal_length&quot;:&quot;0&quot;,&quot;iso&quot;:&quot;0&quot;,&quot;shutter_speed&quot;:&quot;0&quot;,&quot;title&quot;:&quot;&quot;,&quot;orientation&quot;:&quot;0&quot;}\" data-image-title=\"WhatsApp-Image-2023-01-17-at-10.03.28\" data-image-description=\"\" data-image-caption=\"\" data-medium-file=\"https:\/\/www.paudalho.pe.gov.br\/portal\/wp-content\/uploads\/2023\/01\/WhatsApp-Image-2023-01-17-at-10.03.28-350x230.jpeg\" data-large-file=\"https:\/\/www.paudalho.pe.gov.br\/portal\/wp-content\/uploads\/2023\/01\/WhatsApp-Image-2023-01-17-at-10.03.28-800x450.jpeg\" data-id=\"24127\" src=\"https:\/\/www.paudalho.pe.gov.br\/portal\/wp-content\/uploads\/2023\/01\/WhatsApp-Image-2023-01-17-at-10.03.28-350x230.jpeg\" alt=\"\" class=\"wp-image-24127\"\/><\/figure>\n\n\n\n<figure class=\"wp-block-image size-medium\"><img loading=\"lazy\" decoding=\"async\" width=\"350\" height=\"230\" data-attachment-id=\"24128\" data-permalink=\"https:\/\/www.paudalho.pe.gov.br\/portal\/artistas-paudalhenses-sao-atracao-principal-nos-primeiros-dias-da-154o-festa-de-sao-sebastiao\/whatsapp-image-2023-01-17-at-10-03-29\/\" data-orig-file=\"https:\/\/www.paudalho.pe.gov.br\/portal\/wp-content\/uploads\/2023\/01\/WhatsApp-Image-2023-01-17-at-10.03.29.jpeg\" data-orig-size=\"1280,853\" data-comments-opened=\"1\" data-image-meta=\"{&quot;aperture&quot;:&quot;0&quot;,&quot;credit&quot;:&quot;&quot;,&quot;camera&quot;:&quot;&quot;,&quot;caption&quot;:&quot;&quot;,&quot;created_timestamp&quot;:&quot;0&quot;,&quot;copyright&quot;:&quot;&quot;,&quot;focal_length&quot;:&quot;0&quot;,&quot;iso&quot;:&quot;0&quot;,&quot;shutter_speed&quot;:&quot;0&quot;,&quot;title&quot;:&quot;&quot;,&quot;orientation&quot;:&quot;0&quot;}\" data-image-title=\"WhatsApp-Image-2023-01-17-at-10.03.29\" data-image-description=\"\" data-image-caption=\"\" data-medium-file=\"https:\/\/www.paudalho.pe.gov.br\/portal\/wp-content\/uploads\/2023\/01\/WhatsApp-Image-2023-01-17-at-10.03.29-350x230.jpeg\" data-large-file=\"https:\/\/www.paudalho.pe.gov.br\/portal\/wp-content\/uploads\/2023\/01\/WhatsApp-Image-2023-01-17-at-10.03.29-800x450.jpeg\" data-id=\"24128\" src=\"https:\/\/www.paudalho.pe.gov.br\/portal\/wp-content\/uploads\/2023\/01\/WhatsApp-Image-2023-01-17-at-10.03.29-350x230.jpeg\" alt=\"\" class=\"wp-image-24128\"\/><\/figure>\n<\/figure>\n","protected":false},"excerpt":{"rendered":"<p>Na \u00faltima sexta-feira (13), a Prefeitura do Paudalho por meio da Secretaria de Cultura, Turismo, Lazer e Juventude deu in\u00edcio \u00e0s festividades da 154\u00ba Festa de S\u00e3o Sebasti\u00e3o da cidade que fica na Mata Norte. Com atra\u00e7\u00f5es programadas at\u00e9 o domingo, 22 de janeiro, e divididas em dois polos, foi no Polo Cultural que a [&hellip;]<\/p>\n","protected":false},"author":11,"featured_media":24122,"comment_status":"open","ping_status":"open","sticky":false,"template":"","format":"standard","meta":{"_jetpack_newsletter_access":"","_jetpack_dont_email_post_to_subs":false,"_jetpack_newsletter_tier_id":0,"_jetpack_memberships_contains_paywalled_content":false,"_jetpack_memberships_contains_paid_content":false,"footnotes":""},"categories":[6,2,800],"tags":[1092,68,223,238],"class_list":["post-24121","post","type-post","status-publish","format-standard","has-post-thumbnail","hentry","category-cultura","category-destaque","category-turismo","tag-154o-festa-de-sao-sebastiao","tag-cultura","tag-festa-de-sao-sebastiao","tag-secretaria-de-cultura-e-turismo"],"jetpack_featured_media_url":"https:\/\/www.paudalho.pe.gov.br\/portal\/wp-content\/uploads\/2023\/01\/WhatsApp-Image-2023-01-17-at-10.03.26.jpeg","jetpack_sharing_enabled":true,"jetpack_shortlink":"https:\/\/wp.me\/p98mS2-6h3","_links":{"self":[{"href":"https:\/\/www.paudalho.pe.gov.br\/portal\/wp-json\/wp\/v2\/posts\/24121","targetHints":{"allow":["GET"]}}],"collection":[{"href":"https:\/\/www.paudalho.pe.gov.br\/portal\/wp-json\/wp\/v2\/posts"}],"about":[{"href":"https:\/\/www.paudalho.pe.gov.br\/portal\/wp-json\/wp\/v2\/types\/post"}],"author":[{"embeddable":true,"href":"https:\/\/www.paudalho.pe.gov.br\/portal\/wp-json\/wp\/v2\/users\/11"}],"replies":[{"embeddable":true,"href":"https:\/\/www.paudalho.pe.gov.br\/portal\/wp-json\/wp\/v2\/comments?post=24121"}],"version-history":[{"count":1,"href":"https:\/\/www.paudalho.pe.gov.br\/portal\/wp-json\/wp\/v2\/posts\/24121\/revisions"}],"predecessor-version":[{"id":24131,"href":"https:\/\/www.paudalho.pe.gov.br\/portal\/wp-json\/wp\/v2\/posts\/24121\/revisions\/24131"}],"wp:featuredmedia":[{"embeddable":true,"href":"https:\/\/www.paudalho.pe.gov.br\/portal\/wp-json\/wp\/v2\/media\/24122"}],"wp:attachment":[{"href":"https:\/\/www.paudalho.pe.gov.br\/portal\/wp-json\/wp\/v2\/media?parent=24121"}],"wp:term":[{"taxonomy":"category","embeddable":true,"href":"https:\/\/www.paudalho.pe.gov.br\/portal\/wp-json\/wp\/v2\/categories?post=24121"},{"taxonomy":"post_tag","embeddable":true,"href":"https:\/\/www.paudalho.pe.gov.br\/portal\/wp-json\/wp\/v2\/tags?post=24121"}],"curies":[{"name":"wp","href":"https:\/\/api.w.org\/{rel}","templated":true}]}}