{"id":24095,"date":"2023-01-13T12:27:56","date_gmt":"2023-01-13T15:27:56","guid":{"rendered":"https:\/\/www.paudalho.pe.gov.br\/portal\/?p=24095"},"modified":"2023-01-13T16:38:48","modified_gmt":"2023-01-13T19:38:48","slug":"apresentacoes-musicais-culturais-e-feira-de-artesanato-sao-destaques-da-154o-festa-de-sao-sebastiao-em-paudalho","status":"publish","type":"post","link":"https:\/\/www.paudalho.pe.gov.br\/portal\/apresentacoes-musicais-culturais-e-feira-de-artesanato-sao-destaques-da-154o-festa-de-sao-sebastiao-em-paudalho\/","title":{"rendered":"Apresenta\u00e7\u00f5es musicais, culturais e Feira de Artesanato S\u00e3o Destaques da 154\u00ba Festa de S\u00e3o Sebasti\u00e3o"},"content":{"rendered":"\n<p>Com 154 anos de tradi\u00e7\u00e3o, o munic\u00edpio de Paudalho, na Mata Norte, anunciou as atra\u00e7\u00f5es da Festa de S\u00e3o Sebasti\u00e3o 2023, que ocorrer\u00e1 desta sexta-feira (13) at\u00e9 o domingo, dia 22 de janeiro. O evento, realizado atrav\u00e9s da Secretaria de Cultura, Turismo, Lazer e Juventudes, conta dois polos: o Cultural, localizado na Rua Padre Em\u00eddio, no Centro da Cidade e o Principal, no P\u00e1tio de Eventos Beira-Rio, tamb\u00e9m na regi\u00e3o central. No Polo Principal haver\u00e1 apresenta\u00e7\u00f5es de diversas bandas e artistas, como: Arreio de Ouro, Rog\u00e9rio Som, Conde S\u00f3 Brega, Banda Sentimentos, Sirano e Sirino e Juarez (ex-Magn\u00edficos), sempre a partir das 20h.<\/p>\n\n\n\n<p>J\u00e1 no Polo Cultural, as apresenta\u00e7\u00f5es s\u00e3o dedicadas \u00e0 valoriza\u00e7\u00e3o de manifesta\u00e7\u00f5es culturais e artistas da terra. Na programa\u00e7\u00e3o haver\u00e1 cantores de Paudalho, orquestra de frevo, companhias de dan\u00e7a, pastoril, entre outras atra\u00e7\u00f5es, sempre a partir das 20h30. No local tamb\u00e9m funcionar\u00e1 a Feira de Artesanato que oportunizar\u00e1 os artes\u00e3os do munic\u00edpio. &#8220;Mais uma vez a gente faz uma festa democr\u00e1tica, para a fam\u00edlia. Vamos ter atra\u00e7\u00f5es culturais da terra, no Polo Cultural e ainda as bandas e artistas no Beira Rio, em nosso Polo Principal. Al\u00e9m disso, teremos uma Feira de Artesanato, um espa\u00e7o onde os nossos artes\u00e3os poder\u00e3o mostrar os seus produtos. Estamos felizes e esperamos que todos possam celebrar&#8221;, comentou o prefeito Marcelo Gouveia. Ao todo, ser\u00e3o 10 dias de programa\u00e7\u00e3o na cidade e mais de 25 atra\u00e7\u00f5es musicais, de dan\u00e7a e cultura.<\/p>\n\n\n\n<p><strong>Confira a programa\u00e7\u00e3o completa:<\/strong><\/p>\n\n\n\n<p>POLO CULTURAL, a partir das 20h30<br>13\/01, Sexta-feira<\/p>\n\n\n\n<ul class=\"wp-block-list\">\n<li>Joebson Vaqueiro<\/li>\n\n\n\n<li>Zeca Cirandeiro e ciranda popular de Paudalho<\/li>\n<\/ul>\n\n\n\n<p>14\/01, S\u00e1bado<\/p>\n\n\n\n<ul class=\"wp-block-list\">\n<li>Forr\u00f3 da Babilaka<\/li>\n\n\n\n<li>Lau Santos e Gilvado Show<\/li>\n<\/ul>\n\n\n\n<p>15\/01, Domingo<\/p>\n\n\n\n<ul class=\"wp-block-list\">\n<li>Orquestra 100% frevo<\/li>\n\n\n\n<li>Grupo Novo Samba S\/A<\/li>\n<\/ul>\n\n\n\n<p>16\/01, Segunda-feira<\/p>\n\n\n\n<ul class=\"wp-block-list\">\n<li>Cia de dan\u00e7a Ra\u00edzes da Mastruz<\/li>\n\n\n\n<li>Jo\u00e3o e Henrique<\/li>\n<\/ul>\n\n\n\n<p>17\/01, Ter\u00e7a-feira<\/p>\n\n\n\n<ul class=\"wp-block-list\">\n<li>Lito Show<\/li>\n\n\n\n<li>Aleff Counter<\/li>\n<\/ul>\n\n\n\n<p>18\/01, Quarta-feira<\/p>\n\n\n\n<ul class=\"wp-block-list\">\n<li>Pastoril do Servi\u00e7o de Conviv\u00eancia e Fortalecimento de V\u00ednculos, do Sedas<\/li>\n\n\n\n<li>Biu Sanfoneiro e os populares nordestinos<\/li>\n\n\n\n<li>Bloco L\u00edrico Magia L\u00edrica<\/li>\n<\/ul>\n\n\n\n<p>19\/01, Quinta-feira<\/p>\n\n\n\n<ul class=\"wp-block-list\">\n<li>Zaminho Soares e Biu Pequeno<\/li>\n\n\n\n<li>Banda Ess\u00eancia<\/li>\n<\/ul>\n\n\n\n<p>20\/01, Sexta-feira<\/p>\n\n\n\n<ul class=\"wp-block-list\">\n<li>Dj Roony Moura<\/li>\n<\/ul>\n\n\n\n<p>21\/01, S\u00e1bado<\/p>\n\n\n\n<ul class=\"wp-block-list\">\n<li>Padre Diego Silva<\/li>\n<\/ul>\n\n\n\n<p>22\/01, Domingo<\/p>\n\n\n\n<ul class=\"wp-block-list\">\n<li>Mestre Anderson e a Ciranda Raiz da Mata Norte<\/li>\n\n\n\n<li>Carpinteiro Rabecado<\/li>\n<\/ul>\n\n\n\n<p>POLO PRINCIPAL P\u00c1TIO DE EVENTOS BEIRA RIO, a partir das 20h<\/p>\n\n\n\n<p>20\/01, Sexta-feira<\/p>\n\n\n\n<ul class=\"wp-block-list\">\n<li>Xuxu a Perigosa<\/li>\n\n\n\n<li>Sentimentos<\/li>\n\n\n\n<li>Sirano e Sirino<\/li>\n<\/ul>\n\n\n\n<p>21\/01, S\u00e1bado<\/p>\n\n\n\n<ul class=\"wp-block-list\">\n<li>Juarez<\/li>\n\n\n\n<li>Rog\u00e9rio Som<\/li>\n\n\n\n<li>Tropikalia<\/li>\n<\/ul>\n\n\n\n<p>22\/01, Domingo<\/p>\n\n\n\n<ul class=\"wp-block-list\">\n<li>Fagner e Amandinha<\/li>\n\n\n\n<li>O Conde S\u00f3 Brega<\/li>\n\n\n\n<li>Arreio de Ouro<\/li>\n<\/ul>\n\n\n\n<p>Com informa\u00e7\u00f5es de Amanda Myrtes.<\/p>\n\n\n\n<p><\/p>\n\n\n\n<p><\/p>\n","protected":false},"excerpt":{"rendered":"<p>Com 154 anos de tradi\u00e7\u00e3o, o munic\u00edpio de Paudalho, na Mata Norte, anunciou as atra\u00e7\u00f5es da Festa de S\u00e3o Sebasti\u00e3o 2023, que ocorrer\u00e1 desta sexta-feira (13) at\u00e9 o domingo, dia 22 de janeiro. O evento, realizado atrav\u00e9s da Secretaria de Cultura, Turismo, Lazer e Juventudes, conta dois polos: o Cultural, localizado na Rua Padre Em\u00eddio, [&hellip;]<\/p>\n","protected":false},"author":2,"featured_media":24103,"comment_status":"open","ping_status":"open","sticky":false,"template":"","format":"standard","meta":{"_jetpack_newsletter_access":"","_jetpack_dont_email_post_to_subs":false,"_jetpack_newsletter_tier_id":0,"_jetpack_memberships_contains_paywalled_content":false,"_jetpack_memberships_contains_paid_content":false,"footnotes":""},"categories":[6,2,1],"tags":[223,14],"class_list":["post-24095","post","type-post","status-publish","format-standard","has-post-thumbnail","hentry","category-cultura","category-destaque","category-noticias","tag-festa-de-sao-sebastiao","tag-paudalho"],"jetpack_featured_media_url":"https:\/\/www.paudalho.pe.gov.br\/portal\/wp-content\/uploads\/2023\/01\/WhatsApp-Image-2023-01-13-at-12.08.25.jpeg","jetpack_sharing_enabled":true,"jetpack_shortlink":"https:\/\/wp.me\/p98mS2-6gD","_links":{"self":[{"href":"https:\/\/www.paudalho.pe.gov.br\/portal\/wp-json\/wp\/v2\/posts\/24095","targetHints":{"allow":["GET"]}}],"collection":[{"href":"https:\/\/www.paudalho.pe.gov.br\/portal\/wp-json\/wp\/v2\/posts"}],"about":[{"href":"https:\/\/www.paudalho.pe.gov.br\/portal\/wp-json\/wp\/v2\/types\/post"}],"author":[{"embeddable":true,"href":"https:\/\/www.paudalho.pe.gov.br\/portal\/wp-json\/wp\/v2\/users\/2"}],"replies":[{"embeddable":true,"href":"https:\/\/www.paudalho.pe.gov.br\/portal\/wp-json\/wp\/v2\/comments?post=24095"}],"version-history":[{"count":6,"href":"https:\/\/www.paudalho.pe.gov.br\/portal\/wp-json\/wp\/v2\/posts\/24095\/revisions"}],"predecessor-version":[{"id":24110,"href":"https:\/\/www.paudalho.pe.gov.br\/portal\/wp-json\/wp\/v2\/posts\/24095\/revisions\/24110"}],"wp:featuredmedia":[{"embeddable":true,"href":"https:\/\/www.paudalho.pe.gov.br\/portal\/wp-json\/wp\/v2\/media\/24103"}],"wp:attachment":[{"href":"https:\/\/www.paudalho.pe.gov.br\/portal\/wp-json\/wp\/v2\/media?parent=24095"}],"wp:term":[{"taxonomy":"category","embeddable":true,"href":"https:\/\/www.paudalho.pe.gov.br\/portal\/wp-json\/wp\/v2\/categories?post=24095"},{"taxonomy":"post_tag","embeddable":true,"href":"https:\/\/www.paudalho.pe.gov.br\/portal\/wp-json\/wp\/v2\/tags?post=24095"}],"curies":[{"name":"wp","href":"https:\/\/api.w.org\/{rel}","templated":true}]}}