{"id":2399,"date":"2018-01-22T11:10:42","date_gmt":"2018-01-22T14:10:42","guid":{"rendered":"http:\/\/www.paudalho.pe.gov.br\/portal\/?p=2399"},"modified":"2018-01-22T13:29:59","modified_gmt":"2018-01-22T16:29:59","slug":"19-corrida-de-sao-sebastiao-reune-atletas-regionais-estaduais-e-nacionais-em-paudalho","status":"publish","type":"post","link":"https:\/\/www.paudalho.pe.gov.br\/portal\/19-corrida-de-sao-sebastiao-reune-atletas-regionais-estaduais-e-nacionais-em-paudalho\/","title":{"rendered":"19\u00b0 Corrida de S\u00e3o Sebasti\u00e3o re\u00fane atletas regionais, estaduais e nacionais em Paudalho"},"content":{"rendered":"<p>As ruas do Paudalho foram tomadas neste domingo (21) por atletas do Munic\u00edpio, estado e pa\u00eds, na tradicional Corrida de S\u00e3o Sebasti\u00e3o. Com percurso que envolveu diversos pontos da cidade, a 19\u00b0 edi\u00e7\u00e3o do evento esportivo contou com a participa\u00e7\u00e3o de cerca de 110 atletas.<\/p>\n<div id=\"attachment_2401\" style=\"width: 515px\" class=\"wp-caption alignnone\"><img loading=\"lazy\" decoding=\"async\" aria-describedby=\"caption-attachment-2401\" data-attachment-id=\"2401\" data-permalink=\"https:\/\/www.paudalho.pe.gov.br\/portal\/19-corrida-de-sao-sebastiao-reune-atletas-regionais-estaduais-e-nacionais-em-paudalho\/e3d00fa5-391d-48f4-b3d0-bd4ff3a07c62\/\" data-orig-file=\"https:\/\/www.paudalho.pe.gov.br\/portal\/wp-content\/uploads\/2018\/01\/e3d00fa5-391d-48f4-b3d0-bd4ff3a07c62.jpg\" data-orig-size=\"1024,683\" data-comments-opened=\"1\" data-image-meta=\"{&quot;aperture&quot;:&quot;0&quot;,&quot;credit&quot;:&quot;&quot;,&quot;camera&quot;:&quot;&quot;,&quot;caption&quot;:&quot;&quot;,&quot;created_timestamp&quot;:&quot;0&quot;,&quot;copyright&quot;:&quot;&quot;,&quot;focal_length&quot;:&quot;0&quot;,&quot;iso&quot;:&quot;0&quot;,&quot;shutter_speed&quot;:&quot;0&quot;,&quot;title&quot;:&quot;&quot;,&quot;orientation&quot;:&quot;0&quot;}\" data-image-title=\"e3d00fa5-391d-48f4-b3d0-bd4ff3a07c62\" data-image-description=\"\" data-image-caption=\"&lt;p&gt;Foto: Diego Lira &lt;\/p&gt;\n\" data-medium-file=\"https:\/\/www.paudalho.pe.gov.br\/portal\/wp-content\/uploads\/2018\/01\/e3d00fa5-391d-48f4-b3d0-bd4ff3a07c62-350x230.jpg\" data-large-file=\"https:\/\/www.paudalho.pe.gov.br\/portal\/wp-content\/uploads\/2018\/01\/e3d00fa5-391d-48f4-b3d0-bd4ff3a07c62-800x450.jpg\" class=\" wp-image-2401\" src=\"http:\/\/www.paudalho.pe.gov.br\/portal\/wp-content\/uploads\/2018\/01\/e3d00fa5-391d-48f4-b3d0-bd4ff3a07c62-350x230.jpg\" alt=\"\" width=\"505\" height=\"332\" \/><p id=\"caption-attachment-2401\" class=\"wp-caption-text\">Foto: Iisak de Castro\/PMP<\/p><\/div>\n<p>Com 18 minutos e 47 segundos, o vencedor da categoria masculina Marcos Ant\u00f4nio, atleta do munic\u00edpio de Garanhuns, representante da equipe do Cruzeiro Sport, completou o trajeto de seis quil\u00f4metros. O campe\u00e3o j\u00e1 coleciona t\u00edtulos como o da Maratona do Rio de Janeiro, bicampe\u00e3o da maratona de Curitiba, Maratona de Sergipe, Maratona Uninassau e vice-campe\u00e3o Sul-Americano na modalidade.<\/p>\n<div id=\"attachment_2402\" style=\"width: 516px\" class=\"wp-caption alignnone\"><img loading=\"lazy\" decoding=\"async\" aria-describedby=\"caption-attachment-2402\" data-attachment-id=\"2402\" data-permalink=\"https:\/\/www.paudalho.pe.gov.br\/portal\/19-corrida-de-sao-sebastiao-reune-atletas-regionais-estaduais-e-nacionais-em-paudalho\/65a87651-4c65-45cf-8af5-7faf7973cb1a\/\" data-orig-file=\"https:\/\/www.paudalho.pe.gov.br\/portal\/wp-content\/uploads\/2018\/01\/65a87651-4c65-45cf-8af5-7faf7973cb1a.jpg\" data-orig-size=\"1024,683\" data-comments-opened=\"1\" data-image-meta=\"{&quot;aperture&quot;:&quot;0&quot;,&quot;credit&quot;:&quot;&quot;,&quot;camera&quot;:&quot;&quot;,&quot;caption&quot;:&quot;&quot;,&quot;created_timestamp&quot;:&quot;0&quot;,&quot;copyright&quot;:&quot;&quot;,&quot;focal_length&quot;:&quot;0&quot;,&quot;iso&quot;:&quot;0&quot;,&quot;shutter_speed&quot;:&quot;0&quot;,&quot;title&quot;:&quot;&quot;,&quot;orientation&quot;:&quot;0&quot;}\" data-image-title=\"65a87651-4c65-45cf-8af5-7faf7973cb1a\" data-image-description=\"\" data-image-caption=\"&lt;p&gt;Foto: Diego Lira &lt;\/p&gt;\n\" data-medium-file=\"https:\/\/www.paudalho.pe.gov.br\/portal\/wp-content\/uploads\/2018\/01\/65a87651-4c65-45cf-8af5-7faf7973cb1a-350x230.jpg\" data-large-file=\"https:\/\/www.paudalho.pe.gov.br\/portal\/wp-content\/uploads\/2018\/01\/65a87651-4c65-45cf-8af5-7faf7973cb1a-800x450.jpg\" class=\" wp-image-2402\" src=\"http:\/\/www.paudalho.pe.gov.br\/portal\/wp-content\/uploads\/2018\/01\/65a87651-4c65-45cf-8af5-7faf7973cb1a-350x230.jpg\" alt=\"\" width=\"506\" height=\"333\" \/><p id=\"caption-attachment-2402\" class=\"wp-caption-text\">Foto: Iisak de Castro\/PMP<\/p><\/div>\n<p>Na categoria feminina, o primeiro lugar do p\u00f3dio foi conquistado pela atleta da Marinha do Brasil, sargento Mirela Saturnino. Ela vive um bom momento no Atletismo nacional e internacional. Conquistou para seu curr\u00edculo o t\u00edtulo de campe\u00e3 Sul-Americana da maratona no Chile em 2017, terceiro lugar, em 2016, na Maratona do Rio de Janeiro e segundo lugar na Maratona do Rio de Janeiro no ano passado, ficando atr\u00e1s apenas da Queniana, Ednah Mukhwana, e \u00e0 frente da campe\u00e3 de 2016, Priscila Lorchima. Na disputa local o destaque foi do atleta paudalhense, Edy Carlos, da equipe Guerreiros de Aldeia.<\/p>\n<div id=\"attachment_2403\" style=\"width: 516px\" class=\"wp-caption alignnone\"><img loading=\"lazy\" decoding=\"async\" aria-describedby=\"caption-attachment-2403\" data-attachment-id=\"2403\" data-permalink=\"https:\/\/www.paudalho.pe.gov.br\/portal\/19-corrida-de-sao-sebastiao-reune-atletas-regionais-estaduais-e-nacionais-em-paudalho\/23a7fb11-277d-4b8f-a3d2-ba8803d15cd8\/\" data-orig-file=\"https:\/\/www.paudalho.pe.gov.br\/portal\/wp-content\/uploads\/2018\/01\/23a7fb11-277d-4b8f-a3d2-ba8803d15cd8.jpg\" data-orig-size=\"1024,683\" data-comments-opened=\"1\" data-image-meta=\"{&quot;aperture&quot;:&quot;0&quot;,&quot;credit&quot;:&quot;&quot;,&quot;camera&quot;:&quot;&quot;,&quot;caption&quot;:&quot;&quot;,&quot;created_timestamp&quot;:&quot;0&quot;,&quot;copyright&quot;:&quot;&quot;,&quot;focal_length&quot;:&quot;0&quot;,&quot;iso&quot;:&quot;0&quot;,&quot;shutter_speed&quot;:&quot;0&quot;,&quot;title&quot;:&quot;&quot;,&quot;orientation&quot;:&quot;0&quot;}\" data-image-title=\"23a7fb11-277d-4b8f-a3d2-ba8803d15cd8\" data-image-description=\"\" data-image-caption=\"&lt;p&gt;Foto: Diego Lira &lt;\/p&gt;\n\" data-medium-file=\"https:\/\/www.paudalho.pe.gov.br\/portal\/wp-content\/uploads\/2018\/01\/23a7fb11-277d-4b8f-a3d2-ba8803d15cd8-350x230.jpg\" data-large-file=\"https:\/\/www.paudalho.pe.gov.br\/portal\/wp-content\/uploads\/2018\/01\/23a7fb11-277d-4b8f-a3d2-ba8803d15cd8-800x450.jpg\" class=\"wp-image-2403\" src=\"http:\/\/www.paudalho.pe.gov.br\/portal\/wp-content\/uploads\/2018\/01\/23a7fb11-277d-4b8f-a3d2-ba8803d15cd8-350x230.jpg\" alt=\"\" width=\"506\" height=\"332\" \/><p id=\"caption-attachment-2403\" class=\"wp-caption-text\">Foto: Iisak de Castro\/PMP<\/p><\/div>\n<p>O evento esportivo \u00e9 realizado pela Prefeitura do Paudalho por meio da Secretaria Executiva de Esportes e Juventude. O secret\u00e1rio executivo da Pasta, Di\u00f3genes Porf\u00edrio, comentou sobre a import\u00e2ncia da programa\u00e7\u00e3o para a cidade. &#8220;Estamos muito felizes em realizarmos um evento t\u00e3o importante em nossa cidade, pois al\u00e9m de proporcionar lazer e participa\u00e7\u00e3o, estamos valorizando uma importante modalidade esportiva do nosso pa\u00eds, al\u00e9m de tudo trazendo para nossa cidade atletas de todo estado de Pernambuco, em especial, atletas que representam nosso estado em competi\u00e7\u00f5es nacionais e internacionais e que sempre trazem bons resultados, como \u00e9 o caso da atleta Mirela Saturnino e do Marcos Ant\u00f4nio vencedores da corrida de S\u00e3o Sebasti\u00e3o&#8221;, disse.<\/p>\n<div id=\"attachment_2404\" style=\"width: 516px\" class=\"wp-caption alignnone\"><img loading=\"lazy\" decoding=\"async\" aria-describedby=\"caption-attachment-2404\" data-attachment-id=\"2404\" data-permalink=\"https:\/\/www.paudalho.pe.gov.br\/portal\/19-corrida-de-sao-sebastiao-reune-atletas-regionais-estaduais-e-nacionais-em-paudalho\/c1c4b5d9-c8b7-499e-81e3-92e821dd24f2\/\" data-orig-file=\"https:\/\/www.paudalho.pe.gov.br\/portal\/wp-content\/uploads\/2018\/01\/c1c4b5d9-c8b7-499e-81e3-92e821dd24f2.jpg\" data-orig-size=\"1024,683\" data-comments-opened=\"1\" data-image-meta=\"{&quot;aperture&quot;:&quot;0&quot;,&quot;credit&quot;:&quot;&quot;,&quot;camera&quot;:&quot;&quot;,&quot;caption&quot;:&quot;&quot;,&quot;created_timestamp&quot;:&quot;0&quot;,&quot;copyright&quot;:&quot;&quot;,&quot;focal_length&quot;:&quot;0&quot;,&quot;iso&quot;:&quot;0&quot;,&quot;shutter_speed&quot;:&quot;0&quot;,&quot;title&quot;:&quot;&quot;,&quot;orientation&quot;:&quot;0&quot;}\" data-image-title=\"c1c4b5d9-c8b7-499e-81e3-92e821dd24f2\" data-image-description=\"\" data-image-caption=\"&lt;p&gt;Foto: Diego Lira &lt;\/p&gt;\n\" data-medium-file=\"https:\/\/www.paudalho.pe.gov.br\/portal\/wp-content\/uploads\/2018\/01\/c1c4b5d9-c8b7-499e-81e3-92e821dd24f2-350x230.jpg\" data-large-file=\"https:\/\/www.paudalho.pe.gov.br\/portal\/wp-content\/uploads\/2018\/01\/c1c4b5d9-c8b7-499e-81e3-92e821dd24f2-800x450.jpg\" class=\" wp-image-2404\" src=\"http:\/\/www.paudalho.pe.gov.br\/portal\/wp-content\/uploads\/2018\/01\/c1c4b5d9-c8b7-499e-81e3-92e821dd24f2-350x230.jpg\" alt=\"\" width=\"506\" height=\"332\" \/><p id=\"caption-attachment-2404\" class=\"wp-caption-text\">Foto: Iisak de Castro\/PMP<\/p><\/div>\n<h2><strong>Confira a lista completa com a classifica\u00e7\u00e3o:<\/strong><\/h2>\n<p>&nbsp;<\/p>\n<h3>Categoria feminina<\/h3>\n<p>1\u00b0 lugar &#8211; Mirela Saturnino &#8211; equipe AAPPD<\/p>\n<p>2\u00b0 lugar &#8211; Sandra Maria &#8211; equipe Aron Cute Para\u00edba<\/p>\n<p>3\u00b0 lugar &#8211; Sandra Maria Aguiar &#8211; Street Runners<\/p>\n<p>4\u00b0 lugar &#8211; Emanuele Patr\u00edcia &#8211; Equipe Uninassau<\/p>\n<p>5\u00b0 lugar &#8211; Rayane Evely &#8211; equipe AACF<\/p>\n<h3>Categoria masculina geral<\/h3>\n<p>1 \u00b0 lugar &#8211; Marcos Ant\u00f4nio &#8211; equipe Cruzeiro Sport<\/p>\n<p>2\u00b0 lugar &#8211; Enio Kleiton de Lima &#8211; equipe Cruzeiro Sport<\/p>\n<p>3\u00b0 lugar &#8211; Itan\u00edcio Vicente &#8211; equipe Amigos Corredores<\/p>\n<p>4\u00b0 lugar &#8211; Rafael Fran\u00e7a de Lima &#8211; equipe ACF<\/p>\n<p>5\u00b0 Lugar &#8211; Natal\u00edcio I. De Andrade &#8211; equipe ACF<\/p>\n<h3>Categoria masculina Local<\/h3>\n<p>1\u00b0 lugar &#8211; Edy Carlos &#8211; equipe Guerreiros de Aldeia<\/p>\n<p>2\u00b0 lugar &#8211; Glausonilio Rosa &#8211; equipe Guerreiros de Aldeia<\/p>\n<p>3\u00b0 lugar &#8211; Paulo Fernando &#8211; equipe Guerreiros de Aldeia<\/p>\n<p>4\u00b0 lugar &#8211; Tiago Vicente &#8211; equipe Tamo junto na pista<\/p>\n<p>5\u00b0 lugar &#8211; Will Sousa<\/p>\n<h2>Premia\u00e7\u00e3o<\/h2>\n<p>Os atletas que ficaram no ranking cinco ganharam medalha e trof\u00e9us. Al\u00e9m dessas premia\u00e7\u00f5es, os maratonistas do primeiro ao terceiro lugar ganharam gratifica\u00e7\u00f5es.<\/p>\n","protected":false},"excerpt":{"rendered":"<p>As ruas do Paudalho foram tomadas neste domingo (21) por atletas do Munic\u00edpio, estado e pa\u00eds, na tradicional Corrida de S\u00e3o Sebasti\u00e3o. Com percurso que envolveu diversos pontos da cidade, a 19\u00b0 edi\u00e7\u00e3o do evento esportivo contou com a participa\u00e7\u00e3o de cerca de 110 atletas. Com 18 minutos e 47 segundos, o vencedor da categoria [&hellip;]<\/p>\n","protected":false},"author":4,"featured_media":2400,"comment_status":"open","ping_status":"open","sticky":false,"template":"","format":"standard","meta":{"_jetpack_newsletter_access":"","_jetpack_dont_email_post_to_subs":false,"_jetpack_newsletter_tier_id":0,"_jetpack_memberships_contains_paywalled_content":false,"_jetpack_memberships_contains_paid_content":false,"footnotes":""},"categories":[2,7],"tags":[245,22],"class_list":["post-2399","post","type-post","status-publish","format-standard","has-post-thumbnail","hentry","category-destaque","category-esportes","tag-corrida-de-sao-sebastiao","tag-prefeitura-do-paudalho"],"jetpack_featured_media_url":"https:\/\/www.paudalho.pe.gov.br\/portal\/wp-content\/uploads\/2018\/01\/4f9a527f-dcd4-4cf9-9e66-77753a7883ef.jpg","jetpack_sharing_enabled":true,"jetpack_shortlink":"https:\/\/wp.me\/p98mS2-CH","_links":{"self":[{"href":"https:\/\/www.paudalho.pe.gov.br\/portal\/wp-json\/wp\/v2\/posts\/2399","targetHints":{"allow":["GET"]}}],"collection":[{"href":"https:\/\/www.paudalho.pe.gov.br\/portal\/wp-json\/wp\/v2\/posts"}],"about":[{"href":"https:\/\/www.paudalho.pe.gov.br\/portal\/wp-json\/wp\/v2\/types\/post"}],"author":[{"embeddable":true,"href":"https:\/\/www.paudalho.pe.gov.br\/portal\/wp-json\/wp\/v2\/users\/4"}],"replies":[{"embeddable":true,"href":"https:\/\/www.paudalho.pe.gov.br\/portal\/wp-json\/wp\/v2\/comments?post=2399"}],"version-history":[{"count":8,"href":"https:\/\/www.paudalho.pe.gov.br\/portal\/wp-json\/wp\/v2\/posts\/2399\/revisions"}],"predecessor-version":[{"id":2407,"href":"https:\/\/www.paudalho.pe.gov.br\/portal\/wp-json\/wp\/v2\/posts\/2399\/revisions\/2407"}],"wp:featuredmedia":[{"embeddable":true,"href":"https:\/\/www.paudalho.pe.gov.br\/portal\/wp-json\/wp\/v2\/media\/2400"}],"wp:attachment":[{"href":"https:\/\/www.paudalho.pe.gov.br\/portal\/wp-json\/wp\/v2\/media?parent=2399"}],"wp:term":[{"taxonomy":"category","embeddable":true,"href":"https:\/\/www.paudalho.pe.gov.br\/portal\/wp-json\/wp\/v2\/categories?post=2399"},{"taxonomy":"post_tag","embeddable":true,"href":"https:\/\/www.paudalho.pe.gov.br\/portal\/wp-json\/wp\/v2\/tags?post=2399"}],"curies":[{"name":"wp","href":"https:\/\/api.w.org\/{rel}","templated":true}]}}