{"id":2393,"date":"2018-01-19T15:41:48","date_gmt":"2018-01-19T18:41:48","guid":{"rendered":"http:\/\/www.paudalho.pe.gov.br\/portal\/?p=2393"},"modified":"2018-01-19T15:49:29","modified_gmt":"2018-01-19T18:49:29","slug":"e-o-amor-diz-marcelo-gouveia-sobre-trabalho-em-primeiro-ano-de-gestao","status":"publish","type":"post","link":"https:\/\/www.paudalho.pe.gov.br\/portal\/e-o-amor-diz-marcelo-gouveia-sobre-trabalho-em-primeiro-ano-de-gestao\/","title":{"rendered":"\u201c\u00c9 o amor\u201d, diz Marcelo Gouveia sobre trabalho em primeiro ano de gest\u00e3o"},"content":{"rendered":"<p>O Prefeito Marcelo Gouveia foi entrevistado nesta sexta-feira (19) no programa \u00a0\u201cA Voz do Povo\u201d de Alexandre Oliveira, na Paudalho FM 98.5. O gestor mostrou alegria ao comentar sobre o trabalho no Munic\u00edpio e destacou o funcionamento do <a href=\"http:\/\/www.paudalho.pe.gov.br\/portal\/obras-do-cmg-creche-e-centro-de-parto-humanizado-seguem-a-todo-o-vapor\/\" target=\"_blank\" rel=\"noopener\">Hospital Municipal do Paudalho, do Laborat\u00f3rio Municipal, al\u00e9m da constru\u00e7\u00e3o do Centro de Parto Humanizado<\/a> que tem previs\u00e3o de inaugura\u00e7\u00e3o para logo depois do Carnaval. \u201cSer\u00e1 uma refer\u00eancia para todo estado de Pernambuco. Eu aprendi ao longo desse per\u00edodo que estive \u00e0 frente da Prefeitura do Paudalho que Sa\u00fade \u00e9 um bem que n\u00e3o pode ser deixado para depois. Sa\u00fade \u00e9 hoje\u201d, destacou. Avan\u00e7ando na Sa\u00fade, Marcelo explicou que, hoje, a Rede Municipal oferta exames espec\u00edficos como os de: eletrocardiograma, oftalmologia, ultrassom e ainda servi\u00e7os de sa\u00fade bucal, entre outros.<\/p>\n<h1>\u201cSUS n\u00e3o \u00e9 para pobre, n\u00e3o \u00e9 para quem n\u00e3o tem dinheiro; SUS \u00e9 para todos\u201d<\/h1>\n<p>O prefeito ainda ressaltou o programa de mobilidade que vai pavimentar 100 ruas em toda a cidade. \u201cN\u00f3s encontramos Paudalho abandonado. N\u00f3s n\u00e3o conseguiremos resolver tudo em um piscar de olhos e estalar de dedos. Acredito que devem ter umas 400 ruas para serem cal\u00e7adas em Paudalho. Eu consegui recursos para cal\u00e7ar 100, mas minha perspectiva \u00e9, at\u00e9 o fim do mandato, cal\u00e7ar o m\u00e1ximo poss\u00edvel. N\u00f3s queremos pavimentar todas. O desafio \u00e9 grande, mas com trabalho a gente chega l\u00e1\u201d, disse.<\/p>\n<p>Em menos de um ano \u00e0 frente da Prefeitura, mais de 20 unidades p\u00fablicas entre postos de Sa\u00fade e Escolas j\u00e1 tinha sido transformadas. De norte a sul da cidade, a mudan\u00e7a est\u00e1 estampada em cada a\u00e7\u00e3o. Entre tantas realiza\u00e7\u00f5es, o prefeito ainda falou sobre as obras do Col\u00e9gio Municipal de Guadalajara, a Creche da Primavera, a Escola Municipal de Guadalajara, entre outras diversas a\u00e7\u00f5es que foram realizadas na cidade. Vale lembrar que 10 ruas do bairro do Bel\u00e9m j\u00e1 est\u00e3o com a pavimenta\u00e7\u00e3o quase terminada. No programa, Marcelo Gouveia ainda respondeu as perguntas da popula\u00e7\u00e3o. Sobre o que motiva seu trabalho, o gestor foi enf\u00e1tico: \u201c\u00c9 o amor\u201d.<\/p>\n<p><strong>Confira a entrevista na \u00edntegra:<\/strong><\/p>\n<p>&nbsp;<\/p>\n<p>&nbsp;<\/p>\n<p><strong>Lembre algumas das realiza\u00e7\u00f5es:<\/strong><\/p>\n<p>&nbsp;<\/p>\n<p>&nbsp;<\/p>\n<blockquote class=\"wp-embedded-content\" data-secret=\"OQp7EElWfM\"><p><a href=\"https:\/\/www.paudalho.pe.gov.br\/portal\/colegio-municipal-de-guadalajara-e-inaugurado-e-obra-impressiona-populacao\/\">Col\u00e9gio Municipal de Guadalajara \u00e9 inaugurado e obra impressiona popula\u00e7\u00e3o<\/a><\/p><\/blockquote>\n<p><iframe loading=\"lazy\" class=\"wp-embedded-content\" sandbox=\"allow-scripts\" security=\"restricted\" style=\"position: absolute; visibility: hidden;\" title=\"&#8220;Col\u00e9gio Municipal de Guadalajara \u00e9 inaugurado e obra impressiona popula\u00e7\u00e3o&#8221; &#8212; Prefeitura do Paudalho\" src=\"https:\/\/www.paudalho.pe.gov.br\/portal\/colegio-municipal-de-guadalajara-e-inaugurado-e-obra-impressiona-populacao\/embed\/#?secret=qvV1FHPyIO#?secret=OQp7EElWfM\" data-secret=\"OQp7EElWfM\" width=\"500\" height=\"282\" frameborder=\"0\" marginwidth=\"0\" marginheight=\"0\" scrolling=\"no\"><\/iframe><\/p>\n<blockquote class=\"wp-embedded-content\" data-secret=\"c7GlaUTpci\"><p><a href=\"https:\/\/www.paudalho.pe.gov.br\/portal\/prefeitura-avanca-e-rede-municipal-de-saude-oferece-exame-oftalmologico\/\">Prefeitura avan\u00e7a e Rede Municipal de Sa\u00fade oferece exame oftalmol\u00f3gico<\/a><\/p><\/blockquote>\n<p><iframe loading=\"lazy\" class=\"wp-embedded-content\" sandbox=\"allow-scripts\" security=\"restricted\" style=\"position: absolute; visibility: hidden;\" title=\"&#8220;Prefeitura avan\u00e7a e Rede Municipal de Sa\u00fade oferece exame oftalmol\u00f3gico&#8221; &#8212; Prefeitura do Paudalho\" src=\"https:\/\/www.paudalho.pe.gov.br\/portal\/prefeitura-avanca-e-rede-municipal-de-saude-oferece-exame-oftalmologico\/embed\/#?secret=IA6Y43PhSr#?secret=c7GlaUTpci\" data-secret=\"c7GlaUTpci\" width=\"500\" height=\"282\" frameborder=\"0\" marginwidth=\"0\" marginheight=\"0\" scrolling=\"no\"><\/iframe><\/p>\n<blockquote class=\"wp-embedded-content\" data-secret=\"MXpvNY7Lrt\"><p><a href=\"https:\/\/www.paudalho.pe.gov.br\/portal\/em-entrevista-marcelo-gouveia-comenta-sobre-planos-para-o-futuro-e-relembra-grandes-feitos-em-2017\/\">Em entrevista, Marcelo Gouveia comenta sobre planos para o futuro e relembra grandes feitos em 2017<\/a><\/p><\/blockquote>\n<p><iframe loading=\"lazy\" class=\"wp-embedded-content\" sandbox=\"allow-scripts\" security=\"restricted\" style=\"position: absolute; visibility: hidden;\" title=\"&#8220;Em entrevista, Marcelo Gouveia comenta sobre planos para o futuro e relembra grandes feitos em 2017&#8221; &#8212; Prefeitura do Paudalho\" src=\"https:\/\/www.paudalho.pe.gov.br\/portal\/em-entrevista-marcelo-gouveia-comenta-sobre-planos-para-o-futuro-e-relembra-grandes-feitos-em-2017\/embed\/#?secret=GDiMQKkh2W#?secret=MXpvNY7Lrt\" data-secret=\"MXpvNY7Lrt\" width=\"500\" height=\"282\" frameborder=\"0\" marginwidth=\"0\" marginheight=\"0\" scrolling=\"no\"><\/iframe><\/p>\n<blockquote class=\"wp-embedded-content\" data-secret=\"HSSuoZiRGi\"><p><a href=\"https:\/\/www.paudalho.pe.gov.br\/portal\/agentes-comunitarios-de-saude-recebem-tablets-para-melhorar-servico-prestado-a-populacao\/\">Agentes comunit\u00e1rios de sa\u00fade recebem tablets para melhorar servi\u00e7o prestado \u00e0 popula\u00e7\u00e3o<\/a><\/p><\/blockquote>\n<p><iframe loading=\"lazy\" class=\"wp-embedded-content\" sandbox=\"allow-scripts\" security=\"restricted\" style=\"position: absolute; visibility: hidden;\" title=\"&#8220;Agentes comunit\u00e1rios de sa\u00fade recebem tablets para melhorar servi\u00e7o prestado \u00e0 popula\u00e7\u00e3o&#8221; &#8212; Prefeitura do Paudalho\" src=\"https:\/\/www.paudalho.pe.gov.br\/portal\/agentes-comunitarios-de-saude-recebem-tablets-para-melhorar-servico-prestado-a-populacao\/embed\/#?secret=48ckTKMYAh#?secret=HSSuoZiRGi\" data-secret=\"HSSuoZiRGi\" width=\"500\" height=\"282\" frameborder=\"0\" marginwidth=\"0\" marginheight=\"0\" scrolling=\"no\"><\/iframe><\/p>\n<blockquote class=\"wp-embedded-content\" data-secret=\"2247hLX1GD\"><p><a href=\"https:\/\/www.paudalho.pe.gov.br\/portal\/em-menos-de-um-ano-de-gestao-secretaria-de-obras-reconstroi-mais-de-25-unidades-publicas\/\">Em menos de um ano de gest\u00e3o, Secretaria de Obras reconstr\u00f3i mais de 25 unidades p\u00fablicas<\/a><\/p><\/blockquote>\n<p><iframe loading=\"lazy\" class=\"wp-embedded-content\" sandbox=\"allow-scripts\" security=\"restricted\" style=\"position: absolute; visibility: hidden;\" title=\"&#8220;Em menos de um ano de gest\u00e3o, Secretaria de Obras reconstr\u00f3i mais de 25 unidades p\u00fablicas&#8221; &#8212; Prefeitura do Paudalho\" src=\"https:\/\/www.paudalho.pe.gov.br\/portal\/em-menos-de-um-ano-de-gestao-secretaria-de-obras-reconstroi-mais-de-25-unidades-publicas\/embed\/#?secret=bnUoUCBjOP#?secret=2247hLX1GD\" data-secret=\"2247hLX1GD\" width=\"500\" height=\"282\" frameborder=\"0\" marginwidth=\"0\" marginheight=\"0\" scrolling=\"no\"><\/iframe><\/p>\n<blockquote class=\"wp-embedded-content\" data-secret=\"Qhsn4HbSbl\"><p><a href=\"https:\/\/www.paudalho.pe.gov.br\/portal\/paudalho-recebe-r-1-milhao-para-abastecimento-de-agua-na-zona-rural-da-cidade\/\">Paudalho recebe R$ 1 milh\u00e3o para abastecimento de \u00e1gua na Zona Rural da cidade<\/a><\/p><\/blockquote>\n<p><iframe loading=\"lazy\" class=\"wp-embedded-content\" sandbox=\"allow-scripts\" security=\"restricted\" style=\"position: absolute; visibility: hidden;\" title=\"&#8220;Paudalho recebe R$ 1 milh\u00e3o para abastecimento de \u00e1gua na Zona Rural da cidade&#8221; &#8212; Prefeitura do Paudalho\" src=\"https:\/\/www.paudalho.pe.gov.br\/portal\/paudalho-recebe-r-1-milhao-para-abastecimento-de-agua-na-zona-rural-da-cidade\/embed\/#?secret=g6ELU1uTGG#?secret=Qhsn4HbSbl\" data-secret=\"Qhsn4HbSbl\" width=\"500\" height=\"282\" frameborder=\"0\" marginwidth=\"0\" marginheight=\"0\" scrolling=\"no\"><\/iframe><\/p>\n<p>&nbsp;<\/p>\n<blockquote class=\"wp-embedded-content\" data-secret=\"IkgNvolpJx\"><p><a href=\"https:\/\/www.paudalho.pe.gov.br\/portal\/prefeitura-do-paudalho-assina-contrato-para-o-minha-casa-minha-vida\/\">Prefeitura do Paudalho assina contrato para o Minha Casa Minha Vida<\/a><\/p><\/blockquote>\n<p><iframe loading=\"lazy\" class=\"wp-embedded-content\" sandbox=\"allow-scripts\" security=\"restricted\" style=\"position: absolute; visibility: hidden;\" title=\"&#8220;Prefeitura do Paudalho assina contrato para o Minha Casa Minha Vida&#8221; &#8212; Prefeitura do Paudalho\" src=\"https:\/\/www.paudalho.pe.gov.br\/portal\/prefeitura-do-paudalho-assina-contrato-para-o-minha-casa-minha-vida\/embed\/#?secret=GAXQ4Am7Xc#?secret=IkgNvolpJx\" data-secret=\"IkgNvolpJx\" width=\"500\" height=\"282\" frameborder=\"0\" marginwidth=\"0\" marginheight=\"0\" scrolling=\"no\"><\/iframe><\/p>\n<blockquote class=\"wp-embedded-content\" data-secret=\"52PhHLrQPa\"><p><a href=\"https:\/\/www.paudalho.pe.gov.br\/portal\/paudalho-da-100-de-isencao-no-iptu-para-pessoas-com-deficiencia\/\">Paudalho d\u00e1 100% de isen\u00e7\u00e3o no IPTU para pessoas com defici\u00eancia<\/a><\/p><\/blockquote>\n<p><iframe loading=\"lazy\" class=\"wp-embedded-content\" sandbox=\"allow-scripts\" security=\"restricted\" style=\"position: absolute; visibility: hidden;\" title=\"&#8220;Paudalho d\u00e1 100% de isen\u00e7\u00e3o no IPTU para pessoas com defici\u00eancia&#8221; &#8212; Prefeitura do Paudalho\" src=\"https:\/\/www.paudalho.pe.gov.br\/portal\/paudalho-da-100-de-isencao-no-iptu-para-pessoas-com-deficiencia\/embed\/#?secret=kBgVtFDeLc#?secret=52PhHLrQPa\" data-secret=\"52PhHLrQPa\" width=\"500\" height=\"282\" frameborder=\"0\" marginwidth=\"0\" marginheight=\"0\" scrolling=\"no\"><\/iframe><\/p>\n","protected":false},"excerpt":{"rendered":"<p>O Prefeito Marcelo Gouveia foi entrevistado nesta sexta-feira (19) no programa \u00a0\u201cA Voz do Povo\u201d de Alexandre Oliveira, na Paudalho FM 98.5. O gestor mostrou alegria ao comentar sobre o trabalho no Munic\u00edpio e destacou o funcionamento do Hospital Municipal do Paudalho, do Laborat\u00f3rio Municipal, al\u00e9m da constru\u00e7\u00e3o do Centro de Parto Humanizado que tem [&hellip;]<\/p>\n","protected":false},"author":4,"featured_media":2394,"comment_status":"open","ping_status":"open","sticky":false,"template":"","format":"standard","meta":{"_jetpack_newsletter_access":"","_jetpack_dont_email_post_to_subs":false,"_jetpack_newsletter_tier_id":0,"_jetpack_memberships_contains_paywalled_content":false,"_jetpack_memberships_contains_paid_content":false,"footnotes":""},"categories":[2,1],"tags":[170,22],"class_list":["post-2393","post","type-post","status-publish","format-standard","has-post-thumbnail","hentry","category-destaque","category-noticias","tag-marcelo-gouveia","tag-prefeitura-do-paudalho"],"jetpack_featured_media_url":"https:\/\/www.paudalho.pe.gov.br\/portal\/wp-content\/uploads\/2018\/01\/28c0a753-8e5d-414c-8d0b-862dd9f1c063.jpg","jetpack_sharing_enabled":true,"jetpack_shortlink":"https:\/\/wp.me\/p98mS2-CB","_links":{"self":[{"href":"https:\/\/www.paudalho.pe.gov.br\/portal\/wp-json\/wp\/v2\/posts\/2393","targetHints":{"allow":["GET"]}}],"collection":[{"href":"https:\/\/www.paudalho.pe.gov.br\/portal\/wp-json\/wp\/v2\/posts"}],"about":[{"href":"https:\/\/www.paudalho.pe.gov.br\/portal\/wp-json\/wp\/v2\/types\/post"}],"author":[{"embeddable":true,"href":"https:\/\/www.paudalho.pe.gov.br\/portal\/wp-json\/wp\/v2\/users\/4"}],"replies":[{"embeddable":true,"href":"https:\/\/www.paudalho.pe.gov.br\/portal\/wp-json\/wp\/v2\/comments?post=2393"}],"version-history":[{"count":2,"href":"https:\/\/www.paudalho.pe.gov.br\/portal\/wp-json\/wp\/v2\/posts\/2393\/revisions"}],"predecessor-version":[{"id":2396,"href":"https:\/\/www.paudalho.pe.gov.br\/portal\/wp-json\/wp\/v2\/posts\/2393\/revisions\/2396"}],"wp:featuredmedia":[{"embeddable":true,"href":"https:\/\/www.paudalho.pe.gov.br\/portal\/wp-json\/wp\/v2\/media\/2394"}],"wp:attachment":[{"href":"https:\/\/www.paudalho.pe.gov.br\/portal\/wp-json\/wp\/v2\/media?parent=2393"}],"wp:term":[{"taxonomy":"category","embeddable":true,"href":"https:\/\/www.paudalho.pe.gov.br\/portal\/wp-json\/wp\/v2\/categories?post=2393"},{"taxonomy":"post_tag","embeddable":true,"href":"https:\/\/www.paudalho.pe.gov.br\/portal\/wp-json\/wp\/v2\/tags?post=2393"}],"curies":[{"name":"wp","href":"https:\/\/api.w.org\/{rel}","templated":true}]}}