{"id":23885,"date":"2022-11-29T10:22:08","date_gmt":"2022-11-29T13:22:08","guid":{"rendered":"https:\/\/www.paudalho.pe.gov.br\/portal\/?p=23885"},"modified":"2022-11-29T10:22:08","modified_gmt":"2022-11-29T13:22:08","slug":"paudalho-promove-a-4a-fenapa-durante-o-mes-de-dezembro","status":"publish","type":"post","link":"https:\/\/www.paudalho.pe.gov.br\/portal\/paudalho-promove-a-4a-fenapa-durante-o-mes-de-dezembro\/","title":{"rendered":"Paudalho promove a 4\u00aa  Fenapa durante o m\u00eas de dezembro"},"content":{"rendered":"\n<p>A Prefeitura do Paudalho, por meio da Secretaria Executiva de Desenvolvimento Econ\u00f4mico, Meio Ambiente e Qualifica\u00e7\u00e3o Profissional (Sedemaq), em parceria com o Servi\u00e7o Brasileiro de Apoio \u00e0s Micro e Pequenas Empresas (Sebrae), vai promover entre os dias 01, 02, 03 e 04 de dezembro, das 17h \u00e0s 22h, a 4\u00aa Feira de Natal de Paudalho. O evento ser\u00e1 no P\u00e1tio de Eventos Beira Rio.<\/p>\n\n\n\n<p>A Fenapa tem o objetivo de oferecer, aos empreendedores locais, um espa\u00e7o de comercializa\u00e7\u00e3o durante o per\u00edodo natalino.<\/p>\n\n\n\n<p>Na feira, o consumidor encontrar\u00e1 uma variedade de ramos de neg\u00f3cios, como cal\u00e7ados, confec\u00e7\u00e3o, eletr\u00f4nicos, artesanatos, gastronomias, bijuterias, entre outros segmentos.<\/p>\n","protected":false},"excerpt":{"rendered":"<p>A Prefeitura do Paudalho, por meio da Secretaria Executiva de Desenvolvimento Econ\u00f4mico, Meio Ambiente e Qualifica\u00e7\u00e3o Profissional (Sedemaq), em parceria com o Servi\u00e7o Brasileiro de Apoio \u00e0s Micro e Pequenas Empresas (Sebrae), vai promover entre os dias 01, 02, 03 e 04 de dezembro, das 17h \u00e0s 22h, a 4\u00aa Feira de Natal de Paudalho. [&hellip;]<\/p>\n","protected":false},"author":2,"featured_media":23886,"comment_status":"open","ping_status":"open","sticky":false,"template":"","format":"standard","meta":{"_jetpack_newsletter_access":"","_jetpack_dont_email_post_to_subs":false,"_jetpack_newsletter_tier_id":0,"_jetpack_memberships_contains_paywalled_content":false,"_jetpack_memberships_contains_paid_content":false,"footnotes":""},"categories":[2,837],"tags":[1051,582,14],"class_list":["post-23885","post","type-post","status-publish","format-standard","has-post-thumbnail","hentry","category-destaque","category-fenapa","tag-feira","tag-fenapa","tag-paudalho"],"jetpack_featured_media_url":"https:\/\/www.paudalho.pe.gov.br\/portal\/wp-content\/uploads\/2022\/11\/images-4.jpeg","jetpack_sharing_enabled":true,"jetpack_shortlink":"https:\/\/wp.me\/p98mS2-6df","_links":{"self":[{"href":"https:\/\/www.paudalho.pe.gov.br\/portal\/wp-json\/wp\/v2\/posts\/23885","targetHints":{"allow":["GET"]}}],"collection":[{"href":"https:\/\/www.paudalho.pe.gov.br\/portal\/wp-json\/wp\/v2\/posts"}],"about":[{"href":"https:\/\/www.paudalho.pe.gov.br\/portal\/wp-json\/wp\/v2\/types\/post"}],"author":[{"embeddable":true,"href":"https:\/\/www.paudalho.pe.gov.br\/portal\/wp-json\/wp\/v2\/users\/2"}],"replies":[{"embeddable":true,"href":"https:\/\/www.paudalho.pe.gov.br\/portal\/wp-json\/wp\/v2\/comments?post=23885"}],"version-history":[{"count":1,"href":"https:\/\/www.paudalho.pe.gov.br\/portal\/wp-json\/wp\/v2\/posts\/23885\/revisions"}],"predecessor-version":[{"id":23887,"href":"https:\/\/www.paudalho.pe.gov.br\/portal\/wp-json\/wp\/v2\/posts\/23885\/revisions\/23887"}],"wp:featuredmedia":[{"embeddable":true,"href":"https:\/\/www.paudalho.pe.gov.br\/portal\/wp-json\/wp\/v2\/media\/23886"}],"wp:attachment":[{"href":"https:\/\/www.paudalho.pe.gov.br\/portal\/wp-json\/wp\/v2\/media?parent=23885"}],"wp:term":[{"taxonomy":"category","embeddable":true,"href":"https:\/\/www.paudalho.pe.gov.br\/portal\/wp-json\/wp\/v2\/categories?post=23885"},{"taxonomy":"post_tag","embeddable":true,"href":"https:\/\/www.paudalho.pe.gov.br\/portal\/wp-json\/wp\/v2\/tags?post=23885"}],"curies":[{"name":"wp","href":"https:\/\/api.w.org\/{rel}","templated":true}]}}