{"id":23722,"date":"2022-10-27T19:06:25","date_gmt":"2022-10-27T22:06:25","guid":{"rendered":"https:\/\/www.paudalho.pe.gov.br\/portal\/?p=23722"},"modified":"2022-10-27T19:06:25","modified_gmt":"2022-10-27T22:06:25","slug":"convenio-entre-a-prefeitura-do-paudalho-fadurpe-e-ufrpe-oferece-curso-em-gestao-publica-escolar-municipal","status":"publish","type":"post","link":"https:\/\/www.paudalho.pe.gov.br\/portal\/convenio-entre-a-prefeitura-do-paudalho-fadurpe-e-ufrpe-oferece-curso-em-gestao-publica-escolar-municipal\/","title":{"rendered":"Conv\u00eanio entre a Prefeitura do Paudalho, Fadurpe e UFRPE oferece curso em Gest\u00e3o P\u00fablica Escolar Municipal"},"content":{"rendered":"\n<p>Por meio de um conv\u00eanio firmado com a Prefeitura Municipal do Paudalho e a FADURPE (Funda\u00e7\u00e3o Apol\u00f4nio Sales de Desenvolvimento Educacional), a Universidade Federal Rural de Pernambuco (UFRPE) realizou a cerim\u00f4nia de abertura do Curso de Especializa\u00e7\u00e3o em Gest\u00e3o P\u00fablica Escolar Municipal.<\/p>\n\n\n\n<p>O curso que se inicia pretende atender \u00e0s demandas de forma\u00e7\u00e3o de gestores municipais de educa\u00e7\u00e3o, com foco na efici\u00eancia, efic\u00e1cia e efetividade das pol\u00edticas p\u00fablicas relacionadas com educa\u00e7\u00e3o.<\/p>\n\n\n\n<p>Dessa forma, visa contribuir para o papel fundamental da educa\u00e7\u00e3o enquanto instrumento de mobilidade social, al\u00e9m da preocupa\u00e7\u00e3o com a forma\u00e7\u00e3o de gestores comprometidos com os princ\u00edpios da gest\u00e3o p\u00fablica, quais sejam, a legalidade, a impessoalidade, a moralidade administrativa, a publicidade e a efici\u00eancia.<\/p>\n\n\n\n<figure class=\"wp-block-image size-large\"><img loading=\"lazy\" decoding=\"async\" width=\"800\" height=\"450\" data-attachment-id=\"23724\" data-permalink=\"https:\/\/www.paudalho.pe.gov.br\/portal\/convenio-entre-a-prefeitura-do-paudalho-fadurpe-e-ufrpe-oferece-curso-em-gestao-publica-escolar-municipal\/img_20221027_163425_245\/\" data-orig-file=\"https:\/\/www.paudalho.pe.gov.br\/portal\/wp-content\/uploads\/2022\/10\/IMG_20221027_163425_245.webp\" data-orig-size=\"1080,607\" data-comments-opened=\"1\" data-image-meta=\"{&quot;aperture&quot;:&quot;0&quot;,&quot;credit&quot;:&quot;&quot;,&quot;camera&quot;:&quot;&quot;,&quot;caption&quot;:&quot;&quot;,&quot;created_timestamp&quot;:&quot;0&quot;,&quot;copyright&quot;:&quot;&quot;,&quot;focal_length&quot;:&quot;0&quot;,&quot;iso&quot;:&quot;0&quot;,&quot;shutter_speed&quot;:&quot;0&quot;,&quot;title&quot;:&quot;&quot;,&quot;orientation&quot;:&quot;0&quot;}\" data-image-title=\"IMG_20221027_163425_245\" data-image-description=\"\" data-image-caption=\"\" data-medium-file=\"https:\/\/www.paudalho.pe.gov.br\/portal\/wp-content\/uploads\/2022\/10\/IMG_20221027_163425_245-350x230.webp\" data-large-file=\"https:\/\/www.paudalho.pe.gov.br\/portal\/wp-content\/uploads\/2022\/10\/IMG_20221027_163425_245-800x450.webp\" src=\"https:\/\/www.paudalho.pe.gov.br\/portal\/wp-content\/uploads\/2022\/10\/IMG_20221027_163425_245-800x450.webp\" alt=\"\" class=\"wp-image-23724\" srcset=\"https:\/\/www.paudalho.pe.gov.br\/portal\/wp-content\/uploads\/2022\/10\/IMG_20221027_163425_245-800x450.webp 800w, https:\/\/www.paudalho.pe.gov.br\/portal\/wp-content\/uploads\/2022\/10\/IMG_20221027_163425_245-768x432.webp 768w, https:\/\/www.paudalho.pe.gov.br\/portal\/wp-content\/uploads\/2022\/10\/IMG_20221027_163425_245.webp 1080w\" sizes=\"auto, (max-width: 800px) 100vw, 800px\" \/><figcaption><em>Foto: Divulga\u00e7\u00e3o\/ PMP<\/em><\/figcaption><\/figure>\n\n\n\n<p>Na cerim\u00f4nia, que ocorreu no \u00faltimo s\u00e1bado (22), estavam presentes as seguintes autoridades da esquerda para a direita: Gl\u00f3ria Maria do Nascimento da Silva ( Gestora do Col\u00e9gio Municipal do Paudalho), An\u00edsio Francisco Soares (Professor do DMFA-UFRPE) , Jorge da Silva Correia Neto (Coordenador Pedag\u00f3gico do Curso de Especializa\u00e7\u00e3o em Gest\u00e3o P\u00fablica Escolar Municipal, da Unidade Acad\u00eamica de Educa\u00e7\u00e3o a Dist\u00e2ncia e Tecnologia\/UAEADTec), Gabriel Rivas de Melo (Vice-Reitor da UFRPE), Paula Frassinette Wanderley Marinho (Secret\u00e1ria Municipal de Educa\u00e7\u00e3o e Esportes ), Jos\u00e9 Dion\u00edzio de Ara\u00fajo J\u00fanior ( Secret\u00e1rio Excecutivo de Educa\u00e7\u00e3o e Esportes), Jos\u00e9 de Lima Albuquerque (Coordenador Geral do Curso de Especializa\u00e7\u00e3o em Gest\u00e3o P\u00fablica Escolar Municipal), do Departamento de Administra\u00e7\u00e3o\/DADM e Ana Margarete Marques de Melo (Presidente do Conselho do CACS FUNDEB).<\/p>\n","protected":false},"excerpt":{"rendered":"<p>Por meio de um conv\u00eanio firmado com a Prefeitura Municipal do Paudalho e a FADURPE (Funda\u00e7\u00e3o Apol\u00f4nio Sales de Desenvolvimento Educacional), a Universidade Federal Rural de Pernambuco (UFRPE) realizou a cerim\u00f4nia de abertura do Curso de Especializa\u00e7\u00e3o em Gest\u00e3o P\u00fablica Escolar Municipal. O curso que se inicia pretende atender \u00e0s demandas de forma\u00e7\u00e3o de gestores [&hellip;]<\/p>\n","protected":false},"author":2,"featured_media":23723,"comment_status":"open","ping_status":"open","sticky":false,"template":"","format":"standard","meta":{"_jetpack_newsletter_access":"","_jetpack_dont_email_post_to_subs":false,"_jetpack_newsletter_tier_id":0,"_jetpack_memberships_contains_paywalled_content":false,"_jetpack_memberships_contains_paid_content":false,"footnotes":""},"categories":[2,4],"tags":[236,1086,15,108],"class_list":["post-23722","post","type-post","status-publish","format-standard","has-post-thumbnail","hentry","category-destaque","category-educacao","tag-convenio","tag-fadurpe","tag-prefeitura","tag-ufrpe"],"jetpack_featured_media_url":"https:\/\/www.paudalho.pe.gov.br\/portal\/wp-content\/uploads\/2022\/10\/IMG_20221027_163424_831.webp","jetpack_sharing_enabled":true,"jetpack_shortlink":"https:\/\/wp.me\/p98mS2-6aC","_links":{"self":[{"href":"https:\/\/www.paudalho.pe.gov.br\/portal\/wp-json\/wp\/v2\/posts\/23722","targetHints":{"allow":["GET"]}}],"collection":[{"href":"https:\/\/www.paudalho.pe.gov.br\/portal\/wp-json\/wp\/v2\/posts"}],"about":[{"href":"https:\/\/www.paudalho.pe.gov.br\/portal\/wp-json\/wp\/v2\/types\/post"}],"author":[{"embeddable":true,"href":"https:\/\/www.paudalho.pe.gov.br\/portal\/wp-json\/wp\/v2\/users\/2"}],"replies":[{"embeddable":true,"href":"https:\/\/www.paudalho.pe.gov.br\/portal\/wp-json\/wp\/v2\/comments?post=23722"}],"version-history":[{"count":1,"href":"https:\/\/www.paudalho.pe.gov.br\/portal\/wp-json\/wp\/v2\/posts\/23722\/revisions"}],"predecessor-version":[{"id":23725,"href":"https:\/\/www.paudalho.pe.gov.br\/portal\/wp-json\/wp\/v2\/posts\/23722\/revisions\/23725"}],"wp:featuredmedia":[{"embeddable":true,"href":"https:\/\/www.paudalho.pe.gov.br\/portal\/wp-json\/wp\/v2\/media\/23723"}],"wp:attachment":[{"href":"https:\/\/www.paudalho.pe.gov.br\/portal\/wp-json\/wp\/v2\/media?parent=23722"}],"wp:term":[{"taxonomy":"category","embeddable":true,"href":"https:\/\/www.paudalho.pe.gov.br\/portal\/wp-json\/wp\/v2\/categories?post=23722"},{"taxonomy":"post_tag","embeddable":true,"href":"https:\/\/www.paudalho.pe.gov.br\/portal\/wp-json\/wp\/v2\/tags?post=23722"}],"curies":[{"name":"wp","href":"https:\/\/api.w.org\/{rel}","templated":true}]}}