{"id":23681,"date":"2022-10-23T22:01:35","date_gmt":"2022-10-24T01:01:35","guid":{"rendered":"https:\/\/www.paudalho.pe.gov.br\/portal\/?p=23681"},"modified":"2022-10-23T22:04:00","modified_gmt":"2022-10-24T01:04:00","slug":"centro1-de-terapias-integradas-em-saude-cetism-mental-sera-inaugurado-em-paudalho","status":"publish","type":"post","link":"https:\/\/www.paudalho.pe.gov.br\/portal\/centro1-de-terapias-integradas-em-saude-cetism-mental-sera-inaugurado-em-paudalho\/","title":{"rendered":"Centro de Terapias Integradas em Sa\u00fade Mental (CETISM) ser\u00e1 inaugurado em Paudalho"},"content":{"rendered":"\n<p>A Prefeitura do Paudalho vai inaugurar o Centro de Terapias Integradas em Sa\u00fade Mental (CETISM) na pr\u00f3xima ter\u00e7a-feira, dia 25\/10, a partir das 9h. O espa\u00e7o fica situado no Anexo do Hospital Municipal de Paudalho (HMP).<\/p>\n\n\n\n<p>Durante o evento, ter\u00e1 brincadeiras e atra\u00e7\u00f5es para as crian\u00e7as que estiverem presentes. O CETISM \u00e9 um servi\u00e7o 100% SUS que cuida da sa\u00fade mental da popula\u00e7\u00e3o. Do pequeno ao grande.<\/p>\n\n\n\n<p><strong>Servi\u00e7o:<\/strong><\/p>\n\n\n\n<p>O que: Inaugura\u00e7\u00e3o do CETISM<br>Quando: 25 de outubro, \u00e0s 9h<br>Local: Anexo do Hospital Municipal de Paudalho (HMP)<\/p>\n","protected":false},"excerpt":{"rendered":"<p>A Prefeitura do Paudalho vai inaugurar o Centro de Terapias Integradas em Sa\u00fade Mental (CETISM) na pr\u00f3xima ter\u00e7a-feira, dia 25\/10, a partir das 9h. O espa\u00e7o fica situado no Anexo do Hospital Municipal de Paudalho (HMP). Durante o evento, ter\u00e1 brincadeiras e atra\u00e7\u00f5es para as crian\u00e7as que estiverem presentes. O CETISM \u00e9 um servi\u00e7o 100% [&hellip;]<\/p>\n","protected":false},"author":2,"featured_media":23682,"comment_status":"open","ping_status":"open","sticky":false,"template":"","format":"standard","meta":{"_jetpack_newsletter_access":"","_jetpack_dont_email_post_to_subs":false,"_jetpack_newsletter_tier_id":0,"_jetpack_memberships_contains_paywalled_content":false,"_jetpack_memberships_contains_paid_content":false,"footnotes":""},"categories":[2,3],"tags":[1047,339,1078,1079,16,1077],"class_list":["post-23681","post","type-post","status-publish","format-standard","has-post-thumbnail","hentry","category-destaque","category-saude","tag-centro","tag-inauguracao","tag-integradas","tag-mental","tag-saude","tag-terapias"],"jetpack_featured_media_url":"https:\/\/www.paudalho.pe.gov.br\/portal\/wp-content\/uploads\/2022\/10\/images-1.jpeg","jetpack_sharing_enabled":true,"jetpack_shortlink":"https:\/\/wp.me\/p98mS2-69X","_links":{"self":[{"href":"https:\/\/www.paudalho.pe.gov.br\/portal\/wp-json\/wp\/v2\/posts\/23681","targetHints":{"allow":["GET"]}}],"collection":[{"href":"https:\/\/www.paudalho.pe.gov.br\/portal\/wp-json\/wp\/v2\/posts"}],"about":[{"href":"https:\/\/www.paudalho.pe.gov.br\/portal\/wp-json\/wp\/v2\/types\/post"}],"author":[{"embeddable":true,"href":"https:\/\/www.paudalho.pe.gov.br\/portal\/wp-json\/wp\/v2\/users\/2"}],"replies":[{"embeddable":true,"href":"https:\/\/www.paudalho.pe.gov.br\/portal\/wp-json\/wp\/v2\/comments?post=23681"}],"version-history":[{"count":2,"href":"https:\/\/www.paudalho.pe.gov.br\/portal\/wp-json\/wp\/v2\/posts\/23681\/revisions"}],"predecessor-version":[{"id":23684,"href":"https:\/\/www.paudalho.pe.gov.br\/portal\/wp-json\/wp\/v2\/posts\/23681\/revisions\/23684"}],"wp:featuredmedia":[{"embeddable":true,"href":"https:\/\/www.paudalho.pe.gov.br\/portal\/wp-json\/wp\/v2\/media\/23682"}],"wp:attachment":[{"href":"https:\/\/www.paudalho.pe.gov.br\/portal\/wp-json\/wp\/v2\/media?parent=23681"}],"wp:term":[{"taxonomy":"category","embeddable":true,"href":"https:\/\/www.paudalho.pe.gov.br\/portal\/wp-json\/wp\/v2\/categories?post=23681"},{"taxonomy":"post_tag","embeddable":true,"href":"https:\/\/www.paudalho.pe.gov.br\/portal\/wp-json\/wp\/v2\/tags?post=23681"}],"curies":[{"name":"wp","href":"https:\/\/api.w.org\/{rel}","templated":true}]}}