{"id":23645,"date":"2022-10-12T08:33:31","date_gmt":"2022-10-12T11:33:31","guid":{"rendered":"https:\/\/www.paudalho.pe.gov.br\/portal\/?p=23645"},"modified":"2022-10-12T12:17:08","modified_gmt":"2022-10-12T15:17:08","slug":"dia-das-criancas-e-celebrado-com-parque-de-diversao-e-apresentacao-musical-em-paudalho","status":"publish","type":"post","link":"https:\/\/www.paudalho.pe.gov.br\/portal\/dia-das-criancas-e-celebrado-com-parque-de-diversao-e-apresentacao-musical-em-paudalho\/","title":{"rendered":"Dia das Crian\u00e7as \u00e9 celebrado com parque de divers\u00e3o e apresenta\u00e7\u00e3o musical, em Paudalho"},"content":{"rendered":"\n<p>A Prefeitura do Paudalho, por meio da Secretaria de Cultura, Turismo, Lazer e Juventude com apoio da Secretaria de Educa\u00e7\u00e3o e Esportes e da Secretaria de Desenvolvimento e Assist\u00eancia Social, instalou um parque de divers\u00e3o no P\u00e1tio de Eventos Beira Rio para celebrar o feriado do Dia das Crian\u00e7as, neste 12 de outubro.<\/p>\n\n\n\n<p>A programa\u00e7\u00e3o do evento come\u00e7ou \u00e0s 8h e segue at\u00e9 \u00e0s 17h, com recrea\u00e7\u00e3o, pipoca, algod\u00e3o e apresenta\u00e7\u00f5es teatral e musical. <\/p>\n\n\n\n<p>\u00c0s 10h, ter\u00e1 o musical Mundo da Imagina\u00e7\u00e3o (teatro) e \u00e0s 14h, banda infantil Bal\u00e3o da Alegria.<\/p>\n\n\n\n<figure class=\"wp-block-image size-large\"><img loading=\"lazy\" decoding=\"async\" width=\"800\" height=\"450\" data-attachment-id=\"23647\" data-permalink=\"https:\/\/www.paudalho.pe.gov.br\/portal\/dia-das-criancas-e-celebrado-com-parque-de-diversao-e-apresentacao-musical-em-paudalho\/img-20221010-wa01101\/\" data-orig-file=\"https:\/\/www.paudalho.pe.gov.br\/portal\/wp-content\/uploads\/2022\/10\/IMG-20221010-WA01101.jpg\" data-orig-size=\"1280,853\" data-comments-opened=\"1\" data-image-meta=\"{&quot;aperture&quot;:&quot;0&quot;,&quot;credit&quot;:&quot;&quot;,&quot;camera&quot;:&quot;&quot;,&quot;caption&quot;:&quot;&quot;,&quot;created_timestamp&quot;:&quot;0&quot;,&quot;copyright&quot;:&quot;&quot;,&quot;focal_length&quot;:&quot;0&quot;,&quot;iso&quot;:&quot;0&quot;,&quot;shutter_speed&quot;:&quot;0&quot;,&quot;title&quot;:&quot;&quot;,&quot;orientation&quot;:&quot;0&quot;}\" data-image-title=\"IMG-20221010-WA01101\" data-image-description=\"\" data-image-caption=\"\" data-medium-file=\"https:\/\/www.paudalho.pe.gov.br\/portal\/wp-content\/uploads\/2022\/10\/IMG-20221010-WA01101-350x230.jpg\" data-large-file=\"https:\/\/www.paudalho.pe.gov.br\/portal\/wp-content\/uploads\/2022\/10\/IMG-20221010-WA01101-800x450.jpg\" src=\"https:\/\/www.paudalho.pe.gov.br\/portal\/wp-content\/uploads\/2022\/10\/IMG-20221010-WA01101-800x450.jpg\" alt=\"\" class=\"wp-image-23647\"\/><figcaption><em>Foto: Josu\u00e9 J\u00fanior\/ PMP <\/em><\/figcaption><\/figure>\n\n\n\n<p>Vale destacar que o parque funcionar\u00e1 at\u00e9 o dia 26 de outubro, mas nessas outras datas o espa\u00e7o ser\u00e1 destinado para os estudantes das Redes Municipal, Estadual e Privada de Ensino, que visitar\u00e3o o local de acordo com cronograma organizado pela Secretaria Municipal de Educa\u00e7\u00e3o e Esportes.<\/p>\n","protected":false},"excerpt":{"rendered":"<p>A Prefeitura do Paudalho, por meio da Secretaria de Cultura, Turismo, Lazer e Juventude com apoio da Secretaria de Educa\u00e7\u00e3o e Esportes e da Secretaria de Desenvolvimento e Assist\u00eancia Social, instalou um parque de divers\u00e3o no P\u00e1tio de Eventos Beira Rio para celebrar o feriado do Dia das Crian\u00e7as, neste 12 de outubro. A programa\u00e7\u00e3o [&hellip;]<\/p>\n","protected":false},"author":2,"featured_media":23646,"comment_status":"open","ping_status":"open","sticky":false,"template":"","format":"standard","meta":{"_jetpack_newsletter_access":"","_jetpack_dont_email_post_to_subs":false,"_jetpack_newsletter_tier_id":0,"_jetpack_memberships_contains_paywalled_content":false,"_jetpack_memberships_contains_paid_content":false,"footnotes":""},"categories":[2,1],"tags":[160,1076,1075,22],"class_list":["post-23645","post","type-post","status-publish","format-standard","has-post-thumbnail","hentry","category-destaque","category-noticias","tag-dia-das-criancas","tag-diversao","tag-parque","tag-prefeitura-do-paudalho"],"jetpack_featured_media_url":"https:\/\/www.paudalho.pe.gov.br\/portal\/wp-content\/uploads\/2022\/10\/IMG-20221010-WA01111.jpg","jetpack_sharing_enabled":true,"jetpack_shortlink":"https:\/\/wp.me\/p98mS2-69n","_links":{"self":[{"href":"https:\/\/www.paudalho.pe.gov.br\/portal\/wp-json\/wp\/v2\/posts\/23645","targetHints":{"allow":["GET"]}}],"collection":[{"href":"https:\/\/www.paudalho.pe.gov.br\/portal\/wp-json\/wp\/v2\/posts"}],"about":[{"href":"https:\/\/www.paudalho.pe.gov.br\/portal\/wp-json\/wp\/v2\/types\/post"}],"author":[{"embeddable":true,"href":"https:\/\/www.paudalho.pe.gov.br\/portal\/wp-json\/wp\/v2\/users\/2"}],"replies":[{"embeddable":true,"href":"https:\/\/www.paudalho.pe.gov.br\/portal\/wp-json\/wp\/v2\/comments?post=23645"}],"version-history":[{"count":2,"href":"https:\/\/www.paudalho.pe.gov.br\/portal\/wp-json\/wp\/v2\/posts\/23645\/revisions"}],"predecessor-version":[{"id":23649,"href":"https:\/\/www.paudalho.pe.gov.br\/portal\/wp-json\/wp\/v2\/posts\/23645\/revisions\/23649"}],"wp:featuredmedia":[{"embeddable":true,"href":"https:\/\/www.paudalho.pe.gov.br\/portal\/wp-json\/wp\/v2\/media\/23646"}],"wp:attachment":[{"href":"https:\/\/www.paudalho.pe.gov.br\/portal\/wp-json\/wp\/v2\/media?parent=23645"}],"wp:term":[{"taxonomy":"category","embeddable":true,"href":"https:\/\/www.paudalho.pe.gov.br\/portal\/wp-json\/wp\/v2\/categories?post=23645"},{"taxonomy":"post_tag","embeddable":true,"href":"https:\/\/www.paudalho.pe.gov.br\/portal\/wp-json\/wp\/v2\/tags?post=23645"}],"curies":[{"name":"wp","href":"https:\/\/api.w.org\/{rel}","templated":true}]}}