{"id":23297,"date":"2022-09-08T07:32:23","date_gmt":"2022-09-08T10:32:23","guid":{"rendered":"https:\/\/www.paudalho.pe.gov.br\/portal\/?p=23297"},"modified":"2022-09-14T16:29:30","modified_gmt":"2022-09-14T19:29:30","slug":"apos-02-anos-sem-o-tradicional-desfile-civico-paudalho-celebra-o-bicentenario-da-independencia-do-brasil","status":"publish","type":"post","link":"https:\/\/www.paudalho.pe.gov.br\/portal\/apos-02-anos-sem-o-tradicional-desfile-civico-paudalho-celebra-o-bicentenario-da-independencia-do-brasil\/","title":{"rendered":"Ap\u00f3s 02 anos sem o tradicional desfile c\u00edvico, Paudalho celebra o bicenten\u00e1rio da Independ\u00eancia do Brasil"},"content":{"rendered":"\n<p>Os 200 anos da Independ\u00eancia do Brasil foi celebrado com muita festa em Paudalho, nesse Sete de Setembro. O evento de homenagem \u00e0 P\u00e1tria, que n\u00e3o era realizado h\u00e1 dois anos devido \u00e0 Pandemia de Covid-19, contou com o tradicional desfile c\u00edvico, que teve concentra\u00e7\u00e3o no P\u00e1tio de Eventos Beira Rio &#8211; Pio Guerra.<\/p>\n\n\n\n<p>Banda Marcial Confedera\u00e7\u00e3o do Equador, Banda Marcial do Col\u00e9gio Municipal de Paudalho (CMP), Banda Marcial da Escola Genilda Martins, Banda Marcial da Sociedade de Cultura Art\u00edstica 22 de Novembro e de outras diversas institui\u00e7\u00f5es desfilaram com muito brilho e alegria pelas ruas da cidade.<\/p>\n\n\n\n<p>O desfile c\u00edvico, promovido pela Prefeitura, contou com a presen\u00e7a de estudantes, educadores; do prefeito Marcelo Gouveia e de outras autoridades.<\/p>\n\n\n\n<p>Confira mais sobre o evento nas imagens de Thiago Lira\/ PMP:<\/p>\n\n\n\n<figure class=\"wp-block-gallery has-nested-images columns-default is-cropped wp-block-gallery-1 is-layout-flex wp-block-gallery-is-layout-flex\">\n<figure class=\"wp-block-image size-large\"><img loading=\"lazy\" decoding=\"async\" width=\"800\" height=\"450\" data-attachment-id=\"23309\" data-permalink=\"https:\/\/www.paudalho.pe.gov.br\/portal\/apos-02-anos-sem-o-tradicional-desfile-civico-paudalho-celebra-o-bicentenario-da-independencia-do-brasil\/img_5032-2\/\" data-orig-file=\"https:\/\/www.paudalho.pe.gov.br\/portal\/wp-content\/uploads\/2022\/09\/IMG_5032-2-scaled.jpg\" data-orig-size=\"2560,1707\" data-comments-opened=\"1\" data-image-meta=\"{&quot;aperture&quot;:&quot;2&quot;,&quot;credit&quot;:&quot;Thiago Lira&quot;,&quot;camera&quot;:&quot;Canon EOS RP&quot;,&quot;caption&quot;:&quot;&quot;,&quot;created_timestamp&quot;:&quot;1662546718&quot;,&quot;copyright&quot;:&quot;Thiago Lira&quot;,&quot;focal_length&quot;:&quot;50&quot;,&quot;iso&quot;:&quot;3200&quot;,&quot;shutter_speed&quot;:&quot;0.008&quot;,&quot;title&quot;:&quot;&quot;,&quot;orientation&quot;:&quot;1&quot;}\" data-image-title=\"IMG_5032-2\" data-image-description=\"\" data-image-caption=\"\" data-medium-file=\"https:\/\/www.paudalho.pe.gov.br\/portal\/wp-content\/uploads\/2022\/09\/IMG_5032-2-350x230.jpg\" data-large-file=\"https:\/\/www.paudalho.pe.gov.br\/portal\/wp-content\/uploads\/2022\/09\/IMG_5032-2-800x450.jpg\" data-id=\"23309\" src=\"https:\/\/www.paudalho.pe.gov.br\/portal\/wp-content\/uploads\/2022\/09\/IMG_5032-2-800x450.jpg\" alt=\"\" class=\"wp-image-23309\"\/><\/figure>\n\n\n\n<figure class=\"wp-block-image size-large\"><img loading=\"lazy\" decoding=\"async\" width=\"800\" height=\"450\" data-attachment-id=\"23310\" data-permalink=\"https:\/\/www.paudalho.pe.gov.br\/portal\/apos-02-anos-sem-o-tradicional-desfile-civico-paudalho-celebra-o-bicentenario-da-independencia-do-brasil\/img_4421-1\/\" data-orig-file=\"https:\/\/www.paudalho.pe.gov.br\/portal\/wp-content\/uploads\/2022\/09\/IMG_4421-1-scaled.jpg\" data-orig-size=\"2560,1707\" data-comments-opened=\"1\" data-image-meta=\"{&quot;aperture&quot;:&quot;2&quot;,&quot;credit&quot;:&quot;Thiago Lira&quot;,&quot;camera&quot;:&quot;Canon EOS RP&quot;,&quot;caption&quot;:&quot;&quot;,&quot;created_timestamp&quot;:&quot;1662537055&quot;,&quot;copyright&quot;:&quot;Thiago Lira&quot;,&quot;focal_length&quot;:&quot;50&quot;,&quot;iso&quot;:&quot;3200&quot;,&quot;shutter_speed&quot;:&quot;0.00625&quot;,&quot;title&quot;:&quot;&quot;,&quot;orientation&quot;:&quot;1&quot;}\" data-image-title=\"IMG_4421-1\" data-image-description=\"\" data-image-caption=\"\" data-medium-file=\"https:\/\/www.paudalho.pe.gov.br\/portal\/wp-content\/uploads\/2022\/09\/IMG_4421-1-350x230.jpg\" data-large-file=\"https:\/\/www.paudalho.pe.gov.br\/portal\/wp-content\/uploads\/2022\/09\/IMG_4421-1-800x450.jpg\" data-id=\"23310\" src=\"https:\/\/www.paudalho.pe.gov.br\/portal\/wp-content\/uploads\/2022\/09\/IMG_4421-1-800x450.jpg\" alt=\"\" class=\"wp-image-23310\"\/><\/figure>\n\n\n\n<figure class=\"wp-block-image size-large\"><img loading=\"lazy\" decoding=\"async\" width=\"800\" height=\"450\" data-attachment-id=\"23311\" data-permalink=\"https:\/\/www.paudalho.pe.gov.br\/portal\/apos-02-anos-sem-o-tradicional-desfile-civico-paudalho-celebra-o-bicentenario-da-independencia-do-brasil\/img_4866-1\/\" data-orig-file=\"https:\/\/www.paudalho.pe.gov.br\/portal\/wp-content\/uploads\/2022\/09\/IMG_4866-1-scaled.jpg\" data-orig-size=\"2560,1707\" data-comments-opened=\"1\" data-image-meta=\"{&quot;aperture&quot;:&quot;2&quot;,&quot;credit&quot;:&quot;Thiago Lira&quot;,&quot;camera&quot;:&quot;Canon EOS RP&quot;,&quot;caption&quot;:&quot;&quot;,&quot;created_timestamp&quot;:&quot;1662544580&quot;,&quot;copyright&quot;:&quot;Thiago Lira&quot;,&quot;focal_length&quot;:&quot;50&quot;,&quot;iso&quot;:&quot;3200&quot;,&quot;shutter_speed&quot;:&quot;0.008&quot;,&quot;title&quot;:&quot;&quot;,&quot;orientation&quot;:&quot;1&quot;}\" data-image-title=\"IMG_4866-1\" data-image-description=\"\" data-image-caption=\"\" data-medium-file=\"https:\/\/www.paudalho.pe.gov.br\/portal\/wp-content\/uploads\/2022\/09\/IMG_4866-1-350x230.jpg\" data-large-file=\"https:\/\/www.paudalho.pe.gov.br\/portal\/wp-content\/uploads\/2022\/09\/IMG_4866-1-800x450.jpg\" data-id=\"23311\" src=\"https:\/\/www.paudalho.pe.gov.br\/portal\/wp-content\/uploads\/2022\/09\/IMG_4866-1-800x450.jpg\" alt=\"\" class=\"wp-image-23311\"\/><\/figure>\n\n\n\n<figure class=\"wp-block-image size-large\"><img loading=\"lazy\" decoding=\"async\" width=\"800\" height=\"450\" data-attachment-id=\"23312\" data-permalink=\"https:\/\/www.paudalho.pe.gov.br\/portal\/apos-02-anos-sem-o-tradicional-desfile-civico-paudalho-celebra-o-bicentenario-da-independencia-do-brasil\/img_4021-1\/\" data-orig-file=\"https:\/\/www.paudalho.pe.gov.br\/portal\/wp-content\/uploads\/2022\/09\/IMG_4021-1-scaled.jpg\" data-orig-size=\"2560,1707\" data-comments-opened=\"1\" data-image-meta=\"{&quot;aperture&quot;:&quot;5.6&quot;,&quot;credit&quot;:&quot;Thiago Lira&quot;,&quot;camera&quot;:&quot;Canon EOS RP&quot;,&quot;caption&quot;:&quot;&quot;,&quot;created_timestamp&quot;:&quot;1662521931&quot;,&quot;copyright&quot;:&quot;Thiago Lira&quot;,&quot;focal_length&quot;:&quot;50&quot;,&quot;iso&quot;:&quot;100&quot;,&quot;shutter_speed&quot;:&quot;0.00125&quot;,&quot;title&quot;:&quot;&quot;,&quot;orientation&quot;:&quot;1&quot;}\" data-image-title=\"IMG_4021-1\" data-image-description=\"\" data-image-caption=\"\" data-medium-file=\"https:\/\/www.paudalho.pe.gov.br\/portal\/wp-content\/uploads\/2022\/09\/IMG_4021-1-350x230.jpg\" data-large-file=\"https:\/\/www.paudalho.pe.gov.br\/portal\/wp-content\/uploads\/2022\/09\/IMG_4021-1-800x450.jpg\" data-id=\"23312\" src=\"https:\/\/www.paudalho.pe.gov.br\/portal\/wp-content\/uploads\/2022\/09\/IMG_4021-1-800x450.jpg\" alt=\"\" class=\"wp-image-23312\"\/><\/figure>\n\n\n\n<figure class=\"wp-block-image size-large\"><img loading=\"lazy\" decoding=\"async\" width=\"800\" height=\"450\" data-attachment-id=\"23313\" data-permalink=\"https:\/\/www.paudalho.pe.gov.br\/portal\/apos-02-anos-sem-o-tradicional-desfile-civico-paudalho-celebra-o-bicentenario-da-independencia-do-brasil\/img_4814-1\/\" data-orig-file=\"https:\/\/www.paudalho.pe.gov.br\/portal\/wp-content\/uploads\/2022\/09\/IMG_4814-1-scaled.jpg\" data-orig-size=\"2560,1707\" data-comments-opened=\"1\" data-image-meta=\"{&quot;aperture&quot;:&quot;2&quot;,&quot;credit&quot;:&quot;Thiago Lira&quot;,&quot;camera&quot;:&quot;Canon EOS RP&quot;,&quot;caption&quot;:&quot;&quot;,&quot;created_timestamp&quot;:&quot;1662543623&quot;,&quot;copyright&quot;:&quot;Thiago Lira&quot;,&quot;focal_length&quot;:&quot;50&quot;,&quot;iso&quot;:&quot;3200&quot;,&quot;shutter_speed&quot;:&quot;0.008&quot;,&quot;title&quot;:&quot;&quot;,&quot;orientation&quot;:&quot;1&quot;}\" data-image-title=\"IMG_4814-1\" data-image-description=\"\" data-image-caption=\"\" data-medium-file=\"https:\/\/www.paudalho.pe.gov.br\/portal\/wp-content\/uploads\/2022\/09\/IMG_4814-1-350x230.jpg\" data-large-file=\"https:\/\/www.paudalho.pe.gov.br\/portal\/wp-content\/uploads\/2022\/09\/IMG_4814-1-800x450.jpg\" data-id=\"23313\" src=\"https:\/\/www.paudalho.pe.gov.br\/portal\/wp-content\/uploads\/2022\/09\/IMG_4814-1-800x450.jpg\" alt=\"\" class=\"wp-image-23313\"\/><\/figure>\n\n\n\n<figure class=\"wp-block-image size-large\"><img loading=\"lazy\" decoding=\"async\" width=\"800\" height=\"450\" data-attachment-id=\"23314\" data-permalink=\"https:\/\/www.paudalho.pe.gov.br\/portal\/apos-02-anos-sem-o-tradicional-desfile-civico-paudalho-celebra-o-bicentenario-da-independencia-do-brasil\/img_4442\/\" data-orig-file=\"https:\/\/www.paudalho.pe.gov.br\/portal\/wp-content\/uploads\/2022\/09\/IMG_4442-scaled.jpg\" data-orig-size=\"2560,1707\" data-comments-opened=\"1\" data-image-meta=\"{&quot;aperture&quot;:&quot;2&quot;,&quot;credit&quot;:&quot;Thiago Lira&quot;,&quot;camera&quot;:&quot;Canon EOS RP&quot;,&quot;caption&quot;:&quot;&quot;,&quot;created_timestamp&quot;:&quot;1662537347&quot;,&quot;copyright&quot;:&quot;Thiago Lira&quot;,&quot;focal_length&quot;:&quot;50&quot;,&quot;iso&quot;:&quot;3200&quot;,&quot;shutter_speed&quot;:&quot;0.00625&quot;,&quot;title&quot;:&quot;&quot;,&quot;orientation&quot;:&quot;1&quot;}\" data-image-title=\"IMG_4442\" data-image-description=\"\" data-image-caption=\"\" data-medium-file=\"https:\/\/www.paudalho.pe.gov.br\/portal\/wp-content\/uploads\/2022\/09\/IMG_4442-350x230.jpg\" data-large-file=\"https:\/\/www.paudalho.pe.gov.br\/portal\/wp-content\/uploads\/2022\/09\/IMG_4442-800x450.jpg\" data-id=\"23314\" src=\"https:\/\/www.paudalho.pe.gov.br\/portal\/wp-content\/uploads\/2022\/09\/IMG_4442-800x450.jpg\" alt=\"\" class=\"wp-image-23314\"\/><\/figure>\n\n\n\n<figure class=\"wp-block-image size-large\"><img loading=\"lazy\" decoding=\"async\" width=\"800\" height=\"450\" data-attachment-id=\"23315\" data-permalink=\"https:\/\/www.paudalho.pe.gov.br\/portal\/apos-02-anos-sem-o-tradicional-desfile-civico-paudalho-celebra-o-bicentenario-da-independencia-do-brasil\/img_4101-1\/\" data-orig-file=\"https:\/\/www.paudalho.pe.gov.br\/portal\/wp-content\/uploads\/2022\/09\/IMG_4101-1-scaled.jpg\" data-orig-size=\"2560,1707\" data-comments-opened=\"1\" data-image-meta=\"{&quot;aperture&quot;:&quot;2.2&quot;,&quot;credit&quot;:&quot;Thiago Lira&quot;,&quot;camera&quot;:&quot;Canon EOS RP&quot;,&quot;caption&quot;:&quot;&quot;,&quot;created_timestamp&quot;:&quot;1662527253&quot;,&quot;copyright&quot;:&quot;Thiago Lira&quot;,&quot;focal_length&quot;:&quot;50&quot;,&quot;iso&quot;:&quot;100&quot;,&quot;shutter_speed&quot;:&quot;0.016666666666667&quot;,&quot;title&quot;:&quot;&quot;,&quot;orientation&quot;:&quot;1&quot;}\" data-image-title=\"IMG_4101-1\" data-image-description=\"\" data-image-caption=\"\" data-medium-file=\"https:\/\/www.paudalho.pe.gov.br\/portal\/wp-content\/uploads\/2022\/09\/IMG_4101-1-350x230.jpg\" data-large-file=\"https:\/\/www.paudalho.pe.gov.br\/portal\/wp-content\/uploads\/2022\/09\/IMG_4101-1-800x450.jpg\" data-id=\"23315\" src=\"https:\/\/www.paudalho.pe.gov.br\/portal\/wp-content\/uploads\/2022\/09\/IMG_4101-1-800x450.jpg\" alt=\"\" class=\"wp-image-23315\"\/><\/figure>\n\n\n\n<figure class=\"wp-block-image size-large\"><img loading=\"lazy\" decoding=\"async\" width=\"800\" height=\"450\" data-attachment-id=\"23316\" data-permalink=\"https:\/\/www.paudalho.pe.gov.br\/portal\/apos-02-anos-sem-o-tradicional-desfile-civico-paudalho-celebra-o-bicentenario-da-independencia-do-brasil\/img_4286-1\/\" data-orig-file=\"https:\/\/www.paudalho.pe.gov.br\/portal\/wp-content\/uploads\/2022\/09\/IMG_4286-1-scaled.jpg\" data-orig-size=\"2560,1707\" data-comments-opened=\"1\" data-image-meta=\"{&quot;aperture&quot;:&quot;1.8&quot;,&quot;credit&quot;:&quot;Thiago Lira&quot;,&quot;camera&quot;:&quot;Canon EOS RP&quot;,&quot;caption&quot;:&quot;&quot;,&quot;created_timestamp&quot;:&quot;1662530644&quot;,&quot;copyright&quot;:&quot;Thiago Lira&quot;,&quot;focal_length&quot;:&quot;50&quot;,&quot;iso&quot;:&quot;2500&quot;,&quot;shutter_speed&quot;:&quot;0.008&quot;,&quot;title&quot;:&quot;&quot;,&quot;orientation&quot;:&quot;1&quot;}\" data-image-title=\"IMG_4286-1\" data-image-description=\"\" data-image-caption=\"\" data-medium-file=\"https:\/\/www.paudalho.pe.gov.br\/portal\/wp-content\/uploads\/2022\/09\/IMG_4286-1-350x230.jpg\" data-large-file=\"https:\/\/www.paudalho.pe.gov.br\/portal\/wp-content\/uploads\/2022\/09\/IMG_4286-1-800x450.jpg\" data-id=\"23316\" src=\"https:\/\/www.paudalho.pe.gov.br\/portal\/wp-content\/uploads\/2022\/09\/IMG_4286-1-800x450.jpg\" alt=\"\" class=\"wp-image-23316\"\/><\/figure>\n\n\n\n<figure class=\"wp-block-image size-large\"><img loading=\"lazy\" decoding=\"async\" width=\"800\" height=\"450\" data-attachment-id=\"23317\" data-permalink=\"https:\/\/www.paudalho.pe.gov.br\/portal\/apos-02-anos-sem-o-tradicional-desfile-civico-paudalho-celebra-o-bicentenario-da-independencia-do-brasil\/img_5003-3-2\/\" data-orig-file=\"https:\/\/www.paudalho.pe.gov.br\/portal\/wp-content\/uploads\/2022\/09\/IMG_5003-3-scaled.jpg\" data-orig-size=\"2560,1707\" data-comments-opened=\"1\" data-image-meta=\"{&quot;aperture&quot;:&quot;2&quot;,&quot;credit&quot;:&quot;Thiago Lira&quot;,&quot;camera&quot;:&quot;Canon EOS RP&quot;,&quot;caption&quot;:&quot;&quot;,&quot;created_timestamp&quot;:&quot;1662546430&quot;,&quot;copyright&quot;:&quot;Thiago Lira&quot;,&quot;focal_length&quot;:&quot;50&quot;,&quot;iso&quot;:&quot;3200&quot;,&quot;shutter_speed&quot;:&quot;0.008&quot;,&quot;title&quot;:&quot;&quot;,&quot;orientation&quot;:&quot;1&quot;}\" data-image-title=\"IMG_5003-3\" data-image-description=\"\" data-image-caption=\"\" data-medium-file=\"https:\/\/www.paudalho.pe.gov.br\/portal\/wp-content\/uploads\/2022\/09\/IMG_5003-3-350x230.jpg\" data-large-file=\"https:\/\/www.paudalho.pe.gov.br\/portal\/wp-content\/uploads\/2022\/09\/IMG_5003-3-800x450.jpg\" data-id=\"23317\" src=\"https:\/\/www.paudalho.pe.gov.br\/portal\/wp-content\/uploads\/2022\/09\/IMG_5003-3-800x450.jpg\" alt=\"\" class=\"wp-image-23317\"\/><\/figure>\n\n\n\n<figure class=\"wp-block-image size-large\"><img loading=\"lazy\" decoding=\"async\" width=\"800\" height=\"450\" data-attachment-id=\"23318\" data-permalink=\"https:\/\/www.paudalho.pe.gov.br\/portal\/apos-02-anos-sem-o-tradicional-desfile-civico-paudalho-celebra-o-bicentenario-da-independencia-do-brasil\/img_4464-1\/\" data-orig-file=\"https:\/\/www.paudalho.pe.gov.br\/portal\/wp-content\/uploads\/2022\/09\/IMG_4464-1-scaled.jpg\" data-orig-size=\"2560,1707\" data-comments-opened=\"1\" data-image-meta=\"{&quot;aperture&quot;:&quot;2&quot;,&quot;credit&quot;:&quot;Thiago Lira&quot;,&quot;camera&quot;:&quot;Canon EOS RP&quot;,&quot;caption&quot;:&quot;&quot;,&quot;created_timestamp&quot;:&quot;1662537871&quot;,&quot;copyright&quot;:&quot;Thiago Lira&quot;,&quot;focal_length&quot;:&quot;50&quot;,&quot;iso&quot;:&quot;3200&quot;,&quot;shutter_speed&quot;:&quot;0.01&quot;,&quot;title&quot;:&quot;&quot;,&quot;orientation&quot;:&quot;1&quot;}\" data-image-title=\"IMG_4464-1\" data-image-description=\"\" data-image-caption=\"\" data-medium-file=\"https:\/\/www.paudalho.pe.gov.br\/portal\/wp-content\/uploads\/2022\/09\/IMG_4464-1-350x230.jpg\" data-large-file=\"https:\/\/www.paudalho.pe.gov.br\/portal\/wp-content\/uploads\/2022\/09\/IMG_4464-1-800x450.jpg\" data-id=\"23318\" src=\"https:\/\/www.paudalho.pe.gov.br\/portal\/wp-content\/uploads\/2022\/09\/IMG_4464-1-800x450.jpg\" alt=\"\" class=\"wp-image-23318\"\/><\/figure>\n<\/figure>\n","protected":false},"excerpt":{"rendered":"<p>Os 200 anos da Independ\u00eancia do Brasil foi celebrado com muita festa em Paudalho, nesse Sete de Setembro. O evento de homenagem \u00e0 P\u00e1tria, que n\u00e3o era realizado h\u00e1 dois anos devido \u00e0 Pandemia de Covid-19, contou com o tradicional desfile c\u00edvico, que teve concentra\u00e7\u00e3o no P\u00e1tio de Eventos Beira Rio &#8211; Pio Guerra. Banda [&hellip;]<\/p>\n","protected":false},"author":2,"featured_media":23302,"comment_status":"open","ping_status":"open","sticky":false,"template":"","format":"standard","meta":{"_jetpack_newsletter_access":"","_jetpack_dont_email_post_to_subs":false,"_jetpack_newsletter_tier_id":0,"_jetpack_memberships_contains_paywalled_content":false,"_jetpack_memberships_contains_paid_content":false,"footnotes":""},"categories":[2,1],"tags":[1062,519,605,1063],"class_list":["post-23297","post","type-post","status-publish","format-standard","has-post-thumbnail","hentry","category-destaque","category-noticias","tag-200-anos","tag-brasil","tag-celebracao","tag-independencia"],"jetpack_featured_media_url":"https:\/\/www.paudalho.pe.gov.br\/portal\/wp-content\/uploads\/2022\/09\/IMG_5003-scaled.jpg","jetpack_sharing_enabled":true,"jetpack_shortlink":"https:\/\/wp.me\/p98mS2-63L","_links":{"self":[{"href":"https:\/\/www.paudalho.pe.gov.br\/portal\/wp-json\/wp\/v2\/posts\/23297","targetHints":{"allow":["GET"]}}],"collection":[{"href":"https:\/\/www.paudalho.pe.gov.br\/portal\/wp-json\/wp\/v2\/posts"}],"about":[{"href":"https:\/\/www.paudalho.pe.gov.br\/portal\/wp-json\/wp\/v2\/types\/post"}],"author":[{"embeddable":true,"href":"https:\/\/www.paudalho.pe.gov.br\/portal\/wp-json\/wp\/v2\/users\/2"}],"replies":[{"embeddable":true,"href":"https:\/\/www.paudalho.pe.gov.br\/portal\/wp-json\/wp\/v2\/comments?post=23297"}],"version-history":[{"count":2,"href":"https:\/\/www.paudalho.pe.gov.br\/portal\/wp-json\/wp\/v2\/posts\/23297\/revisions"}],"predecessor-version":[{"id":23404,"href":"https:\/\/www.paudalho.pe.gov.br\/portal\/wp-json\/wp\/v2\/posts\/23297\/revisions\/23404"}],"wp:featuredmedia":[{"embeddable":true,"href":"https:\/\/www.paudalho.pe.gov.br\/portal\/wp-json\/wp\/v2\/media\/23302"}],"wp:attachment":[{"href":"https:\/\/www.paudalho.pe.gov.br\/portal\/wp-json\/wp\/v2\/media?parent=23297"}],"wp:term":[{"taxonomy":"category","embeddable":true,"href":"https:\/\/www.paudalho.pe.gov.br\/portal\/wp-json\/wp\/v2\/categories?post=23297"},{"taxonomy":"post_tag","embeddable":true,"href":"https:\/\/www.paudalho.pe.gov.br\/portal\/wp-json\/wp\/v2\/tags?post=23297"}],"curies":[{"name":"wp","href":"https:\/\/api.w.org\/{rel}","templated":true}]}}