{"id":2321,"date":"2018-01-08T14:24:13","date_gmt":"2018-01-08T17:24:13","guid":{"rendered":"http:\/\/www.paudalho.pe.gov.br\/portal\/?p=2321"},"modified":"2018-01-08T14:24:13","modified_gmt":"2018-01-08T17:24:13","slug":"em-entrevista-marcelo-gouveia-comenta-sobre-planos-para-o-futuro-e-relembra-grandes-feitos-em-2017","status":"publish","type":"post","link":"https:\/\/www.paudalho.pe.gov.br\/portal\/em-entrevista-marcelo-gouveia-comenta-sobre-planos-para-o-futuro-e-relembra-grandes-feitos-em-2017\/","title":{"rendered":"Em entrevista, Marcelo Gouveia comenta sobre planos para o futuro e relembra grandes feitos em 2017"},"content":{"rendered":"<p>Em entrevista na \u00faltima quinta-feira (4) ao Programa de r\u00e1dio do comunicador, Francisco J\u00fanior, o prefeito do Paudalho, Marcelo Gouveia fez uma avalia\u00e7\u00e3o do primeiro ano de gest\u00e3o e ainda falou sobre os planos para futuro. O gestor j\u00e1 come\u00e7ou a entrevista expressando o seu compromisso. \u201cA gente tem que entender que na gest\u00e3o p\u00fablica \u00e9 preciso atender toda a classe social, sem distin\u00e7\u00f5es. \u00c9 importante que um prefeito entenda que ele \u00e9 gestor para todos os cidad\u00e3os do Munic\u00edpio\u201d, disse.<\/p>\n<h2><strong>S\u00e3o Sebasti\u00e3o e Carnaval<\/strong><\/h2>\n<p>Programa\u00e7\u00f5es tradicionais na cidade e regi\u00e3o, a Festa de S\u00e3o Sebasti\u00e3o e o Carnaval atraem uma multid\u00e3o para o Munic\u00edpio nos dois primeiros meses do ano e ainda movimenta a economia. Segundo o gestor, as duas celebra\u00e7\u00f5es est\u00e3o garantidas. \u201cHoje n\u00f3s tivemos uma reuni\u00e3o com todo nosso secretariado para discutir S\u00e3o Sebasti\u00e3o e o Carnaval e todas as duas est\u00e3o asseguradas. N\u00f3s n\u00e3o podemos deixar de fazer essas festas t\u00e3o tradicionais para a cidade\u201d, comentou. Marcelo Gouveia detalhou que al\u00e9m das duas comemora\u00e7\u00f5es, a entrega do peixe no tempo de P\u00e1scoa e o S\u00e3o Jo\u00e3o tamb\u00e9m vai ocorrer.<\/p>\n<p>Feliz, ele tamb\u00e9m comemorou ainda outras realiza\u00e7\u00f5es que ser\u00e3o realizadas na cidade. \u201cEu j\u00e1 digo a voc\u00ea agora que, sem sombra de d\u00favidas, Paudalho nunca viu um fluxo de investimento que est\u00e1 por vir nos pr\u00f3ximos dias, nos pr\u00f3ximos meses. Com o Minha Casa Minha Vida, recursos do MEC (Minist\u00e9rio da Educa\u00e7\u00e3o), recursos direto do Minist\u00e9rio, emenda parlamentar, a cidade ter\u00e1 o investimento de cerca de R$ 50 milh\u00f5es de reais que conseguimos viabilizar em Bras\u00edlia nesse ano de 2017. E pode ter certeza que vem muita coisa boa para todo a popula\u00e7\u00e3o.\u201d, explicou.<\/p>\n<h2><em>\u201cPode ter certeza que o Carnaval de Paudalho como o de costume ser\u00e1 o melhor da Mata Norte\u201d, afirmou.<\/em><\/h2>\n<h2><strong>2017: Um ano de avan\u00e7o<\/strong><\/h2>\n<p>O ano de 2017 foi repleto de realiza\u00e7\u00f5es no Munic\u00edpio, como: Reconstru\u00e7\u00f5es de mais de 20 unidades p\u00fablicas, entre escolas e postos de sa\u00fade; pavimenta\u00e7\u00e3o de rua; programa\u00e7\u00f5es especiais; servi\u00e7os de odontologia; exames de oftalmologia; melhora na qualidade dos transporte dos estudantes; Semana da Crian\u00e7a com parque de divers\u00e3o gratuito; show de talentos (Canta Paudalho); melhora e transforma\u00e7\u00e3o na Sa\u00fade, Educa\u00e7\u00e3o, Cultura e Assist\u00eancia Social, entre outros.<\/p>\n<p>\u201cColocamos a sa\u00fade de Paudalho para funcionar\u201d, disse o prefeito, que destacou ainda as obras do Centro de Parto Humanizado que est\u00e3o em fase de acabamento. \u201cOs paudalhenses v\u00e3o ter o direito de nascer na cidade. \u00c9 obra, trabalho, sal\u00e1rio em dia, seriedade e claro muito, mais muito compromisso com o bem-estar do povo\u201d, comentou. Voc\u00ea lembra como ficou o Col\u00e9gio Municipal de Guadalajara?<strong> <a href=\"http:\/\/www.paudalho.pe.gov.br\/portal\/colegio-municipal-de-guadalajara-e-inaugurado-e-obra-impressiona-populacao\/\">Confira aqui:<\/a><\/strong><\/p>\n<p><strong>Ou\u00e7a a entrevista na \u00edntegra:<\/strong><\/p>\n<iframe loading=\"lazy\" width=\"100%\" height=\"166\" scrolling=\"no\" frameborder=\"no\" src=\"https:\/\/w.soundcloud.com\/player\/?url=https%3A%2F%2Fapi.soundcloud.com%2Ftracks%2F378844670&auto_play=false&hide_related=false&visual=false&show_comments=true&show_user=true&show_reposts=false&color=ff5500\"><\/iframe>\n<h2><strong>Leia mais:\u00a0<\/strong><\/h2>\n<blockquote class=\"wp-embedded-content\" data-secret=\"Fp5wxTlriV\"><p><a href=\"https:\/\/www.paudalho.pe.gov.br\/portal\/em-menos-de-um-ano-de-gestao-secretaria-de-obras-reconstroi-mais-de-25-unidades-publicas\/\">Em menos de um ano de gest\u00e3o, Secretaria de Obras reconstr\u00f3i mais de 25 unidades p\u00fablicas<\/a><\/p><\/blockquote>\n<p><iframe loading=\"lazy\" class=\"wp-embedded-content\" sandbox=\"allow-scripts\" security=\"restricted\" style=\"position: absolute; visibility: hidden;\" title=\"&#8220;Em menos de um ano de gest\u00e3o, Secretaria de Obras reconstr\u00f3i mais de 25 unidades p\u00fablicas&#8221; &#8212; Prefeitura do Paudalho\" src=\"https:\/\/www.paudalho.pe.gov.br\/portal\/em-menos-de-um-ano-de-gestao-secretaria-de-obras-reconstroi-mais-de-25-unidades-publicas\/embed\/#?secret=2BTRQZXlMg#?secret=Fp5wxTlriV\" data-secret=\"Fp5wxTlriV\" width=\"500\" height=\"282\" frameborder=\"0\" marginwidth=\"0\" marginheight=\"0\" scrolling=\"no\"><\/iframe><\/p>\n<p>&nbsp;<\/p>\n<blockquote class=\"wp-embedded-content\" data-secret=\"s6cuZPtuFR\"><p><a href=\"https:\/\/www.paudalho.pe.gov.br\/portal\/secretaria-de-desenvolvimento-e-assistencia-social-avanca-em-2017-e-acumula-mais-de-10-mil-atendimentos\/\">Secretaria de Desenvolvimento e Assist\u00eancia Social avan\u00e7a em 2017 e acumula mais de 10 mil atendimentos<\/a><\/p><\/blockquote>\n<p><iframe loading=\"lazy\" class=\"wp-embedded-content\" sandbox=\"allow-scripts\" security=\"restricted\" style=\"position: absolute; visibility: hidden;\" title=\"&#8220;Secretaria de Desenvolvimento e Assist\u00eancia Social avan\u00e7a em 2017 e acumula mais de 10 mil atendimentos&#8221; &#8212; Prefeitura do Paudalho\" src=\"https:\/\/www.paudalho.pe.gov.br\/portal\/secretaria-de-desenvolvimento-e-assistencia-social-avanca-em-2017-e-acumula-mais-de-10-mil-atendimentos\/embed\/#?secret=YuayPqWJvv#?secret=s6cuZPtuFR\" data-secret=\"s6cuZPtuFR\" width=\"500\" height=\"282\" frameborder=\"0\" marginwidth=\"0\" marginheight=\"0\" scrolling=\"no\"><\/iframe><\/p>\n<p>&nbsp;<\/p>\n<p>&nbsp;<\/p>\n<blockquote class=\"wp-embedded-content\" data-secret=\"3SjJDXJ5Tk\"><p><a href=\"https:\/\/www.paudalho.pe.gov.br\/portal\/secretario-de-cultura-faz-balanco-de-gestao-e-assegura-festa-de-sao-sebastiao-e-carnaval-2018\/\">Secret\u00e1rio de Cultura faz balan\u00e7o de gest\u00e3o e assegura Festa de S\u00e3o Sebasti\u00e3o e Carnaval 2018<\/a><\/p><\/blockquote>\n<p><iframe loading=\"lazy\" class=\"wp-embedded-content\" sandbox=\"allow-scripts\" security=\"restricted\" style=\"position: absolute; visibility: hidden;\" title=\"&#8220;Secret\u00e1rio de Cultura faz balan\u00e7o de gest\u00e3o e assegura Festa de S\u00e3o Sebasti\u00e3o e Carnaval 2018&#8221; &#8212; Prefeitura do Paudalho\" src=\"https:\/\/www.paudalho.pe.gov.br\/portal\/secretario-de-cultura-faz-balanco-de-gestao-e-assegura-festa-de-sao-sebastiao-e-carnaval-2018\/embed\/#?secret=HCHbSypYzF#?secret=3SjJDXJ5Tk\" data-secret=\"3SjJDXJ5Tk\" width=\"500\" height=\"282\" frameborder=\"0\" marginwidth=\"0\" marginheight=\"0\" scrolling=\"no\"><\/iframe><\/p>\n<blockquote class=\"wp-embedded-content\" data-secret=\"05vllM2Wrd\"><p><a href=\"https:\/\/www.paudalho.pe.gov.br\/portal\/em-balanco-secretario-de-saude-comemora-primeiro-ano-da-gestao-e-fala-sobre-o-futuro\/\">Em balan\u00e7o, secret\u00e1rio de Sa\u00fade comemora primeiro ano da gest\u00e3o e fala sobre o futuro<\/a><\/p><\/blockquote>\n<p><iframe loading=\"lazy\" class=\"wp-embedded-content\" sandbox=\"allow-scripts\" security=\"restricted\" style=\"position: absolute; visibility: hidden;\" title=\"&#8220;Em balan\u00e7o, secret\u00e1rio de Sa\u00fade comemora primeiro ano da gest\u00e3o e fala sobre o futuro&#8221; &#8212; Prefeitura do Paudalho\" src=\"https:\/\/www.paudalho.pe.gov.br\/portal\/em-balanco-secretario-de-saude-comemora-primeiro-ano-da-gestao-e-fala-sobre-o-futuro\/embed\/#?secret=qVqal4O8pl#?secret=05vllM2Wrd\" data-secret=\"05vllM2Wrd\" width=\"500\" height=\"282\" frameborder=\"0\" marginwidth=\"0\" marginheight=\"0\" scrolling=\"no\"><\/iframe><\/p>\n","protected":false},"excerpt":{"rendered":"<p>Em entrevista na \u00faltima quinta-feira (4) ao Programa de r\u00e1dio do comunicador, Francisco J\u00fanior, o prefeito do Paudalho, Marcelo Gouveia fez uma avalia\u00e7\u00e3o do primeiro ano de gest\u00e3o e ainda falou sobre os planos para futuro. O gestor j\u00e1 come\u00e7ou a entrevista expressando o seu compromisso. \u201cA gente tem que entender que na gest\u00e3o p\u00fablica [&hellip;]<\/p>\n","protected":false},"author":4,"featured_media":2322,"comment_status":"open","ping_status":"open","sticky":false,"template":"","format":"standard","meta":{"_jetpack_newsletter_access":"","_jetpack_dont_email_post_to_subs":false,"_jetpack_newsletter_tier_id":0,"_jetpack_memberships_contains_paywalled_content":false,"_jetpack_memberships_contains_paid_content":false,"footnotes":""},"categories":[2,1],"tags":[38,170,22,234],"class_list":["post-2321","post","type-post","status-publish","format-standard","has-post-thumbnail","hentry","category-destaque","category-noticias","tag-carnaval","tag-marcelo-gouveia","tag-prefeitura-do-paudalho","tag-sao-sebastiao"],"jetpack_featured_media_url":"https:\/\/www.paudalho.pe.gov.br\/portal\/wp-content\/uploads\/2018\/01\/20294250_756983137758771_5027018175206988533_n-1.jpg","jetpack_sharing_enabled":true,"jetpack_shortlink":"https:\/\/wp.me\/p98mS2-Br","_links":{"self":[{"href":"https:\/\/www.paudalho.pe.gov.br\/portal\/wp-json\/wp\/v2\/posts\/2321","targetHints":{"allow":["GET"]}}],"collection":[{"href":"https:\/\/www.paudalho.pe.gov.br\/portal\/wp-json\/wp\/v2\/posts"}],"about":[{"href":"https:\/\/www.paudalho.pe.gov.br\/portal\/wp-json\/wp\/v2\/types\/post"}],"author":[{"embeddable":true,"href":"https:\/\/www.paudalho.pe.gov.br\/portal\/wp-json\/wp\/v2\/users\/4"}],"replies":[{"embeddable":true,"href":"https:\/\/www.paudalho.pe.gov.br\/portal\/wp-json\/wp\/v2\/comments?post=2321"}],"version-history":[{"count":3,"href":"https:\/\/www.paudalho.pe.gov.br\/portal\/wp-json\/wp\/v2\/posts\/2321\/revisions"}],"predecessor-version":[{"id":2325,"href":"https:\/\/www.paudalho.pe.gov.br\/portal\/wp-json\/wp\/v2\/posts\/2321\/revisions\/2325"}],"wp:featuredmedia":[{"embeddable":true,"href":"https:\/\/www.paudalho.pe.gov.br\/portal\/wp-json\/wp\/v2\/media\/2322"}],"wp:attachment":[{"href":"https:\/\/www.paudalho.pe.gov.br\/portal\/wp-json\/wp\/v2\/media?parent=2321"}],"wp:term":[{"taxonomy":"category","embeddable":true,"href":"https:\/\/www.paudalho.pe.gov.br\/portal\/wp-json\/wp\/v2\/categories?post=2321"},{"taxonomy":"post_tag","embeddable":true,"href":"https:\/\/www.paudalho.pe.gov.br\/portal\/wp-json\/wp\/v2\/tags?post=2321"}],"curies":[{"name":"wp","href":"https:\/\/api.w.org\/{rel}","templated":true}]}}