{"id":23148,"date":"2022-08-25T16:01:43","date_gmt":"2022-08-25T19:01:43","guid":{"rendered":"https:\/\/www.paudalho.pe.gov.br\/portal\/?p=23148"},"modified":"2022-08-25T16:01:43","modified_gmt":"2022-08-25T19:01:43","slug":"semana-da-pessoa-com-deficiencia-e-celebrada-com-passeio-na-fazenda-sol-nascente-em-paudalho","status":"publish","type":"post","link":"https:\/\/www.paudalho.pe.gov.br\/portal\/semana-da-pessoa-com-deficiencia-e-celebrada-com-passeio-na-fazenda-sol-nascente-em-paudalho\/","title":{"rendered":"Semana da Pessoa com Defici\u00eancia \u00e9 celebrada com passeio na Fazenda Sol Nascente, em Paudalho"},"content":{"rendered":"\n<p>Em celebra\u00e7\u00e3o \u00e0 Semana da Pessoa com Defici\u00eancia, que iniciou segunda-feira (22), a Prefeitura do Paudalho, por meio da Ger\u00eancia de Desenvolvimento da Educa\u00e7\u00e3o (GDE), promoveu nesta quinta-feira (25) um passeio tur\u00edstico com estudantes com defici\u00eancia das escolas da Rede Municipal de Ensino. O destino foi a Fazenda Sol Nascente, na zona rural do munic\u00edpio.<\/p>\n\n\n\n<p>&#8220;O objetivo do encontro \u00e9 promover \u00e0s crian\u00e7as um momento de lazer, contato com a natureza e tamb\u00e9m promover inclus\u00e3o social, garantindo a todas as crian\u00e7as o acesso a bens culturais. O processo educativo dessa a\u00e7\u00e3o \u00e9 t\u00e3o somente despertar em todos o sentimento de pertencimento e de igualdade nas rela\u00e7\u00f5es&#8221;, afirmou Paula Marinho, Secret\u00e1ria de Educa\u00e7\u00e3o e Esportes de Paudalho.<\/p>\n\n\n\n<p>Neste ano, a Semana da Pessoa com Defici\u00eancia trabalha a tem\u00e1tica Educa\u00e7\u00e3o Inclusiva. Um total de 360 alunos e seus respons\u00e1veis participaram do evento.<\/p>\n\n\n\n<figure class=\"wp-block-image size-large\"><img loading=\"lazy\" decoding=\"async\" width=\"800\" height=\"450\" data-attachment-id=\"23150\" data-permalink=\"https:\/\/www.paudalho.pe.gov.br\/portal\/semana-da-pessoa-com-deficiencia-e-celebrada-com-passeio-na-fazenda-sol-nascente-em-paudalho\/img-20220825-wa0046\/\" data-orig-file=\"https:\/\/www.paudalho.pe.gov.br\/portal\/wp-content\/uploads\/2022\/08\/IMG-20220825-WA0046.jpg\" data-orig-size=\"1600,1200\" data-comments-opened=\"1\" data-image-meta=\"{&quot;aperture&quot;:&quot;0&quot;,&quot;credit&quot;:&quot;&quot;,&quot;camera&quot;:&quot;&quot;,&quot;caption&quot;:&quot;&quot;,&quot;created_timestamp&quot;:&quot;0&quot;,&quot;copyright&quot;:&quot;&quot;,&quot;focal_length&quot;:&quot;0&quot;,&quot;iso&quot;:&quot;0&quot;,&quot;shutter_speed&quot;:&quot;0&quot;,&quot;title&quot;:&quot;&quot;,&quot;orientation&quot;:&quot;0&quot;}\" data-image-title=\"IMG-20220825-WA0046\" data-image-description=\"\" data-image-caption=\"\" data-medium-file=\"https:\/\/www.paudalho.pe.gov.br\/portal\/wp-content\/uploads\/2022\/08\/IMG-20220825-WA0046-350x230.jpg\" data-large-file=\"https:\/\/www.paudalho.pe.gov.br\/portal\/wp-content\/uploads\/2022\/08\/IMG-20220825-WA0046-800x450.jpg\" src=\"https:\/\/www.paudalho.pe.gov.br\/portal\/wp-content\/uploads\/2022\/08\/IMG-20220825-WA0046-800x450.jpg\" alt=\"\" class=\"wp-image-23150\"\/><figcaption><em>Estudantes tiveram contato direto com a fauna e a flora do local. Foto: Sandro Filho\/ Prefeitura do Paudalho<\/em><\/figcaption><\/figure>\n\n\n\n<p><strong>Saiba mais:<\/strong><\/p>\n\n\n\n<p>Com a finalidade de promover a inclus\u00e3o de estudantes e docentes, as escolas de Paudalho, que possuem alunos e professores com algum tipo de defici\u00eancia (visual, auditiva, f\u00edsica, espectro autista e etc..), disp\u00f5em de apoiadores para auxili\u00e1-los durante o ano letivo.<\/p>\n\n\n\n<p>\u201cAs nossas unidades de ensino possuem estudantes com defici\u00eancia, e t\u00eam condi\u00e7\u00f5es de receb\u00ea-los. Buscamos melhorar dia ap\u00f3s dia a nossa pol\u00edtica de inclus\u00e3o para garantir os direitos fundamentais dos nossos estudantes e tamb\u00e9m dos professores. Quem necessita de aux\u00edlio pode contar com apoiador educacional, int\u00e9rprete de libras, brailista, por exemplo, e temos 18 psic\u00f3logos atuando nas escolas da Rede Municipal de Ensino\u201d, disse Jos\u00e9 Jo\u00e3o Ferreira, psic\u00f3logo e coordenador de inclus\u00e3o da Secretaria de Educa\u00e7\u00e3o de Paudalho.<\/p>\n\n\n\n<figure class=\"wp-block-image size-large\"><img loading=\"lazy\" decoding=\"async\" width=\"800\" height=\"450\" data-attachment-id=\"23151\" data-permalink=\"https:\/\/www.paudalho.pe.gov.br\/portal\/semana-da-pessoa-com-deficiencia-e-celebrada-com-passeio-na-fazenda-sol-nascente-em-paudalho\/img-20220825-wa0050\/\" data-orig-file=\"https:\/\/www.paudalho.pe.gov.br\/portal\/wp-content\/uploads\/2022\/08\/IMG-20220825-WA0050.jpg\" data-orig-size=\"1600,1200\" data-comments-opened=\"1\" data-image-meta=\"{&quot;aperture&quot;:&quot;0&quot;,&quot;credit&quot;:&quot;&quot;,&quot;camera&quot;:&quot;&quot;,&quot;caption&quot;:&quot;&quot;,&quot;created_timestamp&quot;:&quot;0&quot;,&quot;copyright&quot;:&quot;&quot;,&quot;focal_length&quot;:&quot;0&quot;,&quot;iso&quot;:&quot;0&quot;,&quot;shutter_speed&quot;:&quot;0&quot;,&quot;title&quot;:&quot;&quot;,&quot;orientation&quot;:&quot;0&quot;}\" data-image-title=\"IMG-20220825-WA0050\" data-image-description=\"\" data-image-caption=\"\" data-medium-file=\"https:\/\/www.paudalho.pe.gov.br\/portal\/wp-content\/uploads\/2022\/08\/IMG-20220825-WA0050-350x230.jpg\" data-large-file=\"https:\/\/www.paudalho.pe.gov.br\/portal\/wp-content\/uploads\/2022\/08\/IMG-20220825-WA0050-800x450.jpg\" src=\"https:\/\/www.paudalho.pe.gov.br\/portal\/wp-content\/uploads\/2022\/08\/IMG-20220825-WA0050-800x450.jpg\" alt=\"\" class=\"wp-image-23151\"\/><figcaption><em>Pol\u00edtica de Inclus\u00e3o Social \u00e9 uma das marcas da Educa\u00e7\u00e3o Municipal de Paudalho. Foto: Sandro Filho<\/em><\/figcaption><\/figure>\n\n\n\n<p>Col\u00e9gio Municipal Tancredo Neves, Col\u00e9gio Municipal de Paudalho, Col\u00e9gio Municipal Maria de F\u00e1tima, Escola Municipal Genilda Martins, entre outras, s\u00e3o exemplos de unidades de ensino que t\u00eam em seu quadro estudantes com defici\u00eancia e contam com apoiadores.<\/p>\n\n\n\n<p>\u201cDispomos tamb\u00e9m de sala do AEE (Atendimento Educacional Especializado) na Escola Ch\u00e3 de Capoeira para receber os alunos no contra-turno no Col\u00e9gio Municipal Maria de F\u00e1tima e no Col\u00e9gio Municipal Tancredo Neves. Al\u00e9m disso, temos alunos com defici\u00eancia na creche. L\u00e1, tamb\u00e9m oferecemos todo suporte para atend\u00ea-los\u201d, complementou a t\u00e9cnica educacional Iraneide Dias.<\/p>\n\n\n\n<p>\u201cN\u00f3s temos forma\u00e7\u00f5es direcionadas para os apoiadores educacionais. No \u00faltimo dia 22 de abril houve uma reuni\u00e3o com esses apoiadores, junto com um psic\u00f3logo e gestores das escolas, onde orientamos como devemos trabalhar com os alunos com defici\u00eancia\u201d, explicou Iraneide Dias.<\/p>\n","protected":false},"excerpt":{"rendered":"<p>Em celebra\u00e7\u00e3o \u00e0 Semana da Pessoa com Defici\u00eancia, que iniciou segunda-feira (22), a Prefeitura do Paudalho, por meio da Ger\u00eancia de Desenvolvimento da Educa\u00e7\u00e3o (GDE), promoveu nesta quinta-feira (25) um passeio tur\u00edstico com estudantes com defici\u00eancia das escolas da Rede Municipal de Ensino. O destino foi a Fazenda Sol Nascente, na zona rural do munic\u00edpio. [&hellip;]<\/p>\n","protected":false},"author":2,"featured_media":23149,"comment_status":"open","ping_status":"open","sticky":false,"template":"","format":"standard","meta":{"_jetpack_newsletter_access":"","_jetpack_dont_email_post_to_subs":false,"_jetpack_newsletter_tier_id":0,"_jetpack_memberships_contains_paywalled_content":false,"_jetpack_memberships_contains_paid_content":false,"footnotes":""},"categories":[2,1],"tags":[1061,14,1060,783],"class_list":["post-23148","post","type-post","status-publish","format-standard","has-post-thumbnail","hentry","category-destaque","category-noticias","tag-deficiencia","tag-paudalho","tag-pessoa","tag-semana"],"jetpack_featured_media_url":"https:\/\/www.paudalho.pe.gov.br\/portal\/wp-content\/uploads\/2022\/08\/IMG-20220825-WA0040.jpg","jetpack_sharing_enabled":true,"jetpack_shortlink":"https:\/\/wp.me\/p98mS2-61m","_links":{"self":[{"href":"https:\/\/www.paudalho.pe.gov.br\/portal\/wp-json\/wp\/v2\/posts\/23148","targetHints":{"allow":["GET"]}}],"collection":[{"href":"https:\/\/www.paudalho.pe.gov.br\/portal\/wp-json\/wp\/v2\/posts"}],"about":[{"href":"https:\/\/www.paudalho.pe.gov.br\/portal\/wp-json\/wp\/v2\/types\/post"}],"author":[{"embeddable":true,"href":"https:\/\/www.paudalho.pe.gov.br\/portal\/wp-json\/wp\/v2\/users\/2"}],"replies":[{"embeddable":true,"href":"https:\/\/www.paudalho.pe.gov.br\/portal\/wp-json\/wp\/v2\/comments?post=23148"}],"version-history":[{"count":1,"href":"https:\/\/www.paudalho.pe.gov.br\/portal\/wp-json\/wp\/v2\/posts\/23148\/revisions"}],"predecessor-version":[{"id":23152,"href":"https:\/\/www.paudalho.pe.gov.br\/portal\/wp-json\/wp\/v2\/posts\/23148\/revisions\/23152"}],"wp:featuredmedia":[{"embeddable":true,"href":"https:\/\/www.paudalho.pe.gov.br\/portal\/wp-json\/wp\/v2\/media\/23149"}],"wp:attachment":[{"href":"https:\/\/www.paudalho.pe.gov.br\/portal\/wp-json\/wp\/v2\/media?parent=23148"}],"wp:term":[{"taxonomy":"category","embeddable":true,"href":"https:\/\/www.paudalho.pe.gov.br\/portal\/wp-json\/wp\/v2\/categories?post=23148"},{"taxonomy":"post_tag","embeddable":true,"href":"https:\/\/www.paudalho.pe.gov.br\/portal\/wp-json\/wp\/v2\/tags?post=23148"}],"curies":[{"name":"wp","href":"https:\/\/api.w.org\/{rel}","templated":true}]}}