{"id":23119,"date":"2022-08-15T07:17:42","date_gmt":"2022-08-15T10:17:42","guid":{"rendered":"https:\/\/www.paudalho.pe.gov.br\/portal\/?p=23119"},"modified":"2022-08-15T07:21:33","modified_gmt":"2022-08-15T10:21:33","slug":"prefeitura-do-paudalho-realiza-evento-em-alusao-ao-agosto-lilas","status":"publish","type":"post","link":"https:\/\/www.paudalho.pe.gov.br\/portal\/prefeitura-do-paudalho-realiza-evento-em-alusao-ao-agosto-lilas\/","title":{"rendered":"Prefeitura do Paudalho realiza evento em alus\u00e3o ao Agosto Lil\u00e1s"},"content":{"rendered":"\n<p>Em alus\u00e3o ao Agosto Lil\u00e1s, campanha nacional de enfrentamento \u00e0 viol\u00eancia contra a mulher, a Prefeitura do Paudalho, por meio da Coordenadoria da Mulher, promove uma programa\u00e7\u00e3o nesta segunda-feira (15), na Unidade de Pronto Atendimento (UPA).<\/p>\n\n\n\n<p>A a\u00e7\u00e3o, que come\u00e7ar\u00e1 a partir das 8h, contar\u00e1 com distribui\u00e7\u00e3o de preservativos, teste r\u00e1pidos para Covid-19 e S\u00edfilis, al\u00e9m de palestras sobre diversos assuntos de interesse do p\u00fablico feminino.<\/p>\n\n\n\n<p>A proposta do Agosto Lil\u00e1s prev\u00ea que, anualmente, a Uni\u00e3o e os estados promovam a\u00e7\u00f5es de conscientiza\u00e7\u00e3o e esclarecimento sobre as diferentes formas de viol\u00eancia contra a mulher.<\/p>\n","protected":false},"excerpt":{"rendered":"<p>Em alus\u00e3o ao Agosto Lil\u00e1s, campanha nacional de enfrentamento \u00e0 viol\u00eancia contra a mulher, a Prefeitura do Paudalho, por meio da Coordenadoria da Mulher, promove uma programa\u00e7\u00e3o nesta segunda-feira (15), na Unidade de Pronto Atendimento (UPA). A a\u00e7\u00e3o, que come\u00e7ar\u00e1 a partir das 8h, contar\u00e1 com distribui\u00e7\u00e3o de preservativos, teste r\u00e1pidos para Covid-19 e S\u00edfilis, [&hellip;]<\/p>\n","protected":false},"author":2,"featured_media":23120,"comment_status":"open","ping_status":"open","sticky":false,"template":"","format":"standard","meta":{"_jetpack_newsletter_access":"","_jetpack_dont_email_post_to_subs":false,"_jetpack_newsletter_tier_id":0,"_jetpack_memberships_contains_paywalled_content":false,"_jetpack_memberships_contains_paid_content":false,"footnotes":""},"categories":[2,1],"tags":[1054,970,1055,15],"class_list":["post-23119","post","type-post","status-publish","format-standard","has-post-thumbnail","hentry","category-destaque","category-noticias","tag-agosto","tag-evento","tag-lilas","tag-prefeitura"],"jetpack_featured_media_url":"https:\/\/www.paudalho.pe.gov.br\/portal\/wp-content\/uploads\/2022\/08\/images-23.jpeg","jetpack_sharing_enabled":true,"jetpack_shortlink":"https:\/\/wp.me\/p98mS2-60T","_links":{"self":[{"href":"https:\/\/www.paudalho.pe.gov.br\/portal\/wp-json\/wp\/v2\/posts\/23119","targetHints":{"allow":["GET"]}}],"collection":[{"href":"https:\/\/www.paudalho.pe.gov.br\/portal\/wp-json\/wp\/v2\/posts"}],"about":[{"href":"https:\/\/www.paudalho.pe.gov.br\/portal\/wp-json\/wp\/v2\/types\/post"}],"author":[{"embeddable":true,"href":"https:\/\/www.paudalho.pe.gov.br\/portal\/wp-json\/wp\/v2\/users\/2"}],"replies":[{"embeddable":true,"href":"https:\/\/www.paudalho.pe.gov.br\/portal\/wp-json\/wp\/v2\/comments?post=23119"}],"version-history":[{"count":2,"href":"https:\/\/www.paudalho.pe.gov.br\/portal\/wp-json\/wp\/v2\/posts\/23119\/revisions"}],"predecessor-version":[{"id":23122,"href":"https:\/\/www.paudalho.pe.gov.br\/portal\/wp-json\/wp\/v2\/posts\/23119\/revisions\/23122"}],"wp:featuredmedia":[{"embeddable":true,"href":"https:\/\/www.paudalho.pe.gov.br\/portal\/wp-json\/wp\/v2\/media\/23120"}],"wp:attachment":[{"href":"https:\/\/www.paudalho.pe.gov.br\/portal\/wp-json\/wp\/v2\/media?parent=23119"}],"wp:term":[{"taxonomy":"category","embeddable":true,"href":"https:\/\/www.paudalho.pe.gov.br\/portal\/wp-json\/wp\/v2\/categories?post=23119"},{"taxonomy":"post_tag","embeddable":true,"href":"https:\/\/www.paudalho.pe.gov.br\/portal\/wp-json\/wp\/v2\/tags?post=23119"}],"curies":[{"name":"wp","href":"https:\/\/api.w.org\/{rel}","templated":true}]}}