{"id":23075,"date":"2022-07-29T19:37:17","date_gmt":"2022-07-29T22:37:17","guid":{"rendered":"https:\/\/www.paudalho.pe.gov.br\/portal\/?p=23075"},"modified":"2022-07-29T19:37:17","modified_gmt":"2022-07-29T22:37:17","slug":"mais-de-2-toneladas-de-residuos-solidos-reciclaveis-foram-coletados-durante-os-dias-de-celebracao-do-aniversario-de-211-anos-de-paudalho","status":"publish","type":"post","link":"https:\/\/www.paudalho.pe.gov.br\/portal\/mais-de-2-toneladas-de-residuos-solidos-reciclaveis-foram-coletados-durante-os-dias-de-celebracao-do-aniversario-de-211-anos-de-paudalho\/","title":{"rendered":"Mais de 2 toneladas de res\u00edduos s\u00f3lidos recicl\u00e1veis foram coletados durante os dias de celebra\u00e7\u00e3o do Anivers\u00e1rio de 211 anos de Paudalho"},"content":{"rendered":"\n<p>Aproximadamente 2,5 toneladas de res\u00edduos s\u00f3lidos recicl\u00e1veis foram recolhidos durante os seis dias dos festejos do Anivers\u00e1rio de 211 anos de Paudalho. Garrafas de vidro e latinhas de cerveja e refrigerante foram os itens mais coletados pelos catadores. A iniciativa foi realizada pela Secretaria de Desenvolvimento, Meio Ambiente e Qualifica\u00e7\u00e3o Profissional (SEDEMAQ) junto \u00e0 Cooperativa de Catadores de Materiais Recicl\u00e1veis de Paudalho (Coopcapa).<\/p>\n\n\n\n<p>Ao todo, 13 catadores, entre homens e mulheres, executaram a coleta dos res\u00edduos s\u00f3lidos recicl\u00e1veis.<\/p>\n\n\n\n<p>Os materiais recolhidos durante as festividades foram transportados, nesta sexta-feira (29), para a CTTR \u2013 Central de Triagem e Tratamento de Res\u00edduos de Paudalho, onde ser\u00e3o separados, triados e, posteriormente, comercializados para incrementar a renda de 35 catadores da Coopcapa.<\/p>\n\n\n\n<figure class=\"wp-block-image size-large\"><img loading=\"lazy\" decoding=\"async\" width=\"800\" height=\"450\" data-attachment-id=\"23077\" data-permalink=\"https:\/\/www.paudalho.pe.gov.br\/portal\/mais-de-2-toneladas-de-residuos-solidos-reciclaveis-foram-coletados-durante-os-dias-de-celebracao-do-aniversario-de-211-anos-de-paudalho\/img-20220729-wa0072\/\" data-orig-file=\"https:\/\/www.paudalho.pe.gov.br\/portal\/wp-content\/uploads\/2022\/07\/IMG-20220729-WA0072.jpg\" data-orig-size=\"1600,1200\" data-comments-opened=\"1\" data-image-meta=\"{&quot;aperture&quot;:&quot;0&quot;,&quot;credit&quot;:&quot;&quot;,&quot;camera&quot;:&quot;&quot;,&quot;caption&quot;:&quot;&quot;,&quot;created_timestamp&quot;:&quot;0&quot;,&quot;copyright&quot;:&quot;&quot;,&quot;focal_length&quot;:&quot;0&quot;,&quot;iso&quot;:&quot;0&quot;,&quot;shutter_speed&quot;:&quot;0&quot;,&quot;title&quot;:&quot;&quot;,&quot;orientation&quot;:&quot;0&quot;}\" data-image-title=\"IMG-20220729-WA0072\" data-image-description=\"\" data-image-caption=\"\" data-medium-file=\"https:\/\/www.paudalho.pe.gov.br\/portal\/wp-content\/uploads\/2022\/07\/IMG-20220729-WA0072-350x230.jpg\" data-large-file=\"https:\/\/www.paudalho.pe.gov.br\/portal\/wp-content\/uploads\/2022\/07\/IMG-20220729-WA0072-800x450.jpg\" src=\"https:\/\/www.paudalho.pe.gov.br\/portal\/wp-content\/uploads\/2022\/07\/IMG-20220729-WA0072-800x450.jpg\" alt=\"\" class=\"wp-image-23077\"\/><figcaption><em>Foto: Divulga\u00e7\u00e3o\/ Prefeitura de Paudalho <\/em><\/figcaption><\/figure>\n\n\n\n<p>&#8220;As principais festas do calend\u00e1rio s\u00e3o hist\u00f3ricas, culturalmente falando. Mais no fim da cadeia log\u00edstica do consumo, existe um passivo ambiental. Colocamos em pr\u00e1tica o Gerenciamento dos Res\u00edduos S\u00f3lidos Recicl\u00e1veis das festividades do anivers\u00e1rio da Cidade, juntamente \u00e0 Cooperativa de Catadores de Materiais Recicl\u00e1veis de Paudalho (Coopcapa), que \u00e9 contratada para realizar essa atividade, em todo o territ\u00f3rio paudalhense. Estamos gradativamente alcan\u00e7ando todos os bairros. Todas as festividades do calend\u00e1rio oficial de nossa cidade ser\u00e3o contempladas por essa atividade&#8221;, garantiu Den\u00edcio Ribeiro, Coordenador do Programa de Coleta Seletiva, da SEDEMAQ.<\/p>\n","protected":false},"excerpt":{"rendered":"<p>Aproximadamente 2,5 toneladas de res\u00edduos s\u00f3lidos recicl\u00e1veis foram recolhidos durante os seis dias dos festejos do Anivers\u00e1rio de 211 anos de Paudalho. Garrafas de vidro e latinhas de cerveja e refrigerante foram os itens mais coletados pelos catadores. A iniciativa foi realizada pela Secretaria de Desenvolvimento, Meio Ambiente e Qualifica\u00e7\u00e3o Profissional (SEDEMAQ) junto \u00e0 Cooperativa [&hellip;]<\/p>\n","protected":false},"author":2,"featured_media":23076,"comment_status":"open","ping_status":"open","sticky":false,"template":"","format":"standard","meta":{"_jetpack_newsletter_access":"","_jetpack_dont_email_post_to_subs":false,"_jetpack_newsletter_tier_id":0,"_jetpack_memberships_contains_paywalled_content":false,"_jetpack_memberships_contains_paid_content":false,"footnotes":""},"categories":[2,765,1],"tags":[353,14,1044,1045,24,1043],"class_list":["post-23075","post","type-post","status-publish","format-standard","has-post-thumbnail","hentry","category-destaque","category-meio-ambiente","category-noticias","tag-aniversario","tag-paudalho","tag-reciclaveis","tag-recolhidos","tag-residuos","tag-solidos"],"jetpack_featured_media_url":"https:\/\/www.paudalho.pe.gov.br\/portal\/wp-content\/uploads\/2022\/07\/IMG-20220729-WA0060.jpg","jetpack_sharing_enabled":true,"jetpack_shortlink":"https:\/\/wp.me\/p98mS2-60b","_links":{"self":[{"href":"https:\/\/www.paudalho.pe.gov.br\/portal\/wp-json\/wp\/v2\/posts\/23075","targetHints":{"allow":["GET"]}}],"collection":[{"href":"https:\/\/www.paudalho.pe.gov.br\/portal\/wp-json\/wp\/v2\/posts"}],"about":[{"href":"https:\/\/www.paudalho.pe.gov.br\/portal\/wp-json\/wp\/v2\/types\/post"}],"author":[{"embeddable":true,"href":"https:\/\/www.paudalho.pe.gov.br\/portal\/wp-json\/wp\/v2\/users\/2"}],"replies":[{"embeddable":true,"href":"https:\/\/www.paudalho.pe.gov.br\/portal\/wp-json\/wp\/v2\/comments?post=23075"}],"version-history":[{"count":1,"href":"https:\/\/www.paudalho.pe.gov.br\/portal\/wp-json\/wp\/v2\/posts\/23075\/revisions"}],"predecessor-version":[{"id":23078,"href":"https:\/\/www.paudalho.pe.gov.br\/portal\/wp-json\/wp\/v2\/posts\/23075\/revisions\/23078"}],"wp:featuredmedia":[{"embeddable":true,"href":"https:\/\/www.paudalho.pe.gov.br\/portal\/wp-json\/wp\/v2\/media\/23076"}],"wp:attachment":[{"href":"https:\/\/www.paudalho.pe.gov.br\/portal\/wp-json\/wp\/v2\/media?parent=23075"}],"wp:term":[{"taxonomy":"category","embeddable":true,"href":"https:\/\/www.paudalho.pe.gov.br\/portal\/wp-json\/wp\/v2\/categories?post=23075"},{"taxonomy":"post_tag","embeddable":true,"href":"https:\/\/www.paudalho.pe.gov.br\/portal\/wp-json\/wp\/v2\/tags?post=23075"}],"curies":[{"name":"wp","href":"https:\/\/api.w.org\/{rel}","templated":true}]}}