{"id":23037,"date":"2022-07-27T14:02:08","date_gmt":"2022-07-27T17:02:08","guid":{"rendered":"https:\/\/www.paudalho.pe.gov.br\/portal\/?p=23037"},"modified":"2022-07-28T18:16:08","modified_gmt":"2022-07-28T21:16:08","slug":"publico-lota-o-parque-de-eventos-beira-rio-no-penultimo-dia-das-comemoracoes-do-aniversario-de-211-anos-de-paudalho","status":"publish","type":"post","link":"https:\/\/www.paudalho.pe.gov.br\/portal\/publico-lota-o-parque-de-eventos-beira-rio-no-penultimo-dia-das-comemoracoes-do-aniversario-de-211-anos-de-paudalho\/","title":{"rendered":"P\u00fablico lota o Parque de Eventos Beira Rio no pen\u00faltimo dia das comemora\u00e7\u00f5es do Anivers\u00e1rio de 211 anos de Paudalho"},"content":{"rendered":"\n<p>Felipe Farra, Priscila Senna (A Musa) e Raphaela Santos (A Favorita) garantiram a festa no palco do Parque de Eventos Beira Rio, em mais de um dia de celebra\u00e7\u00e3o do Anivers\u00e1rio de 211 anos de Paudalho, na noite de ontem (26). Um grande p\u00fablico esteve presente para assistir as atra\u00e7\u00f5es.<\/p>\n\n\n\n<p>A programa\u00e7\u00e3o teve in\u00edcio por volta das 20h de ontem e terminou na madrugada de hoje (27). Nesta quarta-feira, \u00faltimo dia dos festejos, ter\u00e1 shows de Andr\u00e9 Viana, Banda Caninana e Mari Fernandez a partir das 20h. Pela manh\u00e3, haver\u00e1 hasteamento da bandeira, a partir das 8h, em frente \u00e0 sede da Prefeitura; e missa em a\u00e7\u00e3o de gra\u00e7as, \u00e0s 9h30, na Igreja do Divino Esp\u00edrito Santo.<\/p>\n\n\n\n<p>Os festejos de Anivers\u00e1rio de 211 anos de Paudalho teve in\u00edcio na \u00faltima sexta-feira (22) no Parque de Eventos Beira Rio, com apresenta\u00e7\u00f5es de artistas locais, Quadrilhas Juninas, Feira Multicultural, entre outras atra\u00e7\u00f5es.<\/p>\n\n\n\n<p>Neste ano, a comemora\u00e7\u00e3o de anivers\u00e1rio do munic\u00edpio tamb\u00e9m fez refer\u00eancia \u00e0s festividades juninas, destacando a import\u00e2ncia do ciclo junino, que nos \u00faltimos anos n\u00e3o foi celebrado devido \u00e0 Pandemia de Covid-19 e \u00e0s fortes chuvas que atingiram diversas cidades pernambucanas, inclusive Paudalho, durante o m\u00eas de maio.<\/p>\n\n\n\n<p><strong>Confira a seguir a programa\u00e7\u00e3o completa desta quarta-feira (27):<\/strong><\/p>\n\n\n\n<p>08h &#8211; Hasteamento da Bandeira, em frente \u00e0 sede da Prefeitura<br>09h30 &#8211; Missa em A\u00e7\u00e3o de Gra\u00e7as, na Igreja do Divino Esp\u00edrito Santo<br>20h &#8211; Andr\u00e9 Viana, no palco do Beira Rio<br>22h &#8211; Banda Caninana, no palco do Beira Rio<br>00h &#8211; Mari Fernandez, no palco do Beira Rio<\/p>\n","protected":false},"excerpt":{"rendered":"<p>Felipe Farra, Priscila Senna (A Musa) e Raphaela Santos (A Favorita) garantiram a festa no palco do Parque de Eventos Beira Rio, em mais de um dia de celebra\u00e7\u00e3o do Anivers\u00e1rio de 211 anos de Paudalho, na noite de ontem (26). Um grande p\u00fablico esteve presente para assistir as atra\u00e7\u00f5es. A programa\u00e7\u00e3o teve in\u00edcio por [&hellip;]<\/p>\n","protected":false},"author":2,"featured_media":23038,"comment_status":"open","ping_status":"open","sticky":false,"template":"","format":"standard","meta":{"_jetpack_newsletter_access":"","_jetpack_dont_email_post_to_subs":false,"_jetpack_newsletter_tier_id":0,"_jetpack_memberships_contains_paywalled_content":false,"_jetpack_memberships_contains_paid_content":false,"footnotes":""},"categories":[6,2,800],"tags":[930,351,1040,1042],"class_list":["post-23037","post","type-post","status-publish","format-standard","has-post-thumbnail","hentry","category-cultura","category-destaque","category-turismo","tag-dia","tag-festa","tag-paudalh","tag-penultimo"],"jetpack_featured_media_url":"https:\/\/www.paudalho.pe.gov.br\/portal\/wp-content\/uploads\/2022\/07\/IMG-20220727-WA0066.jpg","jetpack_sharing_enabled":true,"jetpack_shortlink":"https:\/\/wp.me\/p98mS2-5Zz","_links":{"self":[{"href":"https:\/\/www.paudalho.pe.gov.br\/portal\/wp-json\/wp\/v2\/posts\/23037","targetHints":{"allow":["GET"]}}],"collection":[{"href":"https:\/\/www.paudalho.pe.gov.br\/portal\/wp-json\/wp\/v2\/posts"}],"about":[{"href":"https:\/\/www.paudalho.pe.gov.br\/portal\/wp-json\/wp\/v2\/types\/post"}],"author":[{"embeddable":true,"href":"https:\/\/www.paudalho.pe.gov.br\/portal\/wp-json\/wp\/v2\/users\/2"}],"replies":[{"embeddable":true,"href":"https:\/\/www.paudalho.pe.gov.br\/portal\/wp-json\/wp\/v2\/comments?post=23037"}],"version-history":[{"count":2,"href":"https:\/\/www.paudalho.pe.gov.br\/portal\/wp-json\/wp\/v2\/posts\/23037\/revisions"}],"predecessor-version":[{"id":23050,"href":"https:\/\/www.paudalho.pe.gov.br\/portal\/wp-json\/wp\/v2\/posts\/23037\/revisions\/23050"}],"wp:featuredmedia":[{"embeddable":true,"href":"https:\/\/www.paudalho.pe.gov.br\/portal\/wp-json\/wp\/v2\/media\/23038"}],"wp:attachment":[{"href":"https:\/\/www.paudalho.pe.gov.br\/portal\/wp-json\/wp\/v2\/media?parent=23037"}],"wp:term":[{"taxonomy":"category","embeddable":true,"href":"https:\/\/www.paudalho.pe.gov.br\/portal\/wp-json\/wp\/v2\/categories?post=23037"},{"taxonomy":"post_tag","embeddable":true,"href":"https:\/\/www.paudalho.pe.gov.br\/portal\/wp-json\/wp\/v2\/tags?post=23037"}],"curies":[{"name":"wp","href":"https:\/\/api.w.org\/{rel}","templated":true}]}}