{"id":23027,"date":"2022-07-26T09:54:14","date_gmt":"2022-07-26T12:54:14","guid":{"rendered":"https:\/\/www.paudalho.pe.gov.br\/portal\/?p=23027"},"modified":"2022-07-27T05:10:32","modified_gmt":"2022-07-27T08:10:32","slug":"orquestrao-cultura-nas-ruas-arrasta-multidao-em-paudalho","status":"publish","type":"post","link":"https:\/\/www.paudalho.pe.gov.br\/portal\/orquestrao-cultura-nas-ruas-arrasta-multidao-em-paudalho\/","title":{"rendered":"&#8216;Orquestr\u00e3o Cultura nas Ruas&#8217; arrasta multid\u00e3o em Paudalho"},"content":{"rendered":"\n<p>Blocos carnavalescos, caboclinhos, bois, maracatus, grupos de Quadrilhas Juninas, Blocos l\u00edricos, entre outras diversas manifesta\u00e7\u00f5es culturais de Paudalho estiveram reunidas durante a noite de ontem (25) no &#8216;Orquestr\u00e3o Cultura nas Ruas&#8217; &#8211; evento da programa\u00e7\u00e3o comemorativa dos 211 anos de Anivers\u00e1rio da Cidade.<\/p>\n\n\n\n<p>O Orquestr\u00e3o Cultura nas Ruas, que foi promovido pela Prefeitura de Paudalho, teve concentra\u00e7\u00e3o na entrada da cidade e passou por diversas vias do munic\u00edpio, levando alegria, cultura e anima\u00e7\u00e3o.<\/p>\n\n\n\n<p>Nesta ter\u00e7a-feira (26), a programa\u00e7\u00e3o ficar\u00e1 por conta de Felipe Farra, Raphaela Santos (A Favorita) e Priscila Senna (A Musa). Os shows ser\u00e3o no palco do Parque de Eventos Beira Rio, a partir das 20h.<\/p>\n\n\n\n<p>Confira a seguir a programa\u00e7\u00e3o completa at\u00e9 a quarta-feira (27):<\/p>\n\n\n\n<p><strong>26 de Julho (Palco Beira Rio)<\/strong><\/p>\n\n\n\n<p>Felipe Farra<br>Raphaela Santos (A Favorita)<br>Priscila Senna (A Musa)<\/p>\n\n\n\n<p><strong>27 de Julho (Palco Beira Rio)<\/strong><\/p>\n\n\n\n<p>Andr\u00e9 Viana<br>Caninana<br>Mari Fernandez<\/p>\n","protected":false},"excerpt":{"rendered":"<p>Blocos carnavalescos, caboclinhos, bois, maracatus, grupos de Quadrilhas Juninas, Blocos l\u00edricos, entre outras diversas manifesta\u00e7\u00f5es culturais de Paudalho estiveram reunidas durante a noite de ontem (25) no &#8216;Orquestr\u00e3o Cultura nas Ruas&#8217; &#8211; evento da programa\u00e7\u00e3o comemorativa dos 211 anos de Anivers\u00e1rio da Cidade. O Orquestr\u00e3o Cultura nas Ruas, que foi promovido pela Prefeitura de Paudalho, [&hellip;]<\/p>\n","protected":false},"author":2,"featured_media":23028,"comment_status":"open","ping_status":"open","sticky":false,"template":"","format":"standard","meta":{"_jetpack_newsletter_access":"","_jetpack_dont_email_post_to_subs":false,"_jetpack_newsletter_tier_id":0,"_jetpack_memberships_contains_paywalled_content":false,"_jetpack_memberships_contains_paid_content":false,"footnotes":""},"categories":[6,2,800],"tags":[68,1039,217],"class_list":["post-23027","post","type-post","status-publish","format-standard","has-post-thumbnail","hentry","category-cultura","category-destaque","category-turismo","tag-cultura","tag-orquestrao","tag-ruas"],"jetpack_featured_media_url":"https:\/\/www.paudalho.pe.gov.br\/portal\/wp-content\/uploads\/2022\/07\/IMG-20220726-WA0016.jpg","jetpack_sharing_enabled":true,"jetpack_shortlink":"https:\/\/wp.me\/p98mS2-5Zp","_links":{"self":[{"href":"https:\/\/www.paudalho.pe.gov.br\/portal\/wp-json\/wp\/v2\/posts\/23027","targetHints":{"allow":["GET"]}}],"collection":[{"href":"https:\/\/www.paudalho.pe.gov.br\/portal\/wp-json\/wp\/v2\/posts"}],"about":[{"href":"https:\/\/www.paudalho.pe.gov.br\/portal\/wp-json\/wp\/v2\/types\/post"}],"author":[{"embeddable":true,"href":"https:\/\/www.paudalho.pe.gov.br\/portal\/wp-json\/wp\/v2\/users\/2"}],"replies":[{"embeddable":true,"href":"https:\/\/www.paudalho.pe.gov.br\/portal\/wp-json\/wp\/v2\/comments?post=23027"}],"version-history":[{"count":2,"href":"https:\/\/www.paudalho.pe.gov.br\/portal\/wp-json\/wp\/v2\/posts\/23027\/revisions"}],"predecessor-version":[{"id":23036,"href":"https:\/\/www.paudalho.pe.gov.br\/portal\/wp-json\/wp\/v2\/posts\/23027\/revisions\/23036"}],"wp:featuredmedia":[{"embeddable":true,"href":"https:\/\/www.paudalho.pe.gov.br\/portal\/wp-json\/wp\/v2\/media\/23028"}],"wp:attachment":[{"href":"https:\/\/www.paudalho.pe.gov.br\/portal\/wp-json\/wp\/v2\/media?parent=23027"}],"wp:term":[{"taxonomy":"category","embeddable":true,"href":"https:\/\/www.paudalho.pe.gov.br\/portal\/wp-json\/wp\/v2\/categories?post=23027"},{"taxonomy":"post_tag","embeddable":true,"href":"https:\/\/www.paudalho.pe.gov.br\/portal\/wp-json\/wp\/v2\/tags?post=23027"}],"curies":[{"name":"wp","href":"https:\/\/api.w.org\/{rel}","templated":true}]}}