{"id":23019,"date":"2022-07-25T15:39:21","date_gmt":"2022-07-25T18:39:21","guid":{"rendered":"https:\/\/www.paudalho.pe.gov.br\/portal\/?p=23019"},"modified":"2022-07-25T22:21:28","modified_gmt":"2022-07-26T01:21:28","slug":"comemoracao-do-aniversario-de-211-anos-de-paudalho-chega-ao-terceiro-dia-com-muita-festa-musica-e-cultura","status":"publish","type":"post","link":"https:\/\/www.paudalho.pe.gov.br\/portal\/comemoracao-do-aniversario-de-211-anos-de-paudalho-chega-ao-terceiro-dia-com-muita-festa-musica-e-cultura\/","title":{"rendered":"Comemora\u00e7\u00e3o do Anivers\u00e1rio de 211 anos de Paudalho chega ao terceiro dia com muita festa, m\u00fasica e cultura"},"content":{"rendered":"\n<p>O terceiro dia de celebra\u00e7\u00e3o do anivers\u00e1rio de 211 anos de Paudalho, durante a noite de ontem (24), teve muita dan\u00e7a, m\u00fasica e cultura. As Quadrilhas Juninas Forr\u00f3 Bai\u00e3o Nordestino e Balanc\u00ea se apresentaram e encantaram o p\u00fablico presente. Os shows musicais ficaram por conta de Thomaz Playboyzinho e Ninho Pernambucano.<\/p>\n\n\n\n<p>As festividades de comemora\u00e7\u00e3o ao anivers\u00e1rio da cidade v\u00e3o acontecer at\u00e9 a pr\u00f3xima quarta-feira (27). Nesta segunda, a programa\u00e7\u00e3o contar\u00e1 com um Orquestr\u00e3o Cultura nas Ruas com todas as representatividades culturais do munic\u00edpio, saindo da entrada da cidade, a partir das 19h.<\/p>\n\n\n\n<figure class=\"wp-block-image size-large\"><img loading=\"lazy\" decoding=\"async\" width=\"800\" height=\"450\" data-attachment-id=\"23021\" data-permalink=\"https:\/\/www.paudalho.pe.gov.br\/portal\/comemoracao-do-aniversario-de-211-anos-de-paudalho-chega-ao-terceiro-dia-com-muita-festa-musica-e-cultura\/img-20220725-wa00911\/\" data-orig-file=\"https:\/\/www.paudalho.pe.gov.br\/portal\/wp-content\/uploads\/2022\/07\/IMG-20220725-WA00911.jpg\" data-orig-size=\"1600,1066\" data-comments-opened=\"1\" data-image-meta=\"{&quot;aperture&quot;:&quot;0&quot;,&quot;credit&quot;:&quot;&quot;,&quot;camera&quot;:&quot;&quot;,&quot;caption&quot;:&quot;&quot;,&quot;created_timestamp&quot;:&quot;0&quot;,&quot;copyright&quot;:&quot;&quot;,&quot;focal_length&quot;:&quot;0&quot;,&quot;iso&quot;:&quot;0&quot;,&quot;shutter_speed&quot;:&quot;0&quot;,&quot;title&quot;:&quot;&quot;,&quot;orientation&quot;:&quot;0&quot;}\" data-image-title=\"IMG-20220725-WA00911\" data-image-description=\"\" data-image-caption=\"\" data-medium-file=\"https:\/\/www.paudalho.pe.gov.br\/portal\/wp-content\/uploads\/2022\/07\/IMG-20220725-WA00911-350x230.jpg\" data-large-file=\"https:\/\/www.paudalho.pe.gov.br\/portal\/wp-content\/uploads\/2022\/07\/IMG-20220725-WA00911-800x450.jpg\" src=\"https:\/\/www.paudalho.pe.gov.br\/portal\/wp-content\/uploads\/2022\/07\/IMG-20220725-WA00911-800x450.jpg\" alt=\"\" class=\"wp-image-23021\"\/><figcaption><em>Thomas Playboyzinho foi uma das atra\u00e7\u00f5es. Foto: Victor Patr\u00edcio <\/em><\/figcaption><\/figure>\n\n\n\n<p>Confira a seguir a programa\u00e7\u00e3o completa at\u00e9 a quarta-feira (27):<\/p>\n\n\n\n<p><strong>25 de Julho<\/strong><\/p>\n\n\n\n<p>Orquestr\u00e3o Cultura nas Ruas com todas as representatividades culturais do munic\u00edpio, saindo da entrada da cidade<\/p>\n\n\n\n<p><strong>26 de Julho (Palco Beira Rio)<\/strong><\/p>\n\n\n\n<p>Felipe Farra<br>Raphaela Santos (A Favorita)<br>Priscila Senna (A Musa)<\/p>\n\n\n\n<p><strong>27 de Julho (Palco Beira Rio)<\/strong><\/p>\n\n\n\n<p>Andr\u00e9 Viana<br>Caninana<br>Mari Fernandez<\/p>\n","protected":false},"excerpt":{"rendered":"<p>O terceiro dia de celebra\u00e7\u00e3o do anivers\u00e1rio de 211 anos de Paudalho, durante a noite de ontem (24), teve muita dan\u00e7a, m\u00fasica e cultura. As Quadrilhas Juninas Forr\u00f3 Bai\u00e3o Nordestino e Balanc\u00ea se apresentaram e encantaram o p\u00fablico presente. Os shows musicais ficaram por conta de Thomaz Playboyzinho e Ninho Pernambucano. As festividades de comemora\u00e7\u00e3o [&hellip;]<\/p>\n","protected":false},"author":2,"featured_media":23020,"comment_status":"open","ping_status":"open","sticky":false,"template":"","format":"standard","meta":{"_jetpack_newsletter_access":"","_jetpack_dont_email_post_to_subs":false,"_jetpack_newsletter_tier_id":0,"_jetpack_memberships_contains_paywalled_content":false,"_jetpack_memberships_contains_paid_content":false,"footnotes":""},"categories":[6,2,800],"tags":[353,1038,68,1033,222,14],"class_list":["post-23019","post","type-post","status-publish","format-standard","has-post-thumbnail","hentry","category-cultura","category-destaque","category-turismo","tag-aniversario","tag-comemoracao","tag-cultura","tag-danca","tag-musica","tag-paudalho"],"jetpack_featured_media_url":"https:\/\/www.paudalho.pe.gov.br\/portal\/wp-content\/uploads\/2022\/07\/IMG-20220725-WA00901.jpg","jetpack_sharing_enabled":true,"jetpack_shortlink":"https:\/\/wp.me\/p98mS2-5Zh","_links":{"self":[{"href":"https:\/\/www.paudalho.pe.gov.br\/portal\/wp-json\/wp\/v2\/posts\/23019","targetHints":{"allow":["GET"]}}],"collection":[{"href":"https:\/\/www.paudalho.pe.gov.br\/portal\/wp-json\/wp\/v2\/posts"}],"about":[{"href":"https:\/\/www.paudalho.pe.gov.br\/portal\/wp-json\/wp\/v2\/types\/post"}],"author":[{"embeddable":true,"href":"https:\/\/www.paudalho.pe.gov.br\/portal\/wp-json\/wp\/v2\/users\/2"}],"replies":[{"embeddable":true,"href":"https:\/\/www.paudalho.pe.gov.br\/portal\/wp-json\/wp\/v2\/comments?post=23019"}],"version-history":[{"count":5,"href":"https:\/\/www.paudalho.pe.gov.br\/portal\/wp-json\/wp\/v2\/posts\/23019\/revisions"}],"predecessor-version":[{"id":23026,"href":"https:\/\/www.paudalho.pe.gov.br\/portal\/wp-json\/wp\/v2\/posts\/23019\/revisions\/23026"}],"wp:featuredmedia":[{"embeddable":true,"href":"https:\/\/www.paudalho.pe.gov.br\/portal\/wp-json\/wp\/v2\/media\/23020"}],"wp:attachment":[{"href":"https:\/\/www.paudalho.pe.gov.br\/portal\/wp-json\/wp\/v2\/media?parent=23019"}],"wp:term":[{"taxonomy":"category","embeddable":true,"href":"https:\/\/www.paudalho.pe.gov.br\/portal\/wp-json\/wp\/v2\/categories?post=23019"},{"taxonomy":"post_tag","embeddable":true,"href":"https:\/\/www.paudalho.pe.gov.br\/portal\/wp-json\/wp\/v2\/tags?post=23019"}],"curies":[{"name":"wp","href":"https:\/\/api.w.org\/{rel}","templated":true}]}}