{"id":23010,"date":"2022-07-24T10:44:08","date_gmt":"2022-07-24T13:44:08","guid":{"rendered":"https:\/\/www.paudalho.pe.gov.br\/portal\/?p=23010"},"modified":"2022-07-24T10:45:20","modified_gmt":"2022-07-24T13:45:20","slug":"aleff-counter-joebson-vaqueiro-rosimar-lima-e-quadrilhas-juninas-comandaram-o-segundo-dia-do-aniversario-de-paudalho","status":"publish","type":"post","link":"https:\/\/www.paudalho.pe.gov.br\/portal\/aleff-counter-joebson-vaqueiro-rosimar-lima-e-quadrilhas-juninas-comandaram-o-segundo-dia-do-aniversario-de-paudalho\/","title":{"rendered":"Aleff Counter, Joebson Vaqueiro, Rosimar Lima e Quadrilhas Juninas comandaram o segundo dia do Anivers\u00e1rio de Paudalho"},"content":{"rendered":"\n<p>O segundo dia de festejos do Anivers\u00e1rio de 211 anos de Paudalho foi marcado por muita m\u00fasica, dan\u00e7a e mais homenagens. Aleff Counter, Joebson Vaqueiro, Rosimar Lima e as Quadrilhas Juninas &#8216;Rosa Linda, Linda Rosa&#8217; e &#8216;Mastruz com Leite&#8217; foram as atra\u00e7\u00f5es que encantaram e animaram o p\u00fablico presente no Parque de Eventos Beira Rio, na noite de ontem (23).<\/p>\n\n\n\n<p>Durante o evento comemorativo, o prefeito Marcelo Gouveia e a Secret\u00e1ria de Cultura, Turismo, Lazer e Juventude, Carolina Ferraz, entregaram o Trof\u00e9u de Participa\u00e7\u00e3o do Anivers\u00e1rio de 211 anos de Paudalho \u00e0 matriarca da Quadrilha Junina &#8216;Rosa Linda, Linda Rosa&#8217;, Elvira Gusm\u00e3o; e \u00e0 cantora N\u00e1dia Maia. O representante da Quadrilha &#8216;Mastruz com Leite&#8217;, Diego Ot\u00e1vio, recebeu o Trof\u00e9u das m\u00e3os do vereador T\u00eato do Povo.<\/p>\n\n\n\n<figure class=\"wp-block-gallery has-nested-images columns-default is-cropped wp-block-gallery-1 is-layout-flex wp-block-gallery-is-layout-flex\">\n<figure class=\"wp-block-image size-large\"><img loading=\"lazy\" decoding=\"async\" width=\"800\" height=\"450\" data-attachment-id=\"23012\" data-permalink=\"https:\/\/www.paudalho.pe.gov.br\/portal\/aleff-counter-joebson-vaqueiro-rosimar-lima-e-quadrilhas-juninas-comandaram-o-segundo-dia-do-aniversario-de-paudalho\/img-20220724-wa0014\/\" data-orig-file=\"https:\/\/www.paudalho.pe.gov.br\/portal\/wp-content\/uploads\/2022\/07\/IMG-20220724-WA0014.jpg\" data-orig-size=\"1280,853\" data-comments-opened=\"1\" data-image-meta=\"{&quot;aperture&quot;:&quot;0&quot;,&quot;credit&quot;:&quot;&quot;,&quot;camera&quot;:&quot;&quot;,&quot;caption&quot;:&quot;&quot;,&quot;created_timestamp&quot;:&quot;0&quot;,&quot;copyright&quot;:&quot;&quot;,&quot;focal_length&quot;:&quot;0&quot;,&quot;iso&quot;:&quot;0&quot;,&quot;shutter_speed&quot;:&quot;0&quot;,&quot;title&quot;:&quot;&quot;,&quot;orientation&quot;:&quot;0&quot;}\" data-image-title=\"IMG-20220724-WA0014\" data-image-description=\"\" data-image-caption=\"\" data-medium-file=\"https:\/\/www.paudalho.pe.gov.br\/portal\/wp-content\/uploads\/2022\/07\/IMG-20220724-WA0014-350x230.jpg\" data-large-file=\"https:\/\/www.paudalho.pe.gov.br\/portal\/wp-content\/uploads\/2022\/07\/IMG-20220724-WA0014-800x450.jpg\" data-id=\"23012\" src=\"https:\/\/www.paudalho.pe.gov.br\/portal\/wp-content\/uploads\/2022\/07\/IMG-20220724-WA0014-800x450.jpg\" alt=\"\" class=\"wp-image-23012\"\/><\/figure>\n\n\n\n<figure class=\"wp-block-image size-large\"><img loading=\"lazy\" decoding=\"async\" width=\"800\" height=\"450\" data-attachment-id=\"23014\" data-permalink=\"https:\/\/www.paudalho.pe.gov.br\/portal\/aleff-counter-joebson-vaqueiro-rosimar-lima-e-quadrilhas-juninas-comandaram-o-segundo-dia-do-aniversario-de-paudalho\/img-20220724-wa0018\/\" data-orig-file=\"https:\/\/www.paudalho.pe.gov.br\/portal\/wp-content\/uploads\/2022\/07\/IMG-20220724-WA0018.jpg\" data-orig-size=\"1280,853\" data-comments-opened=\"1\" data-image-meta=\"{&quot;aperture&quot;:&quot;0&quot;,&quot;credit&quot;:&quot;&quot;,&quot;camera&quot;:&quot;&quot;,&quot;caption&quot;:&quot;&quot;,&quot;created_timestamp&quot;:&quot;0&quot;,&quot;copyright&quot;:&quot;&quot;,&quot;focal_length&quot;:&quot;0&quot;,&quot;iso&quot;:&quot;0&quot;,&quot;shutter_speed&quot;:&quot;0&quot;,&quot;title&quot;:&quot;&quot;,&quot;orientation&quot;:&quot;0&quot;}\" data-image-title=\"IMG-20220724-WA0018\" data-image-description=\"\" data-image-caption=\"\" data-medium-file=\"https:\/\/www.paudalho.pe.gov.br\/portal\/wp-content\/uploads\/2022\/07\/IMG-20220724-WA0018-350x230.jpg\" data-large-file=\"https:\/\/www.paudalho.pe.gov.br\/portal\/wp-content\/uploads\/2022\/07\/IMG-20220724-WA0018-800x450.jpg\" data-id=\"23014\" src=\"https:\/\/www.paudalho.pe.gov.br\/portal\/wp-content\/uploads\/2022\/07\/IMG-20220724-WA0018-800x450.jpg\" alt=\"\" class=\"wp-image-23014\"\/><\/figure>\n\n\n\n<figure class=\"wp-block-image size-large\"><img loading=\"lazy\" decoding=\"async\" width=\"800\" height=\"450\" data-attachment-id=\"23015\" data-permalink=\"https:\/\/www.paudalho.pe.gov.br\/portal\/aleff-counter-joebson-vaqueiro-rosimar-lima-e-quadrilhas-juninas-comandaram-o-segundo-dia-do-aniversario-de-paudalho\/img-20220724-wa0019\/\" data-orig-file=\"https:\/\/www.paudalho.pe.gov.br\/portal\/wp-content\/uploads\/2022\/07\/IMG-20220724-WA0019.jpg\" data-orig-size=\"1280,853\" data-comments-opened=\"1\" data-image-meta=\"{&quot;aperture&quot;:&quot;0&quot;,&quot;credit&quot;:&quot;&quot;,&quot;camera&quot;:&quot;&quot;,&quot;caption&quot;:&quot;&quot;,&quot;created_timestamp&quot;:&quot;0&quot;,&quot;copyright&quot;:&quot;&quot;,&quot;focal_length&quot;:&quot;0&quot;,&quot;iso&quot;:&quot;0&quot;,&quot;shutter_speed&quot;:&quot;0&quot;,&quot;title&quot;:&quot;&quot;,&quot;orientation&quot;:&quot;0&quot;}\" data-image-title=\"IMG-20220724-WA0019\" data-image-description=\"\" data-image-caption=\"\" data-medium-file=\"https:\/\/www.paudalho.pe.gov.br\/portal\/wp-content\/uploads\/2022\/07\/IMG-20220724-WA0019-350x230.jpg\" data-large-file=\"https:\/\/www.paudalho.pe.gov.br\/portal\/wp-content\/uploads\/2022\/07\/IMG-20220724-WA0019-800x450.jpg\" data-id=\"23015\" src=\"https:\/\/www.paudalho.pe.gov.br\/portal\/wp-content\/uploads\/2022\/07\/IMG-20220724-WA0019-800x450.jpg\" alt=\"\" class=\"wp-image-23015\"\/><\/figure>\n\n\n\n<figure class=\"wp-block-image size-large\"><img loading=\"lazy\" decoding=\"async\" width=\"800\" height=\"450\" data-attachment-id=\"23011\" data-permalink=\"https:\/\/www.paudalho.pe.gov.br\/portal\/aleff-counter-joebson-vaqueiro-rosimar-lima-e-quadrilhas-juninas-comandaram-o-segundo-dia-do-aniversario-de-paudalho\/img-20220724-wa0023\/\" data-orig-file=\"https:\/\/www.paudalho.pe.gov.br\/portal\/wp-content\/uploads\/2022\/07\/IMG-20220724-WA0023.jpg\" data-orig-size=\"1280,853\" data-comments-opened=\"1\" data-image-meta=\"{&quot;aperture&quot;:&quot;0&quot;,&quot;credit&quot;:&quot;&quot;,&quot;camera&quot;:&quot;&quot;,&quot;caption&quot;:&quot;&quot;,&quot;created_timestamp&quot;:&quot;0&quot;,&quot;copyright&quot;:&quot;&quot;,&quot;focal_length&quot;:&quot;0&quot;,&quot;iso&quot;:&quot;0&quot;,&quot;shutter_speed&quot;:&quot;0&quot;,&quot;title&quot;:&quot;&quot;,&quot;orientation&quot;:&quot;0&quot;}\" data-image-title=\"IMG-20220724-WA0023\" data-image-description=\"\" data-image-caption=\"\" data-medium-file=\"https:\/\/www.paudalho.pe.gov.br\/portal\/wp-content\/uploads\/2022\/07\/IMG-20220724-WA0023-350x230.jpg\" data-large-file=\"https:\/\/www.paudalho.pe.gov.br\/portal\/wp-content\/uploads\/2022\/07\/IMG-20220724-WA0023-800x450.jpg\" data-id=\"23011\" src=\"https:\/\/www.paudalho.pe.gov.br\/portal\/wp-content\/uploads\/2022\/07\/IMG-20220724-WA0023-800x450.jpg\" alt=\"\" class=\"wp-image-23011\"\/><\/figure>\n\n\n\n<figure class=\"wp-block-image size-large\"><img loading=\"lazy\" decoding=\"async\" width=\"800\" height=\"450\" data-attachment-id=\"23016\" data-permalink=\"https:\/\/www.paudalho.pe.gov.br\/portal\/aleff-counter-joebson-vaqueiro-rosimar-lima-e-quadrilhas-juninas-comandaram-o-segundo-dia-do-aniversario-de-paudalho\/img-20220724-wa0021\/\" data-orig-file=\"https:\/\/www.paudalho.pe.gov.br\/portal\/wp-content\/uploads\/2022\/07\/IMG-20220724-WA0021.jpg\" data-orig-size=\"1280,853\" data-comments-opened=\"1\" data-image-meta=\"{&quot;aperture&quot;:&quot;0&quot;,&quot;credit&quot;:&quot;&quot;,&quot;camera&quot;:&quot;&quot;,&quot;caption&quot;:&quot;&quot;,&quot;created_timestamp&quot;:&quot;0&quot;,&quot;copyright&quot;:&quot;&quot;,&quot;focal_length&quot;:&quot;0&quot;,&quot;iso&quot;:&quot;0&quot;,&quot;shutter_speed&quot;:&quot;0&quot;,&quot;title&quot;:&quot;&quot;,&quot;orientation&quot;:&quot;0&quot;}\" data-image-title=\"IMG-20220724-WA0021\" data-image-description=\"\" data-image-caption=\"\" data-medium-file=\"https:\/\/www.paudalho.pe.gov.br\/portal\/wp-content\/uploads\/2022\/07\/IMG-20220724-WA0021-350x230.jpg\" data-large-file=\"https:\/\/www.paudalho.pe.gov.br\/portal\/wp-content\/uploads\/2022\/07\/IMG-20220724-WA0021-800x450.jpg\" data-id=\"23016\" src=\"https:\/\/www.paudalho.pe.gov.br\/portal\/wp-content\/uploads\/2022\/07\/IMG-20220724-WA0021-800x450.jpg\" alt=\"\" class=\"wp-image-23016\"\/><\/figure>\n\n\n\n<figure class=\"wp-block-image size-large\"><img loading=\"lazy\" decoding=\"async\" width=\"800\" height=\"450\" data-attachment-id=\"23013\" data-permalink=\"https:\/\/www.paudalho.pe.gov.br\/portal\/aleff-counter-joebson-vaqueiro-rosimar-lima-e-quadrilhas-juninas-comandaram-o-segundo-dia-do-aniversario-de-paudalho\/img-20220724-wa0016-1\/\" data-orig-file=\"https:\/\/www.paudalho.pe.gov.br\/portal\/wp-content\/uploads\/2022\/07\/IMG-20220724-WA0016-1.jpg\" data-orig-size=\"1280,853\" data-comments-opened=\"1\" data-image-meta=\"{&quot;aperture&quot;:&quot;0&quot;,&quot;credit&quot;:&quot;&quot;,&quot;camera&quot;:&quot;&quot;,&quot;caption&quot;:&quot;&quot;,&quot;created_timestamp&quot;:&quot;0&quot;,&quot;copyright&quot;:&quot;&quot;,&quot;focal_length&quot;:&quot;0&quot;,&quot;iso&quot;:&quot;0&quot;,&quot;shutter_speed&quot;:&quot;0&quot;,&quot;title&quot;:&quot;&quot;,&quot;orientation&quot;:&quot;0&quot;}\" data-image-title=\"IMG-20220724-WA0016-1\" data-image-description=\"\" data-image-caption=\"\" data-medium-file=\"https:\/\/www.paudalho.pe.gov.br\/portal\/wp-content\/uploads\/2022\/07\/IMG-20220724-WA0016-1-350x230.jpg\" data-large-file=\"https:\/\/www.paudalho.pe.gov.br\/portal\/wp-content\/uploads\/2022\/07\/IMG-20220724-WA0016-1-800x450.jpg\" data-id=\"23013\" src=\"https:\/\/www.paudalho.pe.gov.br\/portal\/wp-content\/uploads\/2022\/07\/IMG-20220724-WA0016-1-800x450.jpg\" alt=\"\" class=\"wp-image-23013\"\/><\/figure>\n<figcaption class=\"blocks-gallery-caption\"><em>Fotos: Josu\u00e9 J\u00fanior\/ Prefeitura de Paudalho <\/em><\/figcaption><\/figure>\n\n\n\n<p><\/p>\n\n\n\n<p>As celebra\u00e7\u00f5es v\u00e3o acontecer at\u00e9 a quarta-feira, dia 27. Neste domingo (24), a anima\u00e7\u00e3o ficar\u00e1 por conta das Quadrilhas Juninas Forr\u00f3 Bai\u00e3o Nordestino e Balanc\u00ea, e os shows musicais ser\u00e3o de Thomaz Playboyzinho e Ninho Pernambucano. As apresenta\u00e7\u00f5es v\u00e3o iniciar a partir das 20h no Parque de Eventos Beira Rio.<\/p>\n\n\n\n<p>Confira a seguir as atra\u00e7\u00f5es dos pr\u00f3ximos dias de celebra\u00e7\u00f5es:<\/p>\n\n\n\n<p><strong>24 de Julho (Pavilh\u00e3o)<\/strong><\/p>\n\n\n\n<p>Quadrilhas Juninas<br>Thomas Playboyzinho<br>Ninho Pernambucano<\/p>\n\n\n\n<p><strong>25 de Julho<\/strong><\/p>\n\n\n\n<p>Orquestr\u00e3o Cultura nas Ruas com todas as representa\u00e7\u00f5es culturais do munic\u00edpio, saindo da entrada da cidade<\/p>\n\n\n\n<p><strong>26 de Julho (Palco Beira Rio)<\/strong><\/p>\n\n\n\n<p>Felipe Farra<br>Raphaela Santos (A Favorita)<br>Priscila Senna (A Musa)<\/p>\n\n\n\n<p><strong>27 de Julho (Palco Beira Rio)<\/strong><\/p>\n\n\n\n<p>Andr\u00e9 Viana<br>Caninana<br>Mari Fernandez<\/p>\n","protected":false},"excerpt":{"rendered":"<p>O segundo dia de festejos do Anivers\u00e1rio de 211 anos de Paudalho foi marcado por muita m\u00fasica, dan\u00e7a e mais homenagens. Aleff Counter, Joebson Vaqueiro, Rosimar Lima e as Quadrilhas Juninas &#8216;Rosa Linda, Linda Rosa&#8217; e &#8216;Mastruz com Leite&#8217; foram as atra\u00e7\u00f5es que encantaram e animaram o p\u00fablico presente no Parque de Eventos Beira Rio, [&hellip;]<\/p>\n","protected":false},"author":2,"featured_media":23008,"comment_status":"open","ping_status":"open","sticky":false,"template":"","format":"standard","meta":{"_jetpack_newsletter_access":"","_jetpack_dont_email_post_to_subs":false,"_jetpack_newsletter_tier_id":0,"_jetpack_memberships_contains_paywalled_content":false,"_jetpack_memberships_contains_paid_content":false,"footnotes":""},"categories":[6,2,1,800],"tags":[353,930,14,1037],"class_list":["post-23010","post","type-post","status-publish","format-standard","has-post-thumbnail","hentry","category-cultura","category-destaque","category-noticias","category-turismo","tag-aniversario","tag-dia","tag-paudalho","tag-segunda"],"jetpack_featured_media_url":"https:\/\/www.paudalho.pe.gov.br\/portal\/wp-content\/uploads\/2022\/07\/IMG-20220724-WA0022.jpg","jetpack_sharing_enabled":true,"jetpack_shortlink":"https:\/\/wp.me\/p98mS2-5Z8","_links":{"self":[{"href":"https:\/\/www.paudalho.pe.gov.br\/portal\/wp-json\/wp\/v2\/posts\/23010","targetHints":{"allow":["GET"]}}],"collection":[{"href":"https:\/\/www.paudalho.pe.gov.br\/portal\/wp-json\/wp\/v2\/posts"}],"about":[{"href":"https:\/\/www.paudalho.pe.gov.br\/portal\/wp-json\/wp\/v2\/types\/post"}],"author":[{"embeddable":true,"href":"https:\/\/www.paudalho.pe.gov.br\/portal\/wp-json\/wp\/v2\/users\/2"}],"replies":[{"embeddable":true,"href":"https:\/\/www.paudalho.pe.gov.br\/portal\/wp-json\/wp\/v2\/comments?post=23010"}],"version-history":[{"count":2,"href":"https:\/\/www.paudalho.pe.gov.br\/portal\/wp-json\/wp\/v2\/posts\/23010\/revisions"}],"predecessor-version":[{"id":23018,"href":"https:\/\/www.paudalho.pe.gov.br\/portal\/wp-json\/wp\/v2\/posts\/23010\/revisions\/23018"}],"wp:featuredmedia":[{"embeddable":true,"href":"https:\/\/www.paudalho.pe.gov.br\/portal\/wp-json\/wp\/v2\/media\/23008"}],"wp:attachment":[{"href":"https:\/\/www.paudalho.pe.gov.br\/portal\/wp-json\/wp\/v2\/media?parent=23010"}],"wp:term":[{"taxonomy":"category","embeddable":true,"href":"https:\/\/www.paudalho.pe.gov.br\/portal\/wp-json\/wp\/v2\/categories?post=23010"},{"taxonomy":"post_tag","embeddable":true,"href":"https:\/\/www.paudalho.pe.gov.br\/portal\/wp-json\/wp\/v2\/tags?post=23010"}],"curies":[{"name":"wp","href":"https:\/\/api.w.org\/{rel}","templated":true}]}}