{"id":22998,"date":"2022-07-23T11:41:34","date_gmt":"2022-07-23T14:41:34","guid":{"rendered":"https:\/\/www.paudalho.pe.gov.br\/portal\/?p=22998"},"modified":"2022-07-24T12:05:13","modified_gmt":"2022-07-24T15:05:13","slug":"cia-de-danca-raizes-da-mastruz-e-quadrilhas-juninas-animam-o-primeiro-dia-dos-festejos-do-aniversario-de-211-anos-de-paudalho","status":"publish","type":"post","link":"https:\/\/www.paudalho.pe.gov.br\/portal\/cia-de-danca-raizes-da-mastruz-e-quadrilhas-juninas-animam-o-primeiro-dia-dos-festejos-do-aniversario-de-211-anos-de-paudalho\/","title":{"rendered":"Cia de Dan\u00e7a Ra\u00edzes da Mastruz e Quadrilhas Juninas animam o primeiro dia dos festejos do Anivers\u00e1rio de 211 anos de Paudalho"},"content":{"rendered":"\n<p>A primeira noite de celebra\u00e7\u00e3o do Anivers\u00e1rio de 211 anos de Paudalho foi recheada de muita m\u00fasica, dan\u00e7a, cultura e homenagem. A Companhia de Dan\u00e7a Ra\u00edzes da Mastruz e as Quadrilhas Juninas Matutinhos do Sert\u00e3o, Fogo no P\u00e9 e Rosa dos Ventos animaram o p\u00fablico durante a noite de ontem (22) no Parque de Eventos Beira Rio.<\/p>\n\n\n\n<p>As festividades v\u00e3o acontecer at\u00e9 a quarta-feira, dia 27. Neste s\u00e1bado (23), a anima\u00e7\u00e3o ficar\u00e1 por conta das Quadrilhas Juninas &#8216;Rosa Linda, Linda Rosa&#8217; e &#8216;Mastruz com Leite&#8217;, e de Aleff Counter, Joebson Vaqueiro e Rosimar Lima. As apresenta\u00e7\u00f5es v\u00e3o iniciar a partir das 20h no Parque de Eventos Beira Rio.<\/p>\n\n\n\n<p>&#8220;\u00c9 com imensa alegria e satisfa\u00e7\u00e3o que nesta noite trazemos \u00e0s ruas a alegria dos festejos da nossa cultura aos paudalhenses. Hoje \u00e9 um dia marco na nossa hist\u00f3ria. Ap\u00f3s tantos momentos de tristeza, trazemos de volta a felicidade ao nosso povo em poder celebrar os 211 anos de emancipa\u00e7\u00e3o pol\u00edtica do nosso munic\u00edpio. Agrade\u00e7o a Deus por me permitir fazer parte desse momento, de v\u00ea novamente a alegria estampada no rosto de cada um de todos que aqui est\u00e3o presentes. Um momento especial, que \u00e9 a retomada dos eventos que impulsionam a nossa cultura, que fomentam a nossa economia, movimentam nosso turismo e mant\u00e9m viva a nossa hist\u00f3ria e as nossas tradi\u00e7\u00f5es&#8221;, discursou Carolina Ferraz, Secret\u00e1ria de Cultura, Turismo, Lazer e Juventude de Paudalho, durante a abertura das comemora\u00e7\u00f5es.<\/p>\n\n\n\n<figure class=\"wp-block-image size-large is-resized\"><img loading=\"lazy\" decoding=\"async\" data-attachment-id=\"23000\" data-permalink=\"https:\/\/www.paudalho.pe.gov.br\/portal\/cia-de-danca-raizes-da-mastruz-e-quadrilhas-juninas-animam-o-primeiro-dia-dos-festejos-do-aniversario-de-211-anos-de-paudalho\/img_20220722_230407_888\/\" data-orig-file=\"https:\/\/www.paudalho.pe.gov.br\/portal\/wp-content\/uploads\/2022\/07\/IMG_20220722_230407_888.jpg\" data-orig-size=\"1280,853\" data-comments-opened=\"1\" data-image-meta=\"{&quot;aperture&quot;:&quot;0&quot;,&quot;credit&quot;:&quot;&quot;,&quot;camera&quot;:&quot;&quot;,&quot;caption&quot;:&quot;&quot;,&quot;created_timestamp&quot;:&quot;0&quot;,&quot;copyright&quot;:&quot;&quot;,&quot;focal_length&quot;:&quot;0&quot;,&quot;iso&quot;:&quot;0&quot;,&quot;shutter_speed&quot;:&quot;0&quot;,&quot;title&quot;:&quot;&quot;,&quot;orientation&quot;:&quot;0&quot;}\" data-image-title=\"IMG_20220722_230407_888\" data-image-description=\"\" data-image-caption=\"\" data-medium-file=\"https:\/\/www.paudalho.pe.gov.br\/portal\/wp-content\/uploads\/2022\/07\/IMG_20220722_230407_888-350x230.jpg\" data-large-file=\"https:\/\/www.paudalho.pe.gov.br\/portal\/wp-content\/uploads\/2022\/07\/IMG_20220722_230407_888-800x450.jpg\" src=\"https:\/\/www.paudalho.pe.gov.br\/portal\/wp-content\/uploads\/2022\/07\/IMG_20220722_230407_888-800x450.jpg\" alt=\"\" class=\"wp-image-23000\" width=\"396\" height=\"222\"\/><figcaption><em>Quadrilha Junina Matutinhos do <\/em>Sert\u00e3o se apresentou na primeira noite de festejos. Foto: Thiago Lira\/ Prefeitura de Paudalho <\/figcaption><\/figure>\n\n\n\n<p>Neste ano, a comemora\u00e7\u00e3o de anivers\u00e1rio do munic\u00edpio tamb\u00e9m far\u00e1 refer\u00eancia \u00e0s festividades juninas, destacando a import\u00e2ncia do ciclo junino, que nos \u00faltimos anos n\u00e3o foi celebrado devido \u00e0 Pandemia de Covid-19 e \u00e0s fortes chuvas que atingiram diversas cidades pernambucanas, inclusive Paudalho, no \u00faltimo m\u00eas.<\/p>\n\n\n\n<p>Durante o evento, o ex-prefeito de Paudalho Sr. Eufr\u00e1sio Campos Gouveia Filho (1993-1996) recebeu uma homenagem, por ter sido o idealizador e fundador, em 1993, do concurso de Quadrilhas Juninas do munic\u00edpio.<\/p>\n\n\n\n<figure class=\"wp-block-image size-large\"><img loading=\"lazy\" decoding=\"async\" width=\"800\" height=\"450\" data-attachment-id=\"23001\" data-permalink=\"https:\/\/www.paudalho.pe.gov.br\/portal\/cia-de-danca-raizes-da-mastruz-e-quadrilhas-juninas-animam-o-primeiro-dia-dos-festejos-do-aniversario-de-211-anos-de-paudalho\/img_20220723_113641_509\/\" data-orig-file=\"https:\/\/www.paudalho.pe.gov.br\/portal\/wp-content\/uploads\/2022\/07\/IMG_20220723_113641_509.jpg\" data-orig-size=\"1280,853\" data-comments-opened=\"1\" data-image-meta=\"{&quot;aperture&quot;:&quot;0&quot;,&quot;credit&quot;:&quot;&quot;,&quot;camera&quot;:&quot;&quot;,&quot;caption&quot;:&quot;&quot;,&quot;created_timestamp&quot;:&quot;0&quot;,&quot;copyright&quot;:&quot;&quot;,&quot;focal_length&quot;:&quot;0&quot;,&quot;iso&quot;:&quot;0&quot;,&quot;shutter_speed&quot;:&quot;0&quot;,&quot;title&quot;:&quot;&quot;,&quot;orientation&quot;:&quot;0&quot;}\" data-image-title=\"IMG_20220723_113641_509\" data-image-description=\"\" data-image-caption=\"\" data-medium-file=\"https:\/\/www.paudalho.pe.gov.br\/portal\/wp-content\/uploads\/2022\/07\/IMG_20220723_113641_509-350x230.jpg\" data-large-file=\"https:\/\/www.paudalho.pe.gov.br\/portal\/wp-content\/uploads\/2022\/07\/IMG_20220723_113641_509-800x450.jpg\" src=\"https:\/\/www.paudalho.pe.gov.br\/portal\/wp-content\/uploads\/2022\/07\/IMG_20220723_113641_509-800x450.jpg\" alt=\"\" class=\"wp-image-23001\"\/><figcaption><em>Cia de Dan\u00e7a Ra\u00edzes da Mastruz abriu as celebra\u00e7\u00f5es. Foto: Ewerton Santana\/ Prefeitura de Paudalho <\/em><\/figcaption><\/figure>\n\n\n\n<p>Confira a seguir as atra\u00e7\u00f5es dos pr\u00f3ximos dias de celebra\u00e7\u00f5es:<\/p>\n\n\n\n<p><strong>23 de Julho (Pavilh\u00e3o)<\/strong><\/p>\n\n\n\n<p>Quadrilhas Juninas<br>Aleff Counter<br>Joebson Vaqueiro<br>Rosimar Lima<\/p>\n\n\n\n<p><strong>24 de Julho (Pavilh\u00e3o)<\/strong><\/p>\n\n\n\n<p>Quadrilhas Juninas<br>Thomas Playboyzinho<br>Ninho Pernambucano<\/p>\n\n\n\n<p><strong>25 de Julho<\/strong><\/p>\n\n\n\n<p>Orquestr\u00e3o Cultura nas Ruas com todas as representa\u00e7\u00f5es culturais do munic\u00edpio, saindo da entrada da cidade<\/p>\n\n\n\n<p><strong>26 de Julho (Palco Beira Rio)<\/strong><\/p>\n\n\n\n<p>Felipe Farra<br>Raphaela Santos (A Favorita)<br>Priscila Senna (A Musa)<\/p>\n\n\n\n<p><strong>27 de Julho (Palco Beira Rio)<\/strong><\/p>\n\n\n\n<p>Andr\u00e9 Viana<br>Caninana<br>Mari Fernandez<\/p>\n","protected":false},"excerpt":{"rendered":"<p>A primeira noite de celebra\u00e7\u00e3o do Anivers\u00e1rio de 211 anos de Paudalho foi recheada de muita m\u00fasica, dan\u00e7a, cultura e homenagem. A Companhia de Dan\u00e7a Ra\u00edzes da Mastruz e as Quadrilhas Juninas Matutinhos do Sert\u00e3o, Fogo no P\u00e9 e Rosa dos Ventos animaram o p\u00fablico durante a noite de ontem (22) no Parque de Eventos [&hellip;]<\/p>\n","protected":false},"author":2,"featured_media":22999,"comment_status":"open","ping_status":"open","sticky":false,"template":"","format":"standard","meta":{"_jetpack_newsletter_access":"","_jetpack_dont_email_post_to_subs":false,"_jetpack_newsletter_tier_id":0,"_jetpack_memberships_contains_paywalled_content":false,"_jetpack_memberships_contains_paid_content":false,"footnotes":""},"categories":[6,2,800],"tags":[353,1032,1033,1034,351,14,1035,936],"class_list":["post-22998","post","type-post","status-publish","format-standard","has-post-thumbnail","hentry","category-cultura","category-destaque","category-turismo","tag-aniversario","tag-cia","tag-danca","tag-embalam","tag-festa","tag-paudalho","tag-publico","tag-quadrilhas"],"jetpack_featured_media_url":"https:\/\/www.paudalho.pe.gov.br\/portal\/wp-content\/uploads\/2022\/07\/IMG-20220723-WA00351.jpg","jetpack_sharing_enabled":true,"jetpack_shortlink":"https:\/\/wp.me\/p98mS2-5YW","_links":{"self":[{"href":"https:\/\/www.paudalho.pe.gov.br\/portal\/wp-json\/wp\/v2\/posts\/22998","targetHints":{"allow":["GET"]}}],"collection":[{"href":"https:\/\/www.paudalho.pe.gov.br\/portal\/wp-json\/wp\/v2\/posts"}],"about":[{"href":"https:\/\/www.paudalho.pe.gov.br\/portal\/wp-json\/wp\/v2\/types\/post"}],"author":[{"embeddable":true,"href":"https:\/\/www.paudalho.pe.gov.br\/portal\/wp-json\/wp\/v2\/users\/2"}],"replies":[{"embeddable":true,"href":"https:\/\/www.paudalho.pe.gov.br\/portal\/wp-json\/wp\/v2\/comments?post=22998"}],"version-history":[{"count":4,"href":"https:\/\/www.paudalho.pe.gov.br\/portal\/wp-json\/wp\/v2\/posts\/22998\/revisions"}],"predecessor-version":[{"id":23006,"href":"https:\/\/www.paudalho.pe.gov.br\/portal\/wp-json\/wp\/v2\/posts\/22998\/revisions\/23006"}],"wp:featuredmedia":[{"embeddable":true,"href":"https:\/\/www.paudalho.pe.gov.br\/portal\/wp-json\/wp\/v2\/media\/22999"}],"wp:attachment":[{"href":"https:\/\/www.paudalho.pe.gov.br\/portal\/wp-json\/wp\/v2\/media?parent=22998"}],"wp:term":[{"taxonomy":"category","embeddable":true,"href":"https:\/\/www.paudalho.pe.gov.br\/portal\/wp-json\/wp\/v2\/categories?post=22998"},{"taxonomy":"post_tag","embeddable":true,"href":"https:\/\/www.paudalho.pe.gov.br\/portal\/wp-json\/wp\/v2\/tags?post=22998"}],"curies":[{"name":"wp","href":"https:\/\/api.w.org\/{rel}","templated":true}]}}