{"id":22991,"date":"2022-07-22T08:33:01","date_gmt":"2022-07-22T11:33:01","guid":{"rendered":"https:\/\/www.paudalho.pe.gov.br\/portal\/?p=22991"},"modified":"2022-07-22T08:33:01","modified_gmt":"2022-07-22T11:33:01","slug":"residuos-solidos-reciclaveis-serao-recolhidos-pela-coopcapa-durante-o-aniversario-de-211-anos-de-paudalho","status":"publish","type":"post","link":"https:\/\/www.paudalho.pe.gov.br\/portal\/residuos-solidos-reciclaveis-serao-recolhidos-pela-coopcapa-durante-o-aniversario-de-211-anos-de-paudalho\/","title":{"rendered":"Res\u00edduos S\u00f3lidos Recicl\u00e1veis ser\u00e3o recolhidos pela COOPCAPA durante o Anivers\u00e1rio de 211 anos de Paudalho"},"content":{"rendered":"\n<p>Com foco na sustentabilidade, a Prefeitura do Paudalho, por meio da Secretaria de Desenvolvimento Econ\u00f4mico, Meio Ambiente e Qualifica\u00e7\u00e3o Profissional (SEDEMAQ) junto \u00e0 Cooperativa de Catadores de Materiais Recicl\u00e1veis (COOPCAPA), realizar\u00e1 a coleta de Res\u00edduos S\u00f3lidos Recicl\u00e1veis descartados durante as celebra\u00e7\u00f5es do Anivers\u00e1rio de 211 anos da Cidade, que ser\u00e1 comemorado entre os dias 22 a 27 de julho.<\/p>\n\n\n\n<p>&#8220;Os catadores, entre homens e mulheres, estar\u00e3o espalhados durante o evento, tanto na arena como nas ruas, recolhendo materiais recicl\u00e1veis, como garrafas pl\u00e1sticas, ferro, alum\u00ednio, papel, isopor, entre outros. Tudo ser\u00e1 direcionado para um ponto de apoio que ficar\u00e1 atr\u00e1s das barracas e no final da festa ser\u00e3o levados para a central de gerenciamento, que fica no Clube Estrela&#8221;, afirmou Den\u00edcio Ribeiro, Coordenador do Programa de Coleta Seletiva, da SEDEMAQ.<\/p>\n\n\n\n<p>Um total de 13 catadores far\u00e3o o trabalho de coleta dos res\u00edduos s\u00f3lidos recicl\u00e1veis. &#8220;Ressalto que os catadores estar\u00e3o identificados com coletes verdes e com sacos de r\u00e1fia, e a popula\u00e7\u00e3o ao v\u00ea-los poder\u00e3o tamb\u00e9m entregar diretamente a eles os res\u00edduos &#8220;, acrescentou Den\u00edcio.<\/p>\n\n\n\n<figure class=\"wp-block-image size-large\"><img loading=\"lazy\" decoding=\"async\" width=\"800\" height=\"450\" data-attachment-id=\"22993\" data-permalink=\"https:\/\/www.paudalho.pe.gov.br\/portal\/residuos-solidos-reciclaveis-serao-recolhidos-pela-coopcapa-durante-o-aniversario-de-211-anos-de-paudalho\/img-20220721-wa0100\/\" data-orig-file=\"https:\/\/www.paudalho.pe.gov.br\/portal\/wp-content\/uploads\/2022\/07\/IMG-20220721-WA0100.jpg\" data-orig-size=\"1197,1600\" data-comments-opened=\"1\" data-image-meta=\"{&quot;aperture&quot;:&quot;0&quot;,&quot;credit&quot;:&quot;&quot;,&quot;camera&quot;:&quot;&quot;,&quot;caption&quot;:&quot;&quot;,&quot;created_timestamp&quot;:&quot;0&quot;,&quot;copyright&quot;:&quot;&quot;,&quot;focal_length&quot;:&quot;0&quot;,&quot;iso&quot;:&quot;0&quot;,&quot;shutter_speed&quot;:&quot;0&quot;,&quot;title&quot;:&quot;&quot;,&quot;orientation&quot;:&quot;0&quot;}\" data-image-title=\"IMG-20220721-WA0100\" data-image-description=\"\" data-image-caption=\"\" data-medium-file=\"https:\/\/www.paudalho.pe.gov.br\/portal\/wp-content\/uploads\/2022\/07\/IMG-20220721-WA0100-350x230.jpg\" data-large-file=\"https:\/\/www.paudalho.pe.gov.br\/portal\/wp-content\/uploads\/2022\/07\/IMG-20220721-WA0100-800x450.jpg\" src=\"https:\/\/www.paudalho.pe.gov.br\/portal\/wp-content\/uploads\/2022\/07\/IMG-20220721-WA0100-800x450.jpg\" alt=\"\" class=\"wp-image-22993\"\/><figcaption><em>Essa \u00e9 a primeira vez que Paudalho faz o gerenciamento de res\u00edduos em um evento<\/em>. Foto: Divulga\u00e7\u00e3o\/ Prefeitura de Paudalho <\/figcaption><\/figure>\n\n\n\n<p>Os Res\u00edduos S\u00f3lidos Recicl\u00e1veis recolhidos durante as festividades ser\u00e3o transportados, no dia 28 de julho, para a CTTR &#8211; Central de Triagem e Tratamento de Res\u00edduos de Paudalho, onde ser\u00e3o separados, triados e, posteriormente, comercializados.<\/p>\n\n\n\n<p>&#8220;Pedimos que os festeiros n\u00e3o joguem garrafas, nem latinhas e res\u00edduos em geral no rio ou em \u00e1reas como pra\u00e7as. Entreguem aos catadores e curtam a festa fazendo bem ao meio ambiente. Essa \u00e9 a primeira vez que Paudalho faz o gerenciamento de res\u00edduos em um evento. E as pr\u00f3ximas festividades tamb\u00e9m v\u00e3o contar com essa a\u00e7\u00e3o&#8221;, finalizou Den\u00edcio Ribeiro.<\/p>\n","protected":false},"excerpt":{"rendered":"<p>Com foco na sustentabilidade, a Prefeitura do Paudalho, por meio da Secretaria de Desenvolvimento Econ\u00f4mico, Meio Ambiente e Qualifica\u00e7\u00e3o Profissional (SEDEMAQ) junto \u00e0 Cooperativa de Catadores de Materiais Recicl\u00e1veis (COOPCAPA), realizar\u00e1 a coleta de Res\u00edduos S\u00f3lidos Recicl\u00e1veis descartados durante as celebra\u00e7\u00f5es do Anivers\u00e1rio de 211 anos da Cidade, que ser\u00e1 comemorado entre os dias 22 [&hellip;]<\/p>\n","protected":false},"author":2,"featured_media":22992,"comment_status":"open","ping_status":"open","sticky":false,"template":"","format":"standard","meta":{"_jetpack_newsletter_access":"","_jetpack_dont_email_post_to_subs":false,"_jetpack_newsletter_tier_id":0,"_jetpack_memberships_contains_paywalled_content":false,"_jetpack_memberships_contains_paid_content":false,"footnotes":""},"categories":[2,765,1],"tags":[353,730,14,1031,24],"class_list":["post-22991","post","type-post","status-publish","format-standard","has-post-thumbnail","hentry","category-destaque","category-meio-ambiente","category-noticias","tag-aniversario","tag-coopcapa","tag-paudalho","tag-recolhimentos","tag-residuos"],"jetpack_featured_media_url":"https:\/\/www.paudalho.pe.gov.br\/portal\/wp-content\/uploads\/2022\/07\/IMG-20220722-WA0015.jpg","jetpack_sharing_enabled":true,"jetpack_shortlink":"https:\/\/wp.me\/p98mS2-5YP","_links":{"self":[{"href":"https:\/\/www.paudalho.pe.gov.br\/portal\/wp-json\/wp\/v2\/posts\/22991","targetHints":{"allow":["GET"]}}],"collection":[{"href":"https:\/\/www.paudalho.pe.gov.br\/portal\/wp-json\/wp\/v2\/posts"}],"about":[{"href":"https:\/\/www.paudalho.pe.gov.br\/portal\/wp-json\/wp\/v2\/types\/post"}],"author":[{"embeddable":true,"href":"https:\/\/www.paudalho.pe.gov.br\/portal\/wp-json\/wp\/v2\/users\/2"}],"replies":[{"embeddable":true,"href":"https:\/\/www.paudalho.pe.gov.br\/portal\/wp-json\/wp\/v2\/comments?post=22991"}],"version-history":[{"count":1,"href":"https:\/\/www.paudalho.pe.gov.br\/portal\/wp-json\/wp\/v2\/posts\/22991\/revisions"}],"predecessor-version":[{"id":22994,"href":"https:\/\/www.paudalho.pe.gov.br\/portal\/wp-json\/wp\/v2\/posts\/22991\/revisions\/22994"}],"wp:featuredmedia":[{"embeddable":true,"href":"https:\/\/www.paudalho.pe.gov.br\/portal\/wp-json\/wp\/v2\/media\/22992"}],"wp:attachment":[{"href":"https:\/\/www.paudalho.pe.gov.br\/portal\/wp-json\/wp\/v2\/media?parent=22991"}],"wp:term":[{"taxonomy":"category","embeddable":true,"href":"https:\/\/www.paudalho.pe.gov.br\/portal\/wp-json\/wp\/v2\/categories?post=22991"},{"taxonomy":"post_tag","embeddable":true,"href":"https:\/\/www.paudalho.pe.gov.br\/portal\/wp-json\/wp\/v2\/tags?post=22991"}],"curies":[{"name":"wp","href":"https:\/\/api.w.org\/{rel}","templated":true}]}}