{"id":22988,"date":"2022-07-21T08:42:26","date_gmt":"2022-07-21T11:42:26","guid":{"rendered":"https:\/\/www.paudalho.pe.gov.br\/portal\/?p=22988"},"modified":"2022-07-21T08:42:26","modified_gmt":"2022-07-21T11:42:26","slug":"paudalho-promove-dia-d-de-vacinacao-contra-a-covid-19-para-criancas-a-partir-de-04-anos","status":"publish","type":"post","link":"https:\/\/www.paudalho.pe.gov.br\/portal\/paudalho-promove-dia-d-de-vacinacao-contra-a-covid-19-para-criancas-a-partir-de-04-anos\/","title":{"rendered":"Paudalho promove Dia D de Vacina\u00e7\u00e3o Contra a Covid-19 para crian\u00e7as a partir de 04 anos"},"content":{"rendered":"\n<p>A Prefeitura do Paudalho, por meio da Secretaria Municipal de Sa\u00fade, promove nesta quinta-feira (21), o Dia D de Vacina\u00e7\u00e3o Infantil Contra a Covid-19. A a\u00e7\u00e3o, que \u00e9 destinada para quem tem a partir de 04 anos, ocorre em todas as Unidades B\u00e1sicas de Sa\u00fade (UBS&#8217;s), das 8h at\u00e9 \u00e0s 12h.<\/p>\n\n\n\n<p>N\u00e3o \u00e9 necess\u00e1rio agendamento. \u00c9 preciso que os pais ou respons\u00e1veis levem a carteira de vacina e CPF ou registro de nascimento das crian\u00e7as.<\/p>\n","protected":false},"excerpt":{"rendered":"<p>A Prefeitura do Paudalho, por meio da Secretaria Municipal de Sa\u00fade, promove nesta quinta-feira (21), o Dia D de Vacina\u00e7\u00e3o Infantil Contra a Covid-19. A a\u00e7\u00e3o, que \u00e9 destinada para quem tem a partir de 04 anos, ocorre em todas as Unidades B\u00e1sicas de Sa\u00fade (UBS&#8217;s), das 8h at\u00e9 \u00e0s 12h. N\u00e3o \u00e9 necess\u00e1rio agendamento. [&hellip;]<\/p>\n","protected":false},"author":2,"featured_media":22989,"comment_status":"open","ping_status":"open","sticky":false,"template":"","format":"standard","meta":{"_jetpack_newsletter_access":"","_jetpack_dont_email_post_to_subs":false,"_jetpack_newsletter_tier_id":0,"_jetpack_memberships_contains_paywalled_content":false,"_jetpack_memberships_contains_paid_content":false,"footnotes":""},"categories":[732,2,3],"tags":[622,415,916,14,314],"class_list":["post-22988","post","type-post","status-publish","format-standard","has-post-thumbnail","hentry","category-covid-19","category-destaque","category-saude","tag-covid-19","tag-criancas","tag-dia-d","tag-paudalho","tag-vacinacao"],"jetpack_featured_media_url":"https:\/\/www.paudalho.pe.gov.br\/portal\/wp-content\/uploads\/2022\/07\/images-43.jpeg","jetpack_sharing_enabled":true,"jetpack_shortlink":"https:\/\/wp.me\/p98mS2-5YM","_links":{"self":[{"href":"https:\/\/www.paudalho.pe.gov.br\/portal\/wp-json\/wp\/v2\/posts\/22988","targetHints":{"allow":["GET"]}}],"collection":[{"href":"https:\/\/www.paudalho.pe.gov.br\/portal\/wp-json\/wp\/v2\/posts"}],"about":[{"href":"https:\/\/www.paudalho.pe.gov.br\/portal\/wp-json\/wp\/v2\/types\/post"}],"author":[{"embeddable":true,"href":"https:\/\/www.paudalho.pe.gov.br\/portal\/wp-json\/wp\/v2\/users\/2"}],"replies":[{"embeddable":true,"href":"https:\/\/www.paudalho.pe.gov.br\/portal\/wp-json\/wp\/v2\/comments?post=22988"}],"version-history":[{"count":1,"href":"https:\/\/www.paudalho.pe.gov.br\/portal\/wp-json\/wp\/v2\/posts\/22988\/revisions"}],"predecessor-version":[{"id":22990,"href":"https:\/\/www.paudalho.pe.gov.br\/portal\/wp-json\/wp\/v2\/posts\/22988\/revisions\/22990"}],"wp:featuredmedia":[{"embeddable":true,"href":"https:\/\/www.paudalho.pe.gov.br\/portal\/wp-json\/wp\/v2\/media\/22989"}],"wp:attachment":[{"href":"https:\/\/www.paudalho.pe.gov.br\/portal\/wp-json\/wp\/v2\/media?parent=22988"}],"wp:term":[{"taxonomy":"category","embeddable":true,"href":"https:\/\/www.paudalho.pe.gov.br\/portal\/wp-json\/wp\/v2\/categories?post=22988"},{"taxonomy":"post_tag","embeddable":true,"href":"https:\/\/www.paudalho.pe.gov.br\/portal\/wp-json\/wp\/v2\/tags?post=22988"}],"curies":[{"name":"wp","href":"https:\/\/api.w.org\/{rel}","templated":true}]}}