{"id":22980,"date":"2022-07-19T20:34:39","date_gmt":"2022-07-19T23:34:39","guid":{"rendered":"https:\/\/www.paudalho.pe.gov.br\/portal\/?p=22980"},"modified":"2022-07-20T07:36:57","modified_gmt":"2022-07-20T10:36:57","slug":"paudalho-comecara-nesta-quarta-20-a-vacinar-criancas-a-partir-de-04-anos-contra-a-covid-19","status":"publish","type":"post","link":"https:\/\/www.paudalho.pe.gov.br\/portal\/paudalho-comecara-nesta-quarta-20-a-vacinar-criancas-a-partir-de-04-anos-contra-a-covid-19\/","title":{"rendered":"Paudalho come\u00e7ar\u00e1 nesta quarta (20) a vacinar crian\u00e7as a partir de 04 anos contra a Covid-19"},"content":{"rendered":"\n<p>A Prefeitura do Paudalho, por meio da Secretaria Municipal de Sa\u00fade, come\u00e7ar\u00e1 nesta quarta-feira (20) a vacinar crian\u00e7as a partir de 04 anos contra a Covid-19. Para iniciar a imuniza\u00e7\u00e3o desse p\u00fablico, a Prefeitura far\u00e1 uma a\u00e7\u00e3o em Ch\u00e3 do Conselho. O evento ocorrer\u00e1 das 14h \u00e0s 18h, na Escola Jos\u00e9 Bonif\u00e1cio.<\/p>\n\n\n\n<p>No local, haver\u00e1 parque, pipoca e algod\u00e3o doce para as crian\u00e7as. Na ocasi\u00e3o, outros p\u00fablicos-alvo poder\u00e3o ser vacinados com a dose que falta tomar, e n\u00e3o ser\u00e1 necess\u00e1rio agendamento.<\/p>\n\n\n\n<p>&#8220;Estamos realizando essas a\u00e7\u00f5es para imunizar o maior n\u00famero de pessoas poss\u00edveis, entre crian\u00e7a, jovens, adultos e idosos que ainda n\u00e3o foram vacinados ou que faltam tomar alguma dose da vacina contra a Covid-19. \u00c9 importante que todos compare\u00e7am, porque o v\u00edrus da Covid-19 continua matando muita gente&#8221;, disse Thais Cibelle, integrante da Secretaria de Sa\u00fade do Paudalho.<\/p>\n\n\n\n<p>\u00c9 preciso levar o cart\u00e3o de vacina, caderneta de vacina\u00e7\u00e3o, CPF e registro dos filhos.<\/p>\n","protected":false},"excerpt":{"rendered":"<p>A Prefeitura do Paudalho, por meio da Secretaria Municipal de Sa\u00fade, come\u00e7ar\u00e1 nesta quarta-feira (20) a vacinar crian\u00e7as a partir de 04 anos contra a Covid-19. Para iniciar a imuniza\u00e7\u00e3o desse p\u00fablico, a Prefeitura far\u00e1 uma a\u00e7\u00e3o em Ch\u00e3 do Conselho. O evento ocorrer\u00e1 das 14h \u00e0s 18h, na Escola Jos\u00e9 Bonif\u00e1cio. No local, haver\u00e1 [&hellip;]<\/p>\n","protected":false},"author":2,"featured_media":14466,"comment_status":"open","ping_status":"open","sticky":false,"template":"","format":"standard","meta":{"_jetpack_newsletter_access":"","_jetpack_dont_email_post_to_subs":false,"_jetpack_newsletter_tier_id":0,"_jetpack_memberships_contains_paywalled_content":false,"_jetpack_memberships_contains_paid_content":false,"footnotes":""},"categories":[732,2,3],"tags":[1030,415,14,897],"class_list":["post-22980","post","type-post","status-publish","format-standard","has-post-thumbnail","hentry","category-covid-19","category-destaque","category-saude","tag-04-anos","tag-criancas","tag-paudalho","tag-vacina"],"jetpack_featured_media_url":"https:\/\/www.paudalho.pe.gov.br\/portal\/wp-content\/uploads\/2021\/04\/H5A0144-scaled.jpg","jetpack_sharing_enabled":true,"jetpack_shortlink":"https:\/\/wp.me\/p98mS2-5YE","_links":{"self":[{"href":"https:\/\/www.paudalho.pe.gov.br\/portal\/wp-json\/wp\/v2\/posts\/22980","targetHints":{"allow":["GET"]}}],"collection":[{"href":"https:\/\/www.paudalho.pe.gov.br\/portal\/wp-json\/wp\/v2\/posts"}],"about":[{"href":"https:\/\/www.paudalho.pe.gov.br\/portal\/wp-json\/wp\/v2\/types\/post"}],"author":[{"embeddable":true,"href":"https:\/\/www.paudalho.pe.gov.br\/portal\/wp-json\/wp\/v2\/users\/2"}],"replies":[{"embeddable":true,"href":"https:\/\/www.paudalho.pe.gov.br\/portal\/wp-json\/wp\/v2\/comments?post=22980"}],"version-history":[{"count":2,"href":"https:\/\/www.paudalho.pe.gov.br\/portal\/wp-json\/wp\/v2\/posts\/22980\/revisions"}],"predecessor-version":[{"id":22982,"href":"https:\/\/www.paudalho.pe.gov.br\/portal\/wp-json\/wp\/v2\/posts\/22980\/revisions\/22982"}],"wp:featuredmedia":[{"embeddable":true,"href":"https:\/\/www.paudalho.pe.gov.br\/portal\/wp-json\/wp\/v2\/media\/14466"}],"wp:attachment":[{"href":"https:\/\/www.paudalho.pe.gov.br\/portal\/wp-json\/wp\/v2\/media?parent=22980"}],"wp:term":[{"taxonomy":"category","embeddable":true,"href":"https:\/\/www.paudalho.pe.gov.br\/portal\/wp-json\/wp\/v2\/categories?post=22980"},{"taxonomy":"post_tag","embeddable":true,"href":"https:\/\/www.paudalho.pe.gov.br\/portal\/wp-json\/wp\/v2\/tags?post=22980"}],"curies":[{"name":"wp","href":"https:\/\/api.w.org\/{rel}","templated":true}]}}