{"id":2294,"date":"2018-01-05T14:43:00","date_gmt":"2018-01-05T17:43:00","guid":{"rendered":"http:\/\/www.paudalho.pe.gov.br\/portal\/?p=2294"},"modified":"2018-01-10T13:32:50","modified_gmt":"2018-01-10T16:32:50","slug":"estao-olhando-para-os-pequeninos-diz-agricultora-depois-de-assinatura-de-convenio-no-assentamento-chico-mendes-iii","status":"publish","type":"post","link":"https:\/\/www.paudalho.pe.gov.br\/portal\/estao-olhando-para-os-pequeninos-diz-agricultora-depois-de-assinatura-de-convenio-no-assentamento-chico-mendes-iii\/","title":{"rendered":"\u201cEst\u00e3o olhando para os pequeninos\u201d diz agricultora depois de assinatura de conv\u00eanio no Assentamento Chico Mendes III"},"content":{"rendered":"<p>Um lugar simples de ch\u00e3o de terra batida que guarda em sua estrutura pessoas de valor. Gente que luta diariamente pela sobreviv\u00eancia e com dignidade p\u00f5em o p\u00e3o na mesa. Assim s\u00e3o os moradores do Assentamento Chico Mendes III, em Paudalho.<\/p>\n<p>A Prefeitura da cidade tem o compromisso de promover a\u00e7\u00f5es que ajudem e dignifiquem os mun\u00edcipes n\u00e3o importando onde eles estejam, se na Zona Rural ou no centro da cidade. E como exemplo disso, nesta quinta-feira (4), o prefeito Marcelo Gouveia com uma comitiva de secret\u00e1rios e autoridades foi at\u00e9 o assentamento para a assinatura de um conv\u00eanio entre a gest\u00e3o e a comunidade. O pacto vai concluir o pr\u00e9dio da sede da Associa\u00e7\u00e3o e ainda oferecer\u00e1 aos agricultores o ensino da Educa\u00e7\u00e3o de Jovens e Adultos (EJA).<\/p>\n<div id=\"attachment_2298\" style=\"width: 711px\" class=\"wp-caption alignnone\"><img loading=\"lazy\" decoding=\"async\" aria-describedby=\"caption-attachment-2298\" data-attachment-id=\"2298\" data-permalink=\"https:\/\/www.paudalho.pe.gov.br\/portal\/estao-olhando-para-os-pequeninos-diz-agricultora-depois-de-assinatura-de-convenio-no-assentamento-chico-mendes-iii\/23b4ca89-7b04-4fe5-89af-cde014cc0577\/\" data-orig-file=\"https:\/\/www.paudalho.pe.gov.br\/portal\/wp-content\/uploads\/2018\/01\/23b4ca89-7b04-4fe5-89af-cde014cc0577.jpg\" data-orig-size=\"1280,853\" data-comments-opened=\"1\" data-image-meta=\"{&quot;aperture&quot;:&quot;0&quot;,&quot;credit&quot;:&quot;&quot;,&quot;camera&quot;:&quot;&quot;,&quot;caption&quot;:&quot;&quot;,&quot;created_timestamp&quot;:&quot;0&quot;,&quot;copyright&quot;:&quot;&quot;,&quot;focal_length&quot;:&quot;0&quot;,&quot;iso&quot;:&quot;0&quot;,&quot;shutter_speed&quot;:&quot;0&quot;,&quot;title&quot;:&quot;&quot;,&quot;orientation&quot;:&quot;0&quot;}\" data-image-title=\"23b4ca89-7b04-4fe5-89af-cde014cc0577\" data-image-description=\"\" data-image-caption=\"&lt;p&gt;Foto: Isak de Castro\/PMP&lt;\/p&gt;\n\" data-medium-file=\"https:\/\/www.paudalho.pe.gov.br\/portal\/wp-content\/uploads\/2018\/01\/23b4ca89-7b04-4fe5-89af-cde014cc0577-350x230.jpg\" data-large-file=\"https:\/\/www.paudalho.pe.gov.br\/portal\/wp-content\/uploads\/2018\/01\/23b4ca89-7b04-4fe5-89af-cde014cc0577-800x450.jpg\" class=\" wp-image-2298\" src=\"http:\/\/www.paudalho.pe.gov.br\/portal\/wp-content\/uploads\/2018\/01\/23b4ca89-7b04-4fe5-89af-cde014cc0577-350x230.jpg\" alt=\"\" width=\"701\" height=\"461\" \/><p id=\"caption-attachment-2298\" class=\"wp-caption-text\">Foto: Isak de Castro\/PMP<\/p><\/div>\n<div id=\"attachment_2300\" style=\"width: 710px\" class=\"wp-caption alignnone\"><img loading=\"lazy\" decoding=\"async\" aria-describedby=\"caption-attachment-2300\" data-attachment-id=\"2300\" data-permalink=\"https:\/\/www.paudalho.pe.gov.br\/portal\/estao-olhando-para-os-pequeninos-diz-agricultora-depois-de-assinatura-de-convenio-no-assentamento-chico-mendes-iii\/c2718bf2-bd11-4c7c-ba01-cf3a02d5e5a0\/\" data-orig-file=\"https:\/\/www.paudalho.pe.gov.br\/portal\/wp-content\/uploads\/2018\/01\/c2718bf2-bd11-4c7c-ba01-cf3a02d5e5a0.jpg\" data-orig-size=\"1280,853\" data-comments-opened=\"1\" data-image-meta=\"{&quot;aperture&quot;:&quot;0&quot;,&quot;credit&quot;:&quot;&quot;,&quot;camera&quot;:&quot;&quot;,&quot;caption&quot;:&quot;&quot;,&quot;created_timestamp&quot;:&quot;0&quot;,&quot;copyright&quot;:&quot;&quot;,&quot;focal_length&quot;:&quot;0&quot;,&quot;iso&quot;:&quot;0&quot;,&quot;shutter_speed&quot;:&quot;0&quot;,&quot;title&quot;:&quot;&quot;,&quot;orientation&quot;:&quot;0&quot;}\" data-image-title=\"c2718bf2-bd11-4c7c-ba01-cf3a02d5e5a0\" data-image-description=\"\" data-image-caption=\"&lt;p&gt;Foto: Isak de Castro\/PMP&lt;\/p&gt;\n\" data-medium-file=\"https:\/\/www.paudalho.pe.gov.br\/portal\/wp-content\/uploads\/2018\/01\/c2718bf2-bd11-4c7c-ba01-cf3a02d5e5a0-350x230.jpg\" data-large-file=\"https:\/\/www.paudalho.pe.gov.br\/portal\/wp-content\/uploads\/2018\/01\/c2718bf2-bd11-4c7c-ba01-cf3a02d5e5a0-800x450.jpg\" class=\" wp-image-2300\" src=\"http:\/\/www.paudalho.pe.gov.br\/portal\/wp-content\/uploads\/2018\/01\/c2718bf2-bd11-4c7c-ba01-cf3a02d5e5a0-350x230.jpg\" alt=\"\" width=\"700\" height=\"460\" \/><p id=\"caption-attachment-2300\" class=\"wp-caption-text\">Foto: Isak de Castro\/PMP<\/p><\/div>\n<h2><strong>N\u00e3o \u00e9 sonho, \u00e9 realidade<\/strong><\/h2>\n<p>A agricultora Maria do Boc\u00e3o \u00e9 presidente da associa\u00e7\u00e3o do Assentamento Chico Mendes III. L\u00edder e mulher forte, Maria \u00e9 um dos exemplos das paudalhenses que lutam pela sobreviv\u00eancia. Carrega nos olhos e nas m\u00e3os as marcas do trabalho que tem orgulho. Emocionada, a agricultora agradeceu a gest\u00e3o pela a a\u00e7\u00e3o no local e ainda felicitou o governo por outro servi\u00e7o implantado no assentamento. \u201cEstou muito feliz em receber toda a equipe da Prefeitura. E quero agradecer tamb\u00e9m pela ilumina\u00e7\u00e3o que o secret\u00e1rio de Obras mandou colocar. Tudo o que se vem fazendo aqui, por tudo o que a gest\u00e3o est\u00e1 fazendo por n\u00f3s e por todos os paudalhenses. Quero dizer, prefeito, que fiquei muito feliz quando me disseram que no hospital est\u00e1 fazendo o exame que entra no \u201ctubo\u201d (tomografia). Eu disse: \u201c\u00e9 mentira\u201d. Porque aquele exame \u00e9 muito caro e ningu\u00e9m vai trazer para aqui n\u00e3o. Ai eu fui l\u00e1 no hospital e perguntei: \u201cmo\u00e7a \u00e9 verdade que aqui est\u00e3o fazendo o exame que entra no \u201ctubo?\u201d. Ela disse: \u201c\u00c9!\u201d. A\u00ed eu comemorei e disse: \u201cViva o Prefeito\u201d. Est\u00e3o olhando para os pequeninos de Paudalho\u201d, finalizou.<\/p>\n<div id=\"attachment_2302\" style=\"width: 711px\" class=\"wp-caption alignnone\"><img loading=\"lazy\" decoding=\"async\" aria-describedby=\"caption-attachment-2302\" data-attachment-id=\"2302\" data-permalink=\"https:\/\/www.paudalho.pe.gov.br\/portal\/estao-olhando-para-os-pequeninos-diz-agricultora-depois-de-assinatura-de-convenio-no-assentamento-chico-mendes-iii\/44c642c4-235b-4712-a3b1-ce6bafc46bb0\/\" data-orig-file=\"https:\/\/www.paudalho.pe.gov.br\/portal\/wp-content\/uploads\/2018\/01\/44c642c4-235b-4712-a3b1-ce6bafc46bb0.jpg\" data-orig-size=\"1280,853\" data-comments-opened=\"1\" data-image-meta=\"{&quot;aperture&quot;:&quot;0&quot;,&quot;credit&quot;:&quot;&quot;,&quot;camera&quot;:&quot;&quot;,&quot;caption&quot;:&quot;&quot;,&quot;created_timestamp&quot;:&quot;0&quot;,&quot;copyright&quot;:&quot;&quot;,&quot;focal_length&quot;:&quot;0&quot;,&quot;iso&quot;:&quot;0&quot;,&quot;shutter_speed&quot;:&quot;0&quot;,&quot;title&quot;:&quot;&quot;,&quot;orientation&quot;:&quot;0&quot;}\" data-image-title=\"44c642c4-235b-4712-a3b1-ce6bafc46bb0\" data-image-description=\"\" data-image-caption=\"&lt;p&gt;Foto: Isak de Castro\/PMP&lt;\/p&gt;\n\" data-medium-file=\"https:\/\/www.paudalho.pe.gov.br\/portal\/wp-content\/uploads\/2018\/01\/44c642c4-235b-4712-a3b1-ce6bafc46bb0-350x230.jpg\" data-large-file=\"https:\/\/www.paudalho.pe.gov.br\/portal\/wp-content\/uploads\/2018\/01\/44c642c4-235b-4712-a3b1-ce6bafc46bb0-800x450.jpg\" class=\" wp-image-2302\" src=\"http:\/\/www.paudalho.pe.gov.br\/portal\/wp-content\/uploads\/2018\/01\/44c642c4-235b-4712-a3b1-ce6bafc46bb0-350x230.jpg\" alt=\"\" width=\"701\" height=\"461\" \/><p id=\"caption-attachment-2302\" class=\"wp-caption-text\">Foto: Isak de Castro\/PMP<\/p><\/div>\n<h2><strong>Nova sede e mais nenhum analfabeto<\/strong><\/h2>\n<p>A atual sede da Associa\u00e7\u00e3o \u00e9 um local pequeno e de taipa. Uma estrutura foi levantada pelos moradores e com a assinatura do convenio ela ser\u00e1 reconstru\u00edda e abrigar\u00e1 as aulas para a comunidade. Visivelmente feliz com o momento, o Prefeito Marcelo Gouveia lembrou que recebeu uma comiss\u00e3o do local que pediu algumas medidas na localidade. O prefeito falou da alegria de conseguir levar educa\u00e7\u00e3o para o assentamento. \u201cSe Deus quiser a partir desse ano a gente vai estar com essa obra conclu\u00edda e com jovens adultos estudando aqui na associa\u00e7\u00e3o. Eu disse a dona Maria que mesmo que tivesse 20 pessoas eu colocaria um professor e n\u00e3o vai ter mais ningu\u00e9m analfabeto\u201d, comentou.<\/p>\n<div id=\"attachment_2305\" style=\"width: 710px\" class=\"wp-caption alignnone\"><img loading=\"lazy\" decoding=\"async\" aria-describedby=\"caption-attachment-2305\" data-attachment-id=\"2305\" data-permalink=\"https:\/\/www.paudalho.pe.gov.br\/portal\/estao-olhando-para-os-pequeninos-diz-agricultora-depois-de-assinatura-de-convenio-no-assentamento-chico-mendes-iii\/33500acc-8699-45a9-a2f1-2b2feeb1c883\/\" data-orig-file=\"https:\/\/www.paudalho.pe.gov.br\/portal\/wp-content\/uploads\/2018\/01\/33500acc-8699-45a9-a2f1-2b2feeb1c883.jpg\" data-orig-size=\"1280,853\" data-comments-opened=\"1\" data-image-meta=\"{&quot;aperture&quot;:&quot;0&quot;,&quot;credit&quot;:&quot;&quot;,&quot;camera&quot;:&quot;&quot;,&quot;caption&quot;:&quot;&quot;,&quot;created_timestamp&quot;:&quot;0&quot;,&quot;copyright&quot;:&quot;&quot;,&quot;focal_length&quot;:&quot;0&quot;,&quot;iso&quot;:&quot;0&quot;,&quot;shutter_speed&quot;:&quot;0&quot;,&quot;title&quot;:&quot;&quot;,&quot;orientation&quot;:&quot;0&quot;}\" data-image-title=\"33500acc-8699-45a9-a2f1-2b2feeb1c883\" data-image-description=\"\" data-image-caption=\"&lt;p&gt;Foto: Isak de Castro\/PMP&lt;\/p&gt;\n\" data-medium-file=\"https:\/\/www.paudalho.pe.gov.br\/portal\/wp-content\/uploads\/2018\/01\/33500acc-8699-45a9-a2f1-2b2feeb1c883-350x230.jpg\" data-large-file=\"https:\/\/www.paudalho.pe.gov.br\/portal\/wp-content\/uploads\/2018\/01\/33500acc-8699-45a9-a2f1-2b2feeb1c883-800x450.jpg\" class=\" wp-image-2305\" src=\"http:\/\/www.paudalho.pe.gov.br\/portal\/wp-content\/uploads\/2018\/01\/33500acc-8699-45a9-a2f1-2b2feeb1c883-350x230.jpg\" alt=\"\" width=\"700\" height=\"460\" \/><p id=\"caption-attachment-2305\" class=\"wp-caption-text\">Foto: Isak de Castro\/PMP<\/p><\/div>\n<p>Sincero, o prefeito ainda destacou que \u00e9 necess\u00e1rio a empatia na hora de governar. \u201cN\u00e3o adianta eu mentir para voc\u00eas e dizer que eu nasci no meio dos agricultores rurais. Mas, n\u00e3o \u00e9 porque eu n\u00e3o nasci no meio dos trabalhadores rurais que eu n\u00e3o sou sens\u00edvel as causas dos trabalhadores dessa categoria. H\u00e1 muitos anos que eu \u201cnamoro\u201d o sindicato, porque eu admirava o trabalho de Luiz Carlos, de seu Daniel, de Ce\u00e7a&#8230; \u00c9 um trabalho muito importante. Estou muito feliz com essa proximidade e s\u00f3 quem tem a ganhar \u00e9 o homem do campo. Quero dizer que as portas da Prefeitura est\u00e3o abertas para o trabalhador rural\u201d, comemorou o momento.<\/p>\n<h2><strong>Hist\u00f3ria de Lutas e Conquistas<\/strong><\/h2>\n<p>O secret\u00e1rio Executivo de Desenvolvimento Econ\u00f4mico, Agricultura e Meio Ambiente, Josimario M\u00e1rques, parabenizou os moradores pelo processo hist\u00f3rico de luta no local. \u201cIsso tudo foi fruto de muita luta, muita retirada, vai e volta e resist\u00eancia. Isso \u00e9 maravilhoso. Hoje aqui \u00e9 uma \u00e1rea produtiva. Vale a pena a gente lutar, vale a pena a gente construir algo de forma coletiva. Se o campo n\u00e3o planta, a cidade n\u00e3o janta\u201d, disse.<\/p>\n<p>Para o presidente do Sindicato dos Trabalhadores Rurais, Luiz Carlos, o grande prop\u00f3sito da a\u00e7\u00e3o \u00e9 proporcionar o bem-estar da popula\u00e7\u00e3o e comentou que ficou impressionado com a agilidade da gest\u00e3o. \u201cEssas a\u00e7\u00f5es v\u00e3o melhorar as condi\u00e7\u00f5es de vida aqui do Chico Mendes, esse \u00e9 o grande prop\u00f3sito. O que me impressiona ainda mais nessa atitude de Marcelo e toda sua equipe \u00e9 o compromisso e, sobretudo, a rapidez que est\u00e3o sendo introduzidas as a\u00e7\u00f5es. Converso com o secret\u00e1rio Gustavo em um dia e \u00e0 noite a resposta j\u00e1 chega, isso \u00e9 muito bom\u201d, detalhou.<\/p>\n<p>Cerca de 30 pessoas entre jovens e adultos v\u00e3o receber o ensino pelo EJA. O secret\u00e1rio de Educa\u00e7\u00e3o, Ednaldo Ernesto, tamb\u00e9m emocionado falou sobre o conv\u00eanio que vai mudar a vida dos moradores analfabetos do local. Em seu relato ele comentou sua identifica\u00e7\u00e3o com os trabalhadores rurais. <strong>Ou\u00e7a:<\/strong><\/p>\n<!--[if lt IE 9]><script>document.createElement('audio');<\/script><![endif]-->\n<audio class=\"wp-audio-shortcode\" id=\"audio-2294-1\" preload=\"none\" style=\"width: 100%;\" controls=\"controls\"><source type=\"audio\/wav\" src=\"http:\/\/www.paudalho.pe.gov.br\/portal\/wp-content\/uploads\/2018\/01\/ednaldo-sem-terra.wav?_=1\" \/><a href=\"http:\/\/www.paudalho.pe.gov.br\/portal\/wp-content\/uploads\/2018\/01\/ednaldo-sem-terra.wav\">http:\/\/www.paudalho.pe.gov.br\/portal\/wp-content\/uploads\/2018\/01\/ednaldo-sem-terra.wav<\/a><\/audio>\n<h2><strong>Quem foi Chico Mendes ?<\/strong><\/h2>\n<p>Nascido em Xarupi, no estado do Acre, em 15 de dezembro de 1944, o seringueiro Chico Mendes foi uma das figuras mais importantes no ativismo pol\u00edtico e ambientalista no Brasil. Lutou pelos seringueiros da Bacia Amaz\u00f4nica, que dependiam da preserva\u00e7\u00e3o da floresta e das seringueiras nativas para sobreviver. Chico Mendes aprendeu a ler aos 16 anos e depois disso come\u00e7ou a perceber as injusti\u00e7as sociais vividas pelos seus semelhantes.<\/p>\n<p>Em 1975 fez parte da diretoria do Sindicato de Trabalhadores Rurais de Brasil\u00e9ia, o primeiro criado no Acre, presidido pelo combativo l\u00edder Wilson Pinheiro. Foram in\u00fameros os seus feitos e, por isso, entre 1987 e 1988 Chico Mendes ganhou o Global 500, pr\u00eamio da ONU, na Inglaterra, e a Medalha de Meio Ambiente da Better World Society, nos Estados Unidos e deu entrevistas aos principais jornais do mundo. Jornalistas e pesquisadores o visitaram nos seringais e difundiram suas ideias pelo planeta. Mas, por ter se tornado uma grande figura no combate ao desmatamento, alguns fazendeiros come\u00e7aram a persegui-lo. Em 22 de dezembro de 1988, em uma emboscada nos fundos de sua casa, ele foi assassinado a mando de Darly Alves, grileiro de terras com hist\u00f3ria de viol\u00eancia em v\u00e1rios lugares do Brasil.<\/p>\n<div id=\"attachment_2304\" style=\"width: 710px\" class=\"wp-caption alignnone\"><img loading=\"lazy\" decoding=\"async\" aria-describedby=\"caption-attachment-2304\" data-attachment-id=\"2304\" data-permalink=\"https:\/\/www.paudalho.pe.gov.br\/portal\/estao-olhando-para-os-pequeninos-diz-agricultora-depois-de-assinatura-de-convenio-no-assentamento-chico-mendes-iii\/chico__ilsamar_mendes_1988\/\" data-orig-file=\"https:\/\/www.paudalho.pe.gov.br\/portal\/wp-content\/uploads\/2018\/01\/Chico__Ilsamar_Mendes_1988.png\" data-orig-size=\"1200,826\" data-comments-opened=\"1\" data-image-meta=\"{&quot;aperture&quot;:&quot;0&quot;,&quot;credit&quot;:&quot;&quot;,&quot;camera&quot;:&quot;&quot;,&quot;caption&quot;:&quot;&quot;,&quot;created_timestamp&quot;:&quot;0&quot;,&quot;copyright&quot;:&quot;&quot;,&quot;focal_length&quot;:&quot;0&quot;,&quot;iso&quot;:&quot;0&quot;,&quot;shutter_speed&quot;:&quot;0&quot;,&quot;title&quot;:&quot;&quot;,&quot;orientation&quot;:&quot;0&quot;}\" data-image-title=\"Chico_&amp;amp;_Ilsamar_Mendes_1988\" data-image-description=\"\" data-image-caption=\"&lt;p&gt;Chico Mendes com a esposa Ilzamar.&lt;br \/&gt;\nFoto: Reprodu\u00e7\u00e3o Internet&lt;\/p&gt;\n\" data-medium-file=\"https:\/\/www.paudalho.pe.gov.br\/portal\/wp-content\/uploads\/2018\/01\/Chico__Ilsamar_Mendes_1988-350x230.png\" data-large-file=\"https:\/\/www.paudalho.pe.gov.br\/portal\/wp-content\/uploads\/2018\/01\/Chico__Ilsamar_Mendes_1988-800x450.png\" class=\" wp-image-2304\" src=\"http:\/\/www.paudalho.pe.gov.br\/portal\/wp-content\/uploads\/2018\/01\/Chico__Ilsamar_Mendes_1988-350x230.png\" alt=\"\" width=\"700\" height=\"460\" \/><p id=\"caption-attachment-2304\" class=\"wp-caption-text\">Chico Mendes com a esposa Ilzamar.<br \/>Foto: Reprodu\u00e7\u00e3o Internet<\/p><\/div>\n<h2><strong>O que \u00e9 um assentamento ?<\/strong><\/h2>\n<p>Pode ser enxergado como a cria\u00e7\u00e3o de novas unidades de produ\u00e7\u00e3o agr\u00edcola por interm\u00e9dio de pol\u00edticas governamentais, objetivando o reordenamento do uso da terra ou a busca de novos padr\u00f5es sociais na organiza\u00e7\u00e3o do processo de produ\u00e7\u00e3o agr\u00edcola.<\/p>\n<p>&nbsp;<\/p>\n<p>Com informa\u00e7\u00f5es do site Memorial Chico Mendes.<\/p>\n","protected":false},"excerpt":{"rendered":"<p>Um lugar simples de ch\u00e3o de terra batida que guarda em sua estrutura pessoas de valor. Gente que luta diariamente pela sobreviv\u00eancia e com dignidade p\u00f5em o p\u00e3o na mesa. Assim s\u00e3o os moradores do Assentamento Chico Mendes III, em Paudalho. A Prefeitura da cidade tem o compromisso de promover a\u00e7\u00f5es que ajudem e dignifiquem [&hellip;]<\/p>\n","protected":false},"author":4,"featured_media":2296,"comment_status":"open","ping_status":"open","sticky":false,"template":"","format":"standard","meta":{"_jetpack_newsletter_access":"","_jetpack_dont_email_post_to_subs":false,"_jetpack_newsletter_tier_id":0,"_jetpack_memberships_contains_paywalled_content":false,"_jetpack_memberships_contains_paid_content":false,"footnotes":""},"categories":[2,1],"tags":[85,241,236,22],"class_list":["post-2294","post","type-post","status-publish","format-standard","has-post-thumbnail","hentry","category-destaque","category-noticias","tag-agricultura","tag-assentamento-chico-mendes-tres","tag-convenio","tag-prefeitura-do-paudalho"],"jetpack_featured_media_url":"https:\/\/www.paudalho.pe.gov.br\/portal\/wp-content\/uploads\/2018\/01\/56f7c424-971a-4f9c-872a-7da80c521cf1.jpg","jetpack_sharing_enabled":true,"jetpack_shortlink":"https:\/\/wp.me\/p98mS2-B0","_links":{"self":[{"href":"https:\/\/www.paudalho.pe.gov.br\/portal\/wp-json\/wp\/v2\/posts\/2294","targetHints":{"allow":["GET"]}}],"collection":[{"href":"https:\/\/www.paudalho.pe.gov.br\/portal\/wp-json\/wp\/v2\/posts"}],"about":[{"href":"https:\/\/www.paudalho.pe.gov.br\/portal\/wp-json\/wp\/v2\/types\/post"}],"author":[{"embeddable":true,"href":"https:\/\/www.paudalho.pe.gov.br\/portal\/wp-json\/wp\/v2\/users\/4"}],"replies":[{"embeddable":true,"href":"https:\/\/www.paudalho.pe.gov.br\/portal\/wp-json\/wp\/v2\/comments?post=2294"}],"version-history":[{"count":7,"href":"https:\/\/www.paudalho.pe.gov.br\/portal\/wp-json\/wp\/v2\/posts\/2294\/revisions"}],"predecessor-version":[{"id":2337,"href":"https:\/\/www.paudalho.pe.gov.br\/portal\/wp-json\/wp\/v2\/posts\/2294\/revisions\/2337"}],"wp:featuredmedia":[{"embeddable":true,"href":"https:\/\/www.paudalho.pe.gov.br\/portal\/wp-json\/wp\/v2\/media\/2296"}],"wp:attachment":[{"href":"https:\/\/www.paudalho.pe.gov.br\/portal\/wp-json\/wp\/v2\/media?parent=2294"}],"wp:term":[{"taxonomy":"category","embeddable":true,"href":"https:\/\/www.paudalho.pe.gov.br\/portal\/wp-json\/wp\/v2\/categories?post=2294"},{"taxonomy":"post_tag","embeddable":true,"href":"https:\/\/www.paudalho.pe.gov.br\/portal\/wp-json\/wp\/v2\/tags?post=2294"}],"curies":[{"name":"wp","href":"https:\/\/api.w.org\/{rel}","templated":true}]}}