{"id":22938,"date":"2022-07-19T07:40:43","date_gmt":"2022-07-19T10:40:43","guid":{"rendered":"https:\/\/www.paudalho.pe.gov.br\/portal\/?p=22938"},"modified":"2022-07-19T07:40:43","modified_gmt":"2022-07-19T10:40:43","slug":"prefeitura-convoca-colaboradores-comerciais-e-ambulantes-para-reuniao-sobre-o-aniversario-de-211-anos-da-cidade","status":"publish","type":"post","link":"https:\/\/www.paudalho.pe.gov.br\/portal\/prefeitura-convoca-colaboradores-comerciais-e-ambulantes-para-reuniao-sobre-o-aniversario-de-211-anos-da-cidade\/","title":{"rendered":"Prefeitura convoca colaboradores comerciais e ambulantes para reuni\u00e3o sobre o anivers\u00e1rio de 211 anos da cidade"},"content":{"rendered":"\n<p>A Prefeitura Municipal do Paudalho, por meio da Secretaria de Desenvolvimento Urbano e Meio Ambiente, junto \u00e0 Secretaria de Cultura, Turismo, Lazer e Juventude, convoca colaboradores comerciais e ambulantes para participarem, na pr\u00f3xima quarta-feira (20), de uma reuni\u00e3o sobre as festividades de anivers\u00e1rio de 211 anos da cidade.<\/p>\n\n\n\n<p>A reuni\u00e3o ser\u00e1 realizada em tr\u00eas etapas, s\u00e3o elas: o encontro com comerciantes da categoria ambulantes\/ carro de m\u00e3o ser\u00e1 das 9h \u00e0s 10h. Comerciantes de tendas e barracas, a reuni\u00e3o ser\u00e1 das 10h \u00e0s 11h. Troca de garrafa, das 11h \u00e0s 12h.<\/p>\n\n\n\n<p>O encontro ser\u00e1 na sala de reuni\u00f5es do P\u00e1tio da Feira Prefeito Ulisses Roque, no centro da cidade do Paudalho.<\/p>\n","protected":false},"excerpt":{"rendered":"<p>A Prefeitura Municipal do Paudalho, por meio da Secretaria de Desenvolvimento Urbano e Meio Ambiente, junto \u00e0 Secretaria de Cultura, Turismo, Lazer e Juventude, convoca colaboradores comerciais e ambulantes para participarem, na pr\u00f3xima quarta-feira (20), de uma reuni\u00e3o sobre as festividades de anivers\u00e1rio de 211 anos da cidade. A reuni\u00e3o ser\u00e1 realizada em tr\u00eas etapas, [&hellip;]<\/p>\n","protected":false},"author":2,"featured_media":22939,"comment_status":"open","ping_status":"open","sticky":false,"template":"","format":"standard","meta":{"_jetpack_newsletter_access":"","_jetpack_dont_email_post_to_subs":false,"_jetpack_newsletter_tier_id":0,"_jetpack_memberships_contains_paywalled_content":false,"_jetpack_memberships_contains_paid_content":false,"footnotes":""},"categories":[6,2,1],"tags":[1028,251,353,976,1029,15],"class_list":["post-22938","post","type-post","status-publish","format-standard","has-post-thumbnail","hentry","category-cultura","category-destaque","category-noticias","tag-211-anos","tag-ambulantes","tag-aniversario","tag-comerciantes","tag-convoca","tag-prefeitura"],"jetpack_featured_media_url":"https:\/\/www.paudalho.pe.gov.br\/portal\/wp-content\/uploads\/2022\/07\/IMG-20220718-WA0048.jpg","jetpack_sharing_enabled":true,"jetpack_shortlink":"https:\/\/wp.me\/p98mS2-5XY","_links":{"self":[{"href":"https:\/\/www.paudalho.pe.gov.br\/portal\/wp-json\/wp\/v2\/posts\/22938","targetHints":{"allow":["GET"]}}],"collection":[{"href":"https:\/\/www.paudalho.pe.gov.br\/portal\/wp-json\/wp\/v2\/posts"}],"about":[{"href":"https:\/\/www.paudalho.pe.gov.br\/portal\/wp-json\/wp\/v2\/types\/post"}],"author":[{"embeddable":true,"href":"https:\/\/www.paudalho.pe.gov.br\/portal\/wp-json\/wp\/v2\/users\/2"}],"replies":[{"embeddable":true,"href":"https:\/\/www.paudalho.pe.gov.br\/portal\/wp-json\/wp\/v2\/comments?post=22938"}],"version-history":[{"count":1,"href":"https:\/\/www.paudalho.pe.gov.br\/portal\/wp-json\/wp\/v2\/posts\/22938\/revisions"}],"predecessor-version":[{"id":22940,"href":"https:\/\/www.paudalho.pe.gov.br\/portal\/wp-json\/wp\/v2\/posts\/22938\/revisions\/22940"}],"wp:featuredmedia":[{"embeddable":true,"href":"https:\/\/www.paudalho.pe.gov.br\/portal\/wp-json\/wp\/v2\/media\/22939"}],"wp:attachment":[{"href":"https:\/\/www.paudalho.pe.gov.br\/portal\/wp-json\/wp\/v2\/media?parent=22938"}],"wp:term":[{"taxonomy":"category","embeddable":true,"href":"https:\/\/www.paudalho.pe.gov.br\/portal\/wp-json\/wp\/v2\/categories?post=22938"},{"taxonomy":"post_tag","embeddable":true,"href":"https:\/\/www.paudalho.pe.gov.br\/portal\/wp-json\/wp\/v2\/tags?post=22938"}],"curies":[{"name":"wp","href":"https:\/\/api.w.org\/{rel}","templated":true}]}}