{"id":22931,"date":"2022-07-15T21:00:30","date_gmt":"2022-07-16T00:00:30","guid":{"rendered":"https:\/\/www.paudalho.pe.gov.br\/portal\/?p=22931"},"modified":"2022-07-22T23:35:38","modified_gmt":"2022-07-23T02:35:38","slug":"aniversario-de-211-anos-de-paudalho-sera-celebrado-com-uma-programacao-toda-especial","status":"publish","type":"post","link":"https:\/\/www.paudalho.pe.gov.br\/portal\/aniversario-de-211-anos-de-paudalho-sera-celebrado-com-uma-programacao-toda-especial\/","title":{"rendered":"Anivers\u00e1rio de 211 anos de Paudalho ser\u00e1 celebrado com uma programa\u00e7\u00e3o toda especial"},"content":{"rendered":"\n<p><\/p>\n\n\n\n<p>Em celebra\u00e7\u00e3o aos 211 anos de Paudalho, a Prefeitura, por meio da Secretaria de Cultura, Turismo, Lazer e Juventude, vai promover uma programa\u00e7\u00e3o toda especial, que ser\u00e1 realizada entre os dias 22 e 27 de julho.<\/p>\n\n\n\n<p>Neste ano, a comemora\u00e7\u00e3o de anivers\u00e1rio do munic\u00edpio tamb\u00e9m far\u00e1 refer\u00eancia \u00e0s festividades juninas, destacando a import\u00e2ncia do ciclo junino, que nos \u00faltimos anos n\u00e3o foi celebrado devido \u00e0 Pandemia de Covid-19 e \u00e0s fortes chuvas que atingiram diversas cidades pernambucanas, inclusive Paudalho, no \u00faltimo m\u00eas.<\/p>\n\n\n\n<p>&#8220;Vamos unir o \u00fatil ao agrad\u00e1vel. Comemorar o anivers\u00e1rio da nossa cidade e tamb\u00e9m o S\u00e3o Jo\u00e3o, que tanto valorizamos e que nos \u00faltimos anos n\u00e3o foi realizado devido ao per\u00edodo pand\u00eamico e recentemente em decorr\u00eancia \u00e0s chuvas que afetaram o nosso munic\u00edpio&#8221;, disse Carolina Ferraz, Secret\u00e1ria de Cultura, Turismo, Lazer e Juventude de Paudalho.<\/p>\n\n\n\n<p>A programa\u00e7\u00e3o do evento ser\u00e1 distribu\u00edda nas ruas e no Parque de Eventos Beira Rio (palco e pavilh\u00e3o).<\/p>\n\n\n\n<p><strong>Confira a seguir a programa\u00e7\u00e3o completa:<\/strong><\/p>\n\n\n\n<p>22 de Julho (Pavilh\u00e3o)<\/p>\n\n\n\n<p>Cia de Dan\u00e7a (Mastruz com Leite)<br>Quadrilhas Juninas<\/p>\n\n\n\n<p>23 de Julho (Pavilh\u00e3o)<\/p>\n\n\n\n<p>Aleff Counter<br>Quadrilhas Juninas<br>Joebson Vaqueiro<br>Rosimar Lima<\/p>\n\n\n\n<p>24 de Julho (Pavilh\u00e3o)<\/p>\n\n\n\n<p>Quadrilhas Juninas<br>Thomas Playboyzinho<br>Ninho Pernambucano<\/p>\n\n\n\n<p>25 de Julho (Ruas)<\/p>\n\n\n\n<p>Orquestr\u00e3o<br>Com todas as representa\u00e7\u00f5es culturais do munic\u00edpio, saindo da entrada da cidade<\/p>\n\n\n\n<p>26 de Julho (Palco Beira Rio)<\/p>\n\n\n\n<p>Felipe Farra<br>Raphaela Santos (A Favorita)<br>Priscila Senna (A Musa)<\/p>\n\n\n\n<p>27 de Julho (Palco Beira Rio)<\/p>\n\n\n\n<p>Andr\u00e9 Viana<br>Caninana<br>Mari Fernandez<\/p>\n","protected":false},"excerpt":{"rendered":"<p>Em celebra\u00e7\u00e3o aos 211 anos de Paudalho, a Prefeitura, por meio da Secretaria de Cultura, Turismo, Lazer e Juventude, vai promover uma programa\u00e7\u00e3o toda especial, que ser\u00e1 realizada entre os dias 22 e 27 de julho. Neste ano, a comemora\u00e7\u00e3o de anivers\u00e1rio do munic\u00edpio tamb\u00e9m far\u00e1 refer\u00eancia \u00e0s festividades juninas, destacando a import\u00e2ncia do ciclo [&hellip;]<\/p>\n","protected":false},"author":2,"featured_media":22932,"comment_status":"open","ping_status":"open","sticky":false,"template":"","format":"standard","meta":{"_jetpack_newsletter_access":"","_jetpack_dont_email_post_to_subs":false,"_jetpack_newsletter_tier_id":0,"_jetpack_memberships_contains_paywalled_content":false,"_jetpack_memberships_contains_paid_content":false,"footnotes":""},"categories":[2,1],"tags":[1028,353,14],"class_list":["post-22931","post","type-post","status-publish","format-standard","has-post-thumbnail","hentry","category-destaque","category-noticias","tag-211-anos","tag-aniversario","tag-paudalho"],"jetpack_featured_media_url":"https:\/\/www.paudalho.pe.gov.br\/portal\/wp-content\/uploads\/2022\/07\/b6b024bf-65fc-4b58-b76d-41e035095adb.jpg","jetpack_sharing_enabled":true,"jetpack_shortlink":"https:\/\/wp.me\/p98mS2-5XR","_links":{"self":[{"href":"https:\/\/www.paudalho.pe.gov.br\/portal\/wp-json\/wp\/v2\/posts\/22931","targetHints":{"allow":["GET"]}}],"collection":[{"href":"https:\/\/www.paudalho.pe.gov.br\/portal\/wp-json\/wp\/v2\/posts"}],"about":[{"href":"https:\/\/www.paudalho.pe.gov.br\/portal\/wp-json\/wp\/v2\/types\/post"}],"author":[{"embeddable":true,"href":"https:\/\/www.paudalho.pe.gov.br\/portal\/wp-json\/wp\/v2\/users\/2"}],"replies":[{"embeddable":true,"href":"https:\/\/www.paudalho.pe.gov.br\/portal\/wp-json\/wp\/v2\/comments?post=22931"}],"version-history":[{"count":3,"href":"https:\/\/www.paudalho.pe.gov.br\/portal\/wp-json\/wp\/v2\/posts\/22931\/revisions"}],"predecessor-version":[{"id":22997,"href":"https:\/\/www.paudalho.pe.gov.br\/portal\/wp-json\/wp\/v2\/posts\/22931\/revisions\/22997"}],"wp:featuredmedia":[{"embeddable":true,"href":"https:\/\/www.paudalho.pe.gov.br\/portal\/wp-json\/wp\/v2\/media\/22932"}],"wp:attachment":[{"href":"https:\/\/www.paudalho.pe.gov.br\/portal\/wp-json\/wp\/v2\/media?parent=22931"}],"wp:term":[{"taxonomy":"category","embeddable":true,"href":"https:\/\/www.paudalho.pe.gov.br\/portal\/wp-json\/wp\/v2\/categories?post=22931"},{"taxonomy":"post_tag","embeddable":true,"href":"https:\/\/www.paudalho.pe.gov.br\/portal\/wp-json\/wp\/v2\/tags?post=22931"}],"curies":[{"name":"wp","href":"https:\/\/api.w.org\/{rel}","templated":true}]}}