{"id":22885,"date":"2022-07-11T16:53:46","date_gmt":"2022-07-11T19:53:46","guid":{"rendered":"https:\/\/www.paudalho.pe.gov.br\/portal\/?p=22885"},"modified":"2022-07-19T20:18:43","modified_gmt":"2022-07-19T23:18:43","slug":"paudalho-recebera-nova-acao-de-vacinacao-contra-a-covid-19","status":"publish","type":"post","link":"https:\/\/www.paudalho.pe.gov.br\/portal\/paudalho-recebera-nova-acao-de-vacinacao-contra-a-covid-19\/","title":{"rendered":"Paudalho receber\u00e1 nova a\u00e7\u00e3o de vacina\u00e7\u00e3o contra a Covid-19"},"content":{"rendered":"\n<p>Paudalho receber\u00e1 na pr\u00f3xima quarta-feira (13\/07) uma a\u00e7\u00e3o de vacina\u00e7\u00e3o contra a Covid-19. O evento, promovido pela Secretaria Municipal de Sa\u00fade, ocorrer\u00e1 no bairro Alto Dois Irm\u00e3os, das 15h \u00e0s 19h, na Escola Manoel da Rosa.<\/p>\n\n\n\n<p>No local, haver\u00e1 parque, pipoca e algod\u00e3o doce para as crian\u00e7as. A imuniza\u00e7\u00e3o ser\u00e1 direcionada para todas as faixas et\u00e1rias e n\u00e3o ser\u00e1 necess\u00e1rio agendamento.<\/p>\n\n\n\n<p>&#8220;Estamos realizando essas a\u00e7\u00f5es para imunizar o maior n\u00famero de pessoas poss\u00edveis, entre crian\u00e7a, jovens, adultos e idosos que ainda n\u00e3o foram vacinados ou que faltam tomar alguma dose da vacina contra a Covid-19. \u00c9 importante que todos compare\u00e7am, porque o v\u00edrus da Covid-19 continua matando muita gente&#8221;, disse Thais Cibelle, integrante da Secretaria de Sa\u00fade do Paudalho.<\/p>\n\n\n\n<p>\u00c9 preciso levar o cart\u00e3o de vacina, caderneta de vacina\u00e7\u00e3o, CPF e registro dos filhos.<\/p>\n","protected":false},"excerpt":{"rendered":"<p>Paudalho receber\u00e1 na pr\u00f3xima quarta-feira (13\/07) uma a\u00e7\u00e3o de vacina\u00e7\u00e3o contra a Covid-19. O evento, promovido pela Secretaria Municipal de Sa\u00fade, ocorrer\u00e1 no bairro Alto Dois Irm\u00e3os, das 15h \u00e0s 19h, na Escola Manoel da Rosa. No local, haver\u00e1 parque, pipoca e algod\u00e3o doce para as crian\u00e7as. A imuniza\u00e7\u00e3o ser\u00e1 direcionada para todas as faixas [&hellip;]<\/p>\n","protected":false},"author":2,"featured_media":22886,"comment_status":"open","ping_status":"open","sticky":false,"template":"","format":"standard","meta":{"_jetpack_newsletter_access":"","_jetpack_dont_email_post_to_subs":false,"_jetpack_newsletter_tier_id":0,"_jetpack_memberships_contains_paywalled_content":false,"_jetpack_memberships_contains_paid_content":false,"footnotes":""},"categories":[732,2],"tags":[622,14,1026,314],"class_list":["post-22885","post","type-post","status-publish","format-standard","has-post-thumbnail","hentry","category-covid-19","category-destaque","tag-covid-19","tag-paudalho","tag-recebera","tag-vacinacao"],"jetpack_featured_media_url":"https:\/\/www.paudalho.pe.gov.br\/portal\/wp-content\/uploads\/2022\/07\/IMG-20220711-WA0022.jpg","jetpack_sharing_enabled":true,"jetpack_shortlink":"https:\/\/wp.me\/p98mS2-5X7","_links":{"self":[{"href":"https:\/\/www.paudalho.pe.gov.br\/portal\/wp-json\/wp\/v2\/posts\/22885","targetHints":{"allow":["GET"]}}],"collection":[{"href":"https:\/\/www.paudalho.pe.gov.br\/portal\/wp-json\/wp\/v2\/posts"}],"about":[{"href":"https:\/\/www.paudalho.pe.gov.br\/portal\/wp-json\/wp\/v2\/types\/post"}],"author":[{"embeddable":true,"href":"https:\/\/www.paudalho.pe.gov.br\/portal\/wp-json\/wp\/v2\/users\/2"}],"replies":[{"embeddable":true,"href":"https:\/\/www.paudalho.pe.gov.br\/portal\/wp-json\/wp\/v2\/comments?post=22885"}],"version-history":[{"count":2,"href":"https:\/\/www.paudalho.pe.gov.br\/portal\/wp-json\/wp\/v2\/posts\/22885\/revisions"}],"predecessor-version":[{"id":22979,"href":"https:\/\/www.paudalho.pe.gov.br\/portal\/wp-json\/wp\/v2\/posts\/22885\/revisions\/22979"}],"wp:featuredmedia":[{"embeddable":true,"href":"https:\/\/www.paudalho.pe.gov.br\/portal\/wp-json\/wp\/v2\/media\/22886"}],"wp:attachment":[{"href":"https:\/\/www.paudalho.pe.gov.br\/portal\/wp-json\/wp\/v2\/media?parent=22885"}],"wp:term":[{"taxonomy":"category","embeddable":true,"href":"https:\/\/www.paudalho.pe.gov.br\/portal\/wp-json\/wp\/v2\/categories?post=22885"},{"taxonomy":"post_tag","embeddable":true,"href":"https:\/\/www.paudalho.pe.gov.br\/portal\/wp-json\/wp\/v2\/tags?post=22885"}],"curies":[{"name":"wp","href":"https:\/\/api.w.org\/{rel}","templated":true}]}}