{"id":22881,"date":"2022-07-08T09:45:27","date_gmt":"2022-07-08T12:45:27","guid":{"rendered":"https:\/\/www.paudalho.pe.gov.br\/portal\/?p=22881"},"modified":"2022-07-08T09:45:27","modified_gmt":"2022-07-08T12:45:27","slug":"familias-afetadas-pelas-chuvas-recebem-doacoes-arrecadadas-pela-prefeitura","status":"publish","type":"post","link":"https:\/\/www.paudalho.pe.gov.br\/portal\/familias-afetadas-pelas-chuvas-recebem-doacoes-arrecadadas-pela-prefeitura\/","title":{"rendered":"Fam\u00edlias afetadas pelas chuvas recebem doa\u00e7\u00f5es arrecadadas pela Prefeitura"},"content":{"rendered":"\n<p>Fam\u00edlias de Paudalho afetadas pelas fortes chuvas que ocorreram no \u00faltimo m\u00eas est\u00e3o recebendo as doa\u00e7\u00f5es que foram arrecadadas pela Prefeitura, atrav\u00e9s do Programa Paudalho Solid\u00e1rio. Alimentos perec\u00edveis e n\u00e3o-perec\u00edveis; len\u00e7\u00f3is; produtos de higiene pessoal e do lar; entre outros itens foram e est\u00e3o sendo distribu\u00eddos.<\/p>\n\n\n\n<p>A partir de agora, o bazar da Prefeitura &#8211; que cont\u00e9m roupas arrecadadas &#8211; foi aberto para doar pe\u00e7as a quem necessita. Para receber, \u00e9 necess\u00e1rio ter inscri\u00e7\u00e3o no Cadastro \u00danico (com renda per capita de at\u00e9 meio sal\u00e1rio m\u00ednimo), residir em \u00e1reas atingidas pelas tempestades e passar por uma avalia\u00e7\u00e3o com uma assistente social, que tem no ponto de doa\u00e7\u00e3o.<\/p>\n\n\n\n<p>O bazar fica situado no centro de Paudalho, em frente ao mercado p\u00fablico. Por meio de nota, a Prefeitura Municipal do Paudalho &#8220;agradece a todos que fizeram doa\u00e7\u00f5es e que todas as fam\u00edlias atingidas pelas chuvas est\u00e3o sendo assistidas pelas itens arrecadados, atrav\u00e9s do Programa Paudalho Solid\u00e1rio&#8221;.<\/p>\n","protected":false},"excerpt":{"rendered":"<p>Fam\u00edlias de Paudalho afetadas pelas fortes chuvas que ocorreram no \u00faltimo m\u00eas est\u00e3o recebendo as doa\u00e7\u00f5es que foram arrecadadas pela Prefeitura, atrav\u00e9s do Programa Paudalho Solid\u00e1rio. Alimentos perec\u00edveis e n\u00e3o-perec\u00edveis; len\u00e7\u00f3is; produtos de higiene pessoal e do lar; entre outros itens foram e est\u00e3o sendo distribu\u00eddos. A partir de agora, o bazar da Prefeitura &#8211; [&hellip;]<\/p>\n","protected":false},"author":2,"featured_media":22882,"comment_status":"closed","ping_status":"open","sticky":false,"template":"","format":"standard","meta":{"_jetpack_newsletter_access":"","_jetpack_dont_email_post_to_subs":false,"_jetpack_newsletter_tier_id":0,"_jetpack_memberships_contains_paywalled_content":false,"_jetpack_memberships_contains_paid_content":false,"footnotes":""},"categories":[850,2],"tags":[1025,871,14,1024],"class_list":["post-22881","post","type-post","status-publish","format-standard","has-post-thumbnail","hentry","category-assistencia-social","category-destaque","tag-doacoes","tag-familias","tag-paudalho","tag-recebem"],"jetpack_featured_media_url":"https:\/\/www.paudalho.pe.gov.br\/portal\/wp-content\/uploads\/2022\/07\/IMG-20220603-WA0287.jpg","jetpack_sharing_enabled":true,"jetpack_shortlink":"https:\/\/wp.me\/p98mS2-5X3","_links":{"self":[{"href":"https:\/\/www.paudalho.pe.gov.br\/portal\/wp-json\/wp\/v2\/posts\/22881","targetHints":{"allow":["GET"]}}],"collection":[{"href":"https:\/\/www.paudalho.pe.gov.br\/portal\/wp-json\/wp\/v2\/posts"}],"about":[{"href":"https:\/\/www.paudalho.pe.gov.br\/portal\/wp-json\/wp\/v2\/types\/post"}],"author":[{"embeddable":true,"href":"https:\/\/www.paudalho.pe.gov.br\/portal\/wp-json\/wp\/v2\/users\/2"}],"replies":[{"embeddable":true,"href":"https:\/\/www.paudalho.pe.gov.br\/portal\/wp-json\/wp\/v2\/comments?post=22881"}],"version-history":[{"count":1,"href":"https:\/\/www.paudalho.pe.gov.br\/portal\/wp-json\/wp\/v2\/posts\/22881\/revisions"}],"predecessor-version":[{"id":22883,"href":"https:\/\/www.paudalho.pe.gov.br\/portal\/wp-json\/wp\/v2\/posts\/22881\/revisions\/22883"}],"wp:featuredmedia":[{"embeddable":true,"href":"https:\/\/www.paudalho.pe.gov.br\/portal\/wp-json\/wp\/v2\/media\/22882"}],"wp:attachment":[{"href":"https:\/\/www.paudalho.pe.gov.br\/portal\/wp-json\/wp\/v2\/media?parent=22881"}],"wp:term":[{"taxonomy":"category","embeddable":true,"href":"https:\/\/www.paudalho.pe.gov.br\/portal\/wp-json\/wp\/v2\/categories?post=22881"},{"taxonomy":"post_tag","embeddable":true,"href":"https:\/\/www.paudalho.pe.gov.br\/portal\/wp-json\/wp\/v2\/tags?post=22881"}],"curies":[{"name":"wp","href":"https:\/\/api.w.org\/{rel}","templated":true}]}}