{"id":22870,"date":"2022-07-06T09:18:13","date_gmt":"2022-07-06T12:18:13","guid":{"rendered":"https:\/\/www.paudalho.pe.gov.br\/portal\/?p=22870"},"modified":"2022-07-06T09:18:13","modified_gmt":"2022-07-06T12:18:13","slug":"pecas-de-renda-tenerife-produzidas-por-artesas-de-paudalho-serao-destaques-na-passarela-fenearte-2022","status":"publish","type":"post","link":"https:\/\/www.paudalho.pe.gov.br\/portal\/pecas-de-renda-tenerife-produzidas-por-artesas-de-paudalho-serao-destaques-na-passarela-fenearte-2022\/","title":{"rendered":"Pe\u00e7as de Renda Tenerife produzidas por artes\u00e3s de Paudalho ser\u00e3o destaques na Passarela Fenearte 2022"},"content":{"rendered":"\n<p>Pe\u00e7as de vestu\u00e1rios de Renda Tenerife desenvolvidas por artes\u00e3s de Paudalho ser\u00e3o destaques durante a Feira Nacional de Neg\u00f3cios do Artesanato (Fenearte) deste ano, que come\u00e7a nesta quarta-feira (06) e segue at\u00e9 o dia 17 deste m\u00eas, no Centro de Conven\u00e7\u00f5es de Pernambuco, em Olinda, no Grande Recife.<\/p>\n\n\n\n<p>Em celebra\u00e7\u00e3o ao movimento musical Manguebeat, que ser\u00e1 homenageado pela Fenearte, as artes\u00e3s de Paudalho trazem \u00e0 Passarela Fenearte a cole\u00e7\u00e3o Outono\/Inverno &#8216;As Cores do Manguebeat&#8217;.<\/p>\n\n\n\n<p>O desfile da cole\u00e7\u00e3o est\u00e1 marcado para acontecer \u00e0s 17h do dia 14 de julho na Passarela Fenearte. &#8220;De 120 munic\u00edpios, Paudalho foi selecionado pela Secretaria da Mulher do Estado para representar a zona da mata no que se refere a arte com Renda Tenerife. O nosso munic\u00edpio possui um grupo formado por 80 mulheres que produzem a partir da renda Tenerife. Essa cole\u00e7\u00e3o que ser\u00e1 apreciada foi desenvolvida por 25 rendeiras&#8221;, afirmou Teresa Valentim, secret\u00e1ria-executiva de Cultura do Paudalho.<\/p>\n\n\n\n<p>De acordo com informa\u00e7\u00f5es das artistas, &#8220;a cole\u00e7\u00e3o tem como caracter\u00edstica principal a uni\u00e3o de pontos que fazem refer\u00eancias aos azulejos ingleses presentes nos casar\u00f5es antigos do munic\u00edpio de Paudalho, enaltecendo a cultura da zona da mata de Pernambuco&#8221;.<\/p>\n\n\n\n<figure class=\"wp-block-image size-large\"><img loading=\"lazy\" decoding=\"async\" width=\"719\" height=\"450\" data-attachment-id=\"22872\" data-permalink=\"https:\/\/www.paudalho.pe.gov.br\/portal\/pecas-de-renda-tenerife-produzidas-por-artesas-de-paudalho-serao-destaques-na-passarela-fenearte-2022\/fb_img_1657109741271\/\" data-orig-file=\"https:\/\/www.paudalho.pe.gov.br\/portal\/wp-content\/uploads\/2022\/07\/FB_IMG_1657109741271.jpg\" data-orig-size=\"719,540\" data-comments-opened=\"1\" data-image-meta=\"{&quot;aperture&quot;:&quot;0&quot;,&quot;credit&quot;:&quot;&quot;,&quot;camera&quot;:&quot;&quot;,&quot;caption&quot;:&quot;&quot;,&quot;created_timestamp&quot;:&quot;0&quot;,&quot;copyright&quot;:&quot;&quot;,&quot;focal_length&quot;:&quot;0&quot;,&quot;iso&quot;:&quot;0&quot;,&quot;shutter_speed&quot;:&quot;0&quot;,&quot;title&quot;:&quot;&quot;,&quot;orientation&quot;:&quot;0&quot;}\" data-image-title=\"FB_IMG_1657109741271\" data-image-description=\"\" data-image-caption=\"\" data-medium-file=\"https:\/\/www.paudalho.pe.gov.br\/portal\/wp-content\/uploads\/2022\/07\/FB_IMG_1657109741271-350x230.jpg\" data-large-file=\"https:\/\/www.paudalho.pe.gov.br\/portal\/wp-content\/uploads\/2022\/07\/FB_IMG_1657109741271-719x450.jpg\" src=\"https:\/\/www.paudalho.pe.gov.br\/portal\/wp-content\/uploads\/2022\/07\/FB_IMG_1657109741271-719x450.jpg\" alt=\"\" class=\"wp-image-22872\"\/><figcaption><em>A Renda Tenerife ou Renda Sol \u00e9 um artesanato feito com agulha de sacaria, tear de t\u00e1bua e linha. Foto: Divulga\u00e7\u00e3o\/ Prefeitura <\/em><\/figcaption><\/figure>\n\n\n\n<p>A Renda Tenerife \u00e9 bastante explorada por artes\u00e3s de Paudalho, e se propagou na cidade. Essa arte esteve presente em diversos desfiles na Fenearte, por\u00e9m h\u00e1 12 que n\u00e3o era enaltecida.<\/p>\n","protected":false},"excerpt":{"rendered":"<p>Pe\u00e7as de vestu\u00e1rios de Renda Tenerife desenvolvidas por artes\u00e3s de Paudalho ser\u00e3o destaques durante a Feira Nacional de Neg\u00f3cios do Artesanato (Fenearte) deste ano, que come\u00e7a nesta quarta-feira (06) e segue at\u00e9 o dia 17 deste m\u00eas, no Centro de Conven\u00e7\u00f5es de Pernambuco, em Olinda, no Grande Recife. Em celebra\u00e7\u00e3o ao movimento musical Manguebeat, que [&hellip;]<\/p>\n","protected":false},"author":2,"featured_media":22871,"comment_status":"open","ping_status":"open","sticky":false,"template":"","format":"standard","meta":{"_jetpack_newsletter_access":"","_jetpack_dont_email_post_to_subs":false,"_jetpack_newsletter_tier_id":0,"_jetpack_memberships_contains_paywalled_content":false,"_jetpack_memberships_contains_paid_content":false,"footnotes":""},"categories":[6,2],"tags":[1020,667,1018,1019],"class_list":["post-22870","post","type-post","status-publish","format-standard","has-post-thumbnail","hentry","category-cultura","category-destaque","tag-fenearte","tag-renda","tag-tenerife","tag-vestuarios"],"jetpack_featured_media_url":"https:\/\/www.paudalho.pe.gov.br\/portal\/wp-content\/uploads\/2022\/07\/images-38.jpeg","jetpack_sharing_enabled":true,"jetpack_shortlink":"https:\/\/wp.me\/p98mS2-5WS","_links":{"self":[{"href":"https:\/\/www.paudalho.pe.gov.br\/portal\/wp-json\/wp\/v2\/posts\/22870","targetHints":{"allow":["GET"]}}],"collection":[{"href":"https:\/\/www.paudalho.pe.gov.br\/portal\/wp-json\/wp\/v2\/posts"}],"about":[{"href":"https:\/\/www.paudalho.pe.gov.br\/portal\/wp-json\/wp\/v2\/types\/post"}],"author":[{"embeddable":true,"href":"https:\/\/www.paudalho.pe.gov.br\/portal\/wp-json\/wp\/v2\/users\/2"}],"replies":[{"embeddable":true,"href":"https:\/\/www.paudalho.pe.gov.br\/portal\/wp-json\/wp\/v2\/comments?post=22870"}],"version-history":[{"count":1,"href":"https:\/\/www.paudalho.pe.gov.br\/portal\/wp-json\/wp\/v2\/posts\/22870\/revisions"}],"predecessor-version":[{"id":22873,"href":"https:\/\/www.paudalho.pe.gov.br\/portal\/wp-json\/wp\/v2\/posts\/22870\/revisions\/22873"}],"wp:featuredmedia":[{"embeddable":true,"href":"https:\/\/www.paudalho.pe.gov.br\/portal\/wp-json\/wp\/v2\/media\/22871"}],"wp:attachment":[{"href":"https:\/\/www.paudalho.pe.gov.br\/portal\/wp-json\/wp\/v2\/media?parent=22870"}],"wp:term":[{"taxonomy":"category","embeddable":true,"href":"https:\/\/www.paudalho.pe.gov.br\/portal\/wp-json\/wp\/v2\/categories?post=22870"},{"taxonomy":"post_tag","embeddable":true,"href":"https:\/\/www.paudalho.pe.gov.br\/portal\/wp-json\/wp\/v2\/tags?post=22870"}],"curies":[{"name":"wp","href":"https:\/\/api.w.org\/{rel}","templated":true}]}}