{"id":2286,"date":"2018-01-04T13:07:46","date_gmt":"2018-01-04T16:07:46","guid":{"rendered":"http:\/\/www.paudalho.pe.gov.br\/portal\/?p=2286"},"modified":"2018-01-04T13:18:47","modified_gmt":"2018-01-04T16:18:47","slug":"secretaria-de-cultura-e-turismo-promove-3o-reuniao-com-agremiacoes-carnavalescas","status":"publish","type":"post","link":"https:\/\/www.paudalho.pe.gov.br\/portal\/secretaria-de-cultura-e-turismo-promove-3o-reuniao-com-agremiacoes-carnavalescas\/","title":{"rendered":"Secretaria de Cultura e Turismo promove 3\u00ba reuni\u00e3o com agremia\u00e7\u00f5es carnavalescas"},"content":{"rendered":"<p>Com o objetivo de agilizar os preparativos para o Carnaval 2018, a Secretaria de Cultura e Turismo realiza mais uma reuni\u00e3o nesta sexta-feira (5) com as agremia\u00e7\u00f5es carnavalescas, no audit\u00f3rio do P\u00e1tio da Feira Prefeito Ulisses Roque, centro de Paudalho. O momento ser\u00e1 divido em tr\u00eas ajuntamentos: primeiro, \u00e0s 14h com bois e tro\u00e7as pequenas, logo em seguida \u00e0s 15h com blocos e blocos l\u00edricos e por \u00faltimo \u00e0s 16h com maracatus e caboclinhos.<\/p>\n<p>Segundo o secret\u00e1rio da pasta, Jobson Oliveira, a festa momesca neste ano ser\u00e1 a maior que a cidade j\u00e1 viu. \u201cEstamos trabalhando! A popula\u00e7\u00e3o pode ficar tranquila que vamos fazer o Carnaval mais lindo que a cidade j\u00e1 viu\u201d, comentou.<\/p>\n<h2>Festa de S\u00e3o Sebasti\u00e3o<\/h2>\n<p>E n\u00e3o \u00e9 apenas o Carnaval que est\u00e1 assegurado. A tradicional Festa de S\u00e3o Sebasti\u00e3o ocorrer\u00e1 entre os dias 19 e 28 de janeiro e j\u00e1 tem lugar cativo no calend\u00e1rio dos mun\u00edcipes. \u201cTudo assegurado para essa festa t\u00e3o linda que Paudalho tanto ama. Em breve a gente estar\u00e1 lan\u00e7ando a programa\u00e7\u00e3o como os paudalhenses merecem\u201d, finalizou o secret\u00e1rio.<\/p>\n<h3><strong>Leia mais:\u00a0<\/strong><\/h3>\n<blockquote class=\"wp-embedded-content\" data-secret=\"wCBxMnwAN7\"><p><a href=\"https:\/\/www.paudalho.pe.gov.br\/portal\/com-apoio-da-prefeitura-do-paudalho-bloco-da-bolacha-abre-o-carnaval-em-pe-no-1o-dia-do-ano\/\">Com apoio da Prefeitura do Paudalho, Bloco da Bolacha abre o Carnaval em PE no 1\u00ba dia do ano<\/a><\/p><\/blockquote>\n<p><iframe loading=\"lazy\" class=\"wp-embedded-content\" sandbox=\"allow-scripts\" security=\"restricted\" style=\"position: absolute; visibility: hidden;\" title=\"&#8220;Com apoio da Prefeitura do Paudalho, Bloco da Bolacha abre o Carnaval em PE no 1\u00ba dia do ano&#8221; &#8212; Prefeitura do Paudalho\" src=\"https:\/\/www.paudalho.pe.gov.br\/portal\/com-apoio-da-prefeitura-do-paudalho-bloco-da-bolacha-abre-o-carnaval-em-pe-no-1o-dia-do-ano\/embed\/#?secret=gsXQFletVx#?secret=wCBxMnwAN7\" data-secret=\"wCBxMnwAN7\" width=\"500\" height=\"282\" frameborder=\"0\" marginwidth=\"0\" marginheight=\"0\" scrolling=\"no\"><\/iframe><\/p>\n<blockquote class=\"wp-embedded-content\" data-secret=\"dK0QSWnrX8\"><p><a href=\"https:\/\/www.paudalho.pe.gov.br\/portal\/agentes-comunitarios-de-saude-recebem-tablets-para-melhorar-servico-prestado-a-populacao\/\">Agentes comunit\u00e1rios de sa\u00fade recebem tablets para melhorar servi\u00e7o prestado \u00e0 popula\u00e7\u00e3o<\/a><\/p><\/blockquote>\n<p><iframe loading=\"lazy\" class=\"wp-embedded-content\" sandbox=\"allow-scripts\" security=\"restricted\" style=\"position: absolute; visibility: hidden;\" title=\"&#8220;Agentes comunit\u00e1rios de sa\u00fade recebem tablets para melhorar servi\u00e7o prestado \u00e0 popula\u00e7\u00e3o&#8221; &#8212; Prefeitura do Paudalho\" src=\"https:\/\/www.paudalho.pe.gov.br\/portal\/agentes-comunitarios-de-saude-recebem-tablets-para-melhorar-servico-prestado-a-populacao\/embed\/#?secret=1Z0LILNcmG#?secret=dK0QSWnrX8\" data-secret=\"dK0QSWnrX8\" width=\"500\" height=\"282\" frameborder=\"0\" marginwidth=\"0\" marginheight=\"0\" scrolling=\"no\"><\/iframe><\/p>\n","protected":false},"excerpt":{"rendered":"<p>Com o objetivo de agilizar os preparativos para o Carnaval 2018, a Secretaria de Cultura e Turismo realiza mais uma reuni\u00e3o nesta sexta-feira (5) com as agremia\u00e7\u00f5es carnavalescas, no audit\u00f3rio do P\u00e1tio da Feira Prefeito Ulisses Roque, centro de Paudalho. O momento ser\u00e1 divido em tr\u00eas ajuntamentos: primeiro, \u00e0s 14h com bois e tro\u00e7as pequenas, [&hellip;]<\/p>\n","protected":false},"author":4,"featured_media":2288,"comment_status":"open","ping_status":"open","sticky":false,"template":"","format":"standard","meta":{"_jetpack_newsletter_access":"","_jetpack_dont_email_post_to_subs":false,"_jetpack_newsletter_tier_id":0,"_jetpack_memberships_contains_paywalled_content":false,"_jetpack_memberships_contains_paid_content":false,"footnotes":""},"categories":[6,2],"tags":[233,22,238],"class_list":["post-2286","post","type-post","status-publish","format-standard","has-post-thumbnail","hentry","category-cultura","category-destaque","tag-carnaval-2018","tag-prefeitura-do-paudalho","tag-secretaria-de-cultura-e-turismo"],"jetpack_featured_media_url":"https:\/\/www.paudalho.pe.gov.br\/portal\/wp-content\/uploads\/2018\/01\/Design-sem-nome-2.png","jetpack_sharing_enabled":true,"jetpack_shortlink":"https:\/\/wp.me\/p98mS2-AS","_links":{"self":[{"href":"https:\/\/www.paudalho.pe.gov.br\/portal\/wp-json\/wp\/v2\/posts\/2286","targetHints":{"allow":["GET"]}}],"collection":[{"href":"https:\/\/www.paudalho.pe.gov.br\/portal\/wp-json\/wp\/v2\/posts"}],"about":[{"href":"https:\/\/www.paudalho.pe.gov.br\/portal\/wp-json\/wp\/v2\/types\/post"}],"author":[{"embeddable":true,"href":"https:\/\/www.paudalho.pe.gov.br\/portal\/wp-json\/wp\/v2\/users\/4"}],"replies":[{"embeddable":true,"href":"https:\/\/www.paudalho.pe.gov.br\/portal\/wp-json\/wp\/v2\/comments?post=2286"}],"version-history":[{"count":5,"href":"https:\/\/www.paudalho.pe.gov.br\/portal\/wp-json\/wp\/v2\/posts\/2286\/revisions"}],"predecessor-version":[{"id":2292,"href":"https:\/\/www.paudalho.pe.gov.br\/portal\/wp-json\/wp\/v2\/posts\/2286\/revisions\/2292"}],"wp:featuredmedia":[{"embeddable":true,"href":"https:\/\/www.paudalho.pe.gov.br\/portal\/wp-json\/wp\/v2\/media\/2288"}],"wp:attachment":[{"href":"https:\/\/www.paudalho.pe.gov.br\/portal\/wp-json\/wp\/v2\/media?parent=2286"}],"wp:term":[{"taxonomy":"category","embeddable":true,"href":"https:\/\/www.paudalho.pe.gov.br\/portal\/wp-json\/wp\/v2\/categories?post=2286"},{"taxonomy":"post_tag","embeddable":true,"href":"https:\/\/www.paudalho.pe.gov.br\/portal\/wp-json\/wp\/v2\/tags?post=2286"}],"curies":[{"name":"wp","href":"https:\/\/api.w.org\/{rel}","templated":true}]}}