{"id":22858,"date":"2022-07-04T20:06:33","date_gmt":"2022-07-04T23:06:33","guid":{"rendered":"https:\/\/www.paudalho.pe.gov.br\/portal\/?p=22858"},"modified":"2022-07-04T23:22:35","modified_gmt":"2022-07-05T02:22:35","slug":"paudalho-em-parceria-com-o-senar-abre-inscricoes-para-diversos-cursos-de-capacitacao-profissional","status":"publish","type":"post","link":"https:\/\/www.paudalho.pe.gov.br\/portal\/paudalho-em-parceria-com-o-senar-abre-inscricoes-para-diversos-cursos-de-capacitacao-profissional\/","title":{"rendered":"Paudalho em parceria com o Senar abre inscri\u00e7\u00f5es para diversos cursos de capacita\u00e7\u00e3o profissional"},"content":{"rendered":"\n<p>A Prefeitura Municipal do Paudalho, por meio da Secretaria-Executiva de Desenvolvimento Econ\u00f4mico, Meio Ambiente e Qualifica\u00e7\u00e3o Profissional (SEDEMAQ), em parceria com o Servi\u00e7o Nacional de Aprendizagem Rural (Senar), abriu inscri\u00e7\u00f5es para diversos cursos de capacita\u00e7\u00e3o profissional, que ser\u00e3o ministrados durante os meses de julho, agosto, setembro, outubro e novembro.<\/p>\n\n\n\n<p>H\u00e1 cursos para trabalhador em viveiros, para trabalhador no Cultivo de Plantas Medicinais, eletricista, curso de jardinagem, bombeiro hidr\u00e1ulico, entre outros (confira cada curso e a grade curricular no documento abaixo).<\/p>\n\n\n\n<p>&#8220;Qualquer pessoa acima de 18 anos pode se inscrever para participar dos cursos. \u00c9 gratuito. As inscri\u00e7\u00f5es podem ser realizadas na Sala do Empreendedor, que fica no p\u00e1tio da feira, e ser\u00e3o encerradas dependendo do preenchimento das vagas&#8221;, informou Josim\u00e1rio Marques da Silva, secret\u00e1rio-executivo da SEDEMAQ.<\/p>\n\n\n\n<p>Confira cada curso ofertado e a grade curricular no documento a seguir <\/p>\n\n\n\n<div data-wp-interactive=\"core\/file\" class=\"wp-block-file\"><object data-wp-bind--hidden=\"!state.hasPdfPreview\" hidden class=\"wp-block-file__embed\" data=\"https:\/\/www.paudalho.pe.gov.br\/portal\/wp-content\/uploads\/2022\/07\/SodaPDF-converted-Cursos-SENAR-Para-Divulgacao-1.pdf\" type=\"application\/pdf\" style=\"width:100%;height:600px\" aria-label=\"Incorporado de Incorporado de SodaPDF-converted-Cursos-SENAR-Para-Divulgacao-1..\"><\/object><a id=\"wp-block-file--media-9c6dfc7c-2a3f-42b8-84d4-bf265b139161\" href=\"https:\/\/www.paudalho.pe.gov.br\/portal\/wp-content\/uploads\/2022\/07\/SodaPDF-converted-Cursos-SENAR-Para-Divulgacao-1.pdf\">SodaPDF-converted-Cursos-SENAR-Para-Divulgacao-1<\/a><a href=\"https:\/\/www.paudalho.pe.gov.br\/portal\/wp-content\/uploads\/2022\/07\/SodaPDF-converted-Cursos-SENAR-Para-Divulgacao-1.pdf\" class=\"wp-block-file__button\" download aria-describedby=\"wp-block-file--media-9c6dfc7c-2a3f-42b8-84d4-bf265b139161\">Baixar<\/a><\/div>\n","protected":false},"excerpt":{"rendered":"<p>A Prefeitura Municipal do Paudalho, por meio da Secretaria-Executiva de Desenvolvimento Econ\u00f4mico, Meio Ambiente e Qualifica\u00e7\u00e3o Profissional (SEDEMAQ), em parceria com o Servi\u00e7o Nacional de Aprendizagem Rural (Senar), abriu inscri\u00e7\u00f5es para diversos cursos de capacita\u00e7\u00e3o profissional, que ser\u00e3o ministrados durante os meses de julho, agosto, setembro, outubro e novembro. H\u00e1 cursos para trabalhador em viveiros, [&hellip;]<\/p>\n","protected":false},"author":2,"featured_media":22860,"comment_status":"open","ping_status":"open","sticky":false,"template":"","format":"standard","meta":{"_jetpack_newsletter_access":"","_jetpack_dont_email_post_to_subs":false,"_jetpack_newsletter_tier_id":0,"_jetpack_memberships_contains_paywalled_content":false,"_jetpack_memberships_contains_paid_content":false,"footnotes":""},"categories":[2,753],"tags":[204,192,14,1017,1016],"class_list":["post-22858","post","type-post","status-publish","format-standard","has-post-thumbnail","hentry","category-destaque","category-qualificacao-profissional","tag-capacitacao","tag-cursos","tag-paudalho","tag-profissional","tag-senar"],"jetpack_featured_media_url":"https:\/\/www.paudalho.pe.gov.br\/portal\/wp-content\/uploads\/2022\/07\/images-36.jpeg","jetpack_sharing_enabled":true,"jetpack_shortlink":"https:\/\/wp.me\/p98mS2-5WG","_links":{"self":[{"href":"https:\/\/www.paudalho.pe.gov.br\/portal\/wp-json\/wp\/v2\/posts\/22858","targetHints":{"allow":["GET"]}}],"collection":[{"href":"https:\/\/www.paudalho.pe.gov.br\/portal\/wp-json\/wp\/v2\/posts"}],"about":[{"href":"https:\/\/www.paudalho.pe.gov.br\/portal\/wp-json\/wp\/v2\/types\/post"}],"author":[{"embeddable":true,"href":"https:\/\/www.paudalho.pe.gov.br\/portal\/wp-json\/wp\/v2\/users\/2"}],"replies":[{"embeddable":true,"href":"https:\/\/www.paudalho.pe.gov.br\/portal\/wp-json\/wp\/v2\/comments?post=22858"}],"version-history":[{"count":3,"href":"https:\/\/www.paudalho.pe.gov.br\/portal\/wp-json\/wp\/v2\/posts\/22858\/revisions"}],"predecessor-version":[{"id":22863,"href":"https:\/\/www.paudalho.pe.gov.br\/portal\/wp-json\/wp\/v2\/posts\/22858\/revisions\/22863"}],"wp:featuredmedia":[{"embeddable":true,"href":"https:\/\/www.paudalho.pe.gov.br\/portal\/wp-json\/wp\/v2\/media\/22860"}],"wp:attachment":[{"href":"https:\/\/www.paudalho.pe.gov.br\/portal\/wp-json\/wp\/v2\/media?parent=22858"}],"wp:term":[{"taxonomy":"category","embeddable":true,"href":"https:\/\/www.paudalho.pe.gov.br\/portal\/wp-json\/wp\/v2\/categories?post=22858"},{"taxonomy":"post_tag","embeddable":true,"href":"https:\/\/www.paudalho.pe.gov.br\/portal\/wp-json\/wp\/v2\/tags?post=22858"}],"curies":[{"name":"wp","href":"https:\/\/api.w.org\/{rel}","templated":true}]}}