{"id":22844,"date":"2022-06-29T09:33:22","date_gmt":"2022-06-29T12:33:22","guid":{"rendered":"https:\/\/www.paudalho.pe.gov.br\/portal\/?p=22844"},"modified":"2022-06-30T11:08:43","modified_gmt":"2022-06-30T14:08:43","slug":"academia-da-saude-de-guadalajara-no-paudalho-recebe-evento-de-vacinacao-nesta-sexta-1","status":"publish","type":"post","link":"https:\/\/www.paudalho.pe.gov.br\/portal\/academia-da-saude-de-guadalajara-no-paudalho-recebe-evento-de-vacinacao-nesta-sexta-1\/","title":{"rendered":"Academia da Sa\u00fade de Guadalajara, no Paudalho, recebe evento de vacina\u00e7\u00e3o nesta sexta (1\u00b0)"},"content":{"rendered":"\n<p>A Prefeitura Municipal do Paudalho, por meio da Secretaria de Sa\u00fade, promove na pr\u00f3xima sexta-feira (1\u00b0\/07) um evento de vacina\u00e7\u00e3o contra a Covid-19 na Academia da Sa\u00fade de Guadalajara.<\/p>\n\n\n\n<p>A a\u00e7\u00e3o ser\u00e1 destinada para todas as faixas et\u00e1rias. O hor\u00e1rio de aplica\u00e7\u00e3o das vacinas ocorrer\u00e1 entre os per\u00edodo da tarde e noite, das 16h \u00e0s 20h.<\/p>\n\n\n\n<p>Durante o evento, as crian\u00e7as poder\u00e3o brincar em um parque que ser\u00e1 montado e ter\u00e3o acesso a pipoca e algod\u00e3o doce.<\/p>\n\n\n\n<p>&#8220;Essa \u00e9 mais uma forma para imunizar o maior n\u00famero de pessoas poss\u00edveis contra a Covid-19, que ainda tem causado muitas v\u00edtimas em todo o mundo. A todos que vierem se vacinar, \u00e9 necess\u00e1rio trazer o cart\u00e3o de vacina, CPF e o registro dos filhos&#8221;, afirmou Thais Cibelle, integrante da Secretaria de Sa\u00fade.<\/p>\n","protected":false},"excerpt":{"rendered":"<p>A Prefeitura Municipal do Paudalho, por meio da Secretaria de Sa\u00fade, promove na pr\u00f3xima sexta-feira (1\u00b0\/07) um evento de vacina\u00e7\u00e3o contra a Covid-19 na Academia da Sa\u00fade de Guadalajara. A a\u00e7\u00e3o ser\u00e1 destinada para todas as faixas et\u00e1rias. O hor\u00e1rio de aplica\u00e7\u00e3o das vacinas ocorrer\u00e1 entre os per\u00edodo da tarde e noite, das 16h \u00e0s [&hellip;]<\/p>\n","protected":false},"author":2,"featured_media":22845,"comment_status":"open","ping_status":"open","sticky":false,"template":"","format":"standard","meta":{"_jetpack_newsletter_access":"","_jetpack_dont_email_post_to_subs":false,"_jetpack_newsletter_tier_id":0,"_jetpack_memberships_contains_paywalled_content":false,"_jetpack_memberships_contains_paid_content":false,"footnotes":""},"categories":[732,2,3],"tags":[1010,1011,970,132,314],"class_list":["post-22844","post","type-post","status-publish","format-standard","has-post-thumbnail","hentry","category-covid-19","category-destaque","category-saude","tag-academia","tag-cidade","tag-evento","tag-guadalajara","tag-vacinacao"],"jetpack_featured_media_url":"https:\/\/www.paudalho.pe.gov.br\/portal\/wp-content\/uploads\/2022\/06\/IMG-20220629-WA0015.jpg","jetpack_sharing_enabled":true,"jetpack_shortlink":"https:\/\/wp.me\/p98mS2-5Ws","_links":{"self":[{"href":"https:\/\/www.paudalho.pe.gov.br\/portal\/wp-json\/wp\/v2\/posts\/22844","targetHints":{"allow":["GET"]}}],"collection":[{"href":"https:\/\/www.paudalho.pe.gov.br\/portal\/wp-json\/wp\/v2\/posts"}],"about":[{"href":"https:\/\/www.paudalho.pe.gov.br\/portal\/wp-json\/wp\/v2\/types\/post"}],"author":[{"embeddable":true,"href":"https:\/\/www.paudalho.pe.gov.br\/portal\/wp-json\/wp\/v2\/users\/2"}],"replies":[{"embeddable":true,"href":"https:\/\/www.paudalho.pe.gov.br\/portal\/wp-json\/wp\/v2\/comments?post=22844"}],"version-history":[{"count":2,"href":"https:\/\/www.paudalho.pe.gov.br\/portal\/wp-json\/wp\/v2\/posts\/22844\/revisions"}],"predecessor-version":[{"id":22853,"href":"https:\/\/www.paudalho.pe.gov.br\/portal\/wp-json\/wp\/v2\/posts\/22844\/revisions\/22853"}],"wp:featuredmedia":[{"embeddable":true,"href":"https:\/\/www.paudalho.pe.gov.br\/portal\/wp-json\/wp\/v2\/media\/22845"}],"wp:attachment":[{"href":"https:\/\/www.paudalho.pe.gov.br\/portal\/wp-json\/wp\/v2\/media?parent=22844"}],"wp:term":[{"taxonomy":"category","embeddable":true,"href":"https:\/\/www.paudalho.pe.gov.br\/portal\/wp-json\/wp\/v2\/categories?post=22844"},{"taxonomy":"post_tag","embeddable":true,"href":"https:\/\/www.paudalho.pe.gov.br\/portal\/wp-json\/wp\/v2\/tags?post=22844"}],"curies":[{"name":"wp","href":"https:\/\/api.w.org\/{rel}","templated":true}]}}