{"id":22835,"date":"2022-06-28T17:17:18","date_gmt":"2022-06-28T20:17:18","guid":{"rendered":"https:\/\/www.paudalho.pe.gov.br\/portal\/?p=22835"},"modified":"2022-06-29T09:42:15","modified_gmt":"2022-06-29T12:42:15","slug":"aldir-blanc-comunicado-para-os-proponentes-que-apresentaram-propostas-para-os-editais-001-002-e-003-21","status":"publish","type":"post","link":"https:\/\/www.paudalho.pe.gov.br\/portal\/aldir-blanc-comunicado-para-os-proponentes-que-apresentaram-propostas-para-os-editais-001-002-e-003-21\/","title":{"rendered":"Aldir Blanc: comunicado para os proponentes que apresentaram propostas para os editais 001, 002 e 003\/21"},"content":{"rendered":"\n<p>A Prefeitura Municipal do Paudalho, por meio da Comiss\u00e3o Municipal de An\u00e1lise e Julgamento da Lei Aldir Blanc, informa a todos os proponentes que apresentaram sua proposta em cumprimento ao Edital Criativo 001, 002 e 003\/2021, que o prazo final para presta\u00e7\u00e3o de contas , encerra-se no dia 30 de junho deste ano.<\/p>\n\n\n\n<p><strong>Lei Aldir Blanc<\/strong><\/p>\n\n\n\n<p>A Lei Aldir Blanc (lei federal) prev\u00ea aux\u00edlio financeiro ao setor cultural. A iniciativa busca apoiar profissionais da \u00e1rea que sofreram com impacto das medidas de distanciamento social por causa da pandemia do novo coronav\u00edrus.<\/p>\n","protected":false},"excerpt":{"rendered":"<p>A Prefeitura Municipal do Paudalho, por meio da Comiss\u00e3o Municipal de An\u00e1lise e Julgamento da Lei Aldir Blanc, informa a todos os proponentes que apresentaram sua proposta em cumprimento ao Edital Criativo 001, 002 e 003\/2021, que o prazo final para presta\u00e7\u00e3o de contas , encerra-se no dia 30 de junho deste ano. Lei Aldir [&hellip;]<\/p>\n","protected":false},"author":2,"featured_media":22836,"comment_status":"open","ping_status":"open","sticky":false,"template":"","format":"standard","meta":{"_jetpack_newsletter_access":"","_jetpack_dont_email_post_to_subs":false,"_jetpack_newsletter_tier_id":0,"_jetpack_memberships_contains_paywalled_content":false,"_jetpack_memberships_contains_paid_content":false,"footnotes":""},"categories":[32,2,1],"tags":[1006,33,1007],"class_list":["post-22835","post","type-post","status-publish","format-standard","has-post-thumbnail","hentry","category-comunicado","category-destaque","category-noticias","tag-aldir-blanc","tag-comunicado","tag-prazo-final"],"jetpack_featured_media_url":"https:\/\/www.paudalho.pe.gov.br\/portal\/wp-content\/uploads\/2022\/06\/images-31.jpeg","jetpack_sharing_enabled":true,"jetpack_shortlink":"https:\/\/wp.me\/p98mS2-5Wj","_links":{"self":[{"href":"https:\/\/www.paudalho.pe.gov.br\/portal\/wp-json\/wp\/v2\/posts\/22835","targetHints":{"allow":["GET"]}}],"collection":[{"href":"https:\/\/www.paudalho.pe.gov.br\/portal\/wp-json\/wp\/v2\/posts"}],"about":[{"href":"https:\/\/www.paudalho.pe.gov.br\/portal\/wp-json\/wp\/v2\/types\/post"}],"author":[{"embeddable":true,"href":"https:\/\/www.paudalho.pe.gov.br\/portal\/wp-json\/wp\/v2\/users\/2"}],"replies":[{"embeddable":true,"href":"https:\/\/www.paudalho.pe.gov.br\/portal\/wp-json\/wp\/v2\/comments?post=22835"}],"version-history":[{"count":2,"href":"https:\/\/www.paudalho.pe.gov.br\/portal\/wp-json\/wp\/v2\/posts\/22835\/revisions"}],"predecessor-version":[{"id":22847,"href":"https:\/\/www.paudalho.pe.gov.br\/portal\/wp-json\/wp\/v2\/posts\/22835\/revisions\/22847"}],"wp:featuredmedia":[{"embeddable":true,"href":"https:\/\/www.paudalho.pe.gov.br\/portal\/wp-json\/wp\/v2\/media\/22836"}],"wp:attachment":[{"href":"https:\/\/www.paudalho.pe.gov.br\/portal\/wp-json\/wp\/v2\/media?parent=22835"}],"wp:term":[{"taxonomy":"category","embeddable":true,"href":"https:\/\/www.paudalho.pe.gov.br\/portal\/wp-json\/wp\/v2\/categories?post=22835"},{"taxonomy":"post_tag","embeddable":true,"href":"https:\/\/www.paudalho.pe.gov.br\/portal\/wp-json\/wp\/v2\/tags?post=22835"}],"curies":[{"name":"wp","href":"https:\/\/api.w.org\/{rel}","templated":true}]}}