{"id":22827,"date":"2022-06-27T15:33:22","date_gmt":"2022-06-27T18:33:22","guid":{"rendered":"https:\/\/www.paudalho.pe.gov.br\/portal\/?p=22827"},"modified":"2022-06-27T15:36:30","modified_gmt":"2022-06-27T18:36:30","slug":"intensivao-de-vacinacao-contra-a-covid-19-sera-realizado-em-cha-de-cruz-nesta-quarta-feira-29","status":"publish","type":"post","link":"https:\/\/www.paudalho.pe.gov.br\/portal\/intensivao-de-vacinacao-contra-a-covid-19-sera-realizado-em-cha-de-cruz-nesta-quarta-feira-29\/","title":{"rendered":"Intensiv\u00e3o de vacina\u00e7\u00e3o contra a Covid-19 ser\u00e1 realizado em Ch\u00e3 de Cruz, nesta quarta-feira (29)"},"content":{"rendered":"\n<p>A Prefeitura Municipal do Paudalho, por meio da Secretaria de Sa\u00fade, promove nesta quarta-feira (29) um intensiv\u00e3o de vacina\u00e7\u00e3o contra a Covid-19, em Ch\u00e3 de Cruz, na zona rural do munic\u00edpio.<\/p>\n\n\n\n<p>A a\u00e7\u00e3o ser\u00e1 para todas as faixas et\u00e1rias, a partir de 05 anos de idade. Durante o mutir\u00e3o, que ser\u00e1 na Unidade B\u00e1sica de Sa\u00fade (UBS) de Ch\u00e3 de Cruz, das 10h \u00e0s 17h, ser\u00e3o aplicadas a primeira, segunda, terceira e quarta doses da vacina.<\/p>\n\n\n\n<p>\u00c9 necess\u00e1rio levar o cart\u00e3o de vacina, CPF e registro das crian\u00e7as.<\/p>\n","protected":false},"excerpt":{"rendered":"<p>A Prefeitura Municipal do Paudalho, por meio da Secretaria de Sa\u00fade, promove nesta quarta-feira (29) um intensiv\u00e3o de vacina\u00e7\u00e3o contra a Covid-19, em Ch\u00e3 de Cruz, na zona rural do munic\u00edpio. A a\u00e7\u00e3o ser\u00e1 para todas as faixas et\u00e1rias, a partir de 05 anos de idade. Durante o mutir\u00e3o, que ser\u00e1 na Unidade B\u00e1sica de [&hellip;]<\/p>\n","protected":false},"author":2,"featured_media":22828,"comment_status":"open","ping_status":"open","sticky":false,"template":"","format":"standard","meta":{"_jetpack_newsletter_access":"","_jetpack_dont_email_post_to_subs":false,"_jetpack_newsletter_tier_id":0,"_jetpack_memberships_contains_paywalled_content":false,"_jetpack_memberships_contains_paid_content":false,"footnotes":""},"categories":[732,2],"tags":[100,622,881,314],"class_list":["post-22827","post","type-post","status-publish","format-standard","has-post-thumbnail","hentry","category-covid-19","category-destaque","tag-cha-de-cruz","tag-covid-19","tag-intensivao","tag-vacinacao"],"jetpack_featured_media_url":"https:\/\/www.paudalho.pe.gov.br\/portal\/wp-content\/uploads\/2022\/06\/vacinacaocovidguadalajara2-800x450-1.jpeg","jetpack_sharing_enabled":true,"jetpack_shortlink":"https:\/\/wp.me\/p98mS2-5Wb","_links":{"self":[{"href":"https:\/\/www.paudalho.pe.gov.br\/portal\/wp-json\/wp\/v2\/posts\/22827","targetHints":{"allow":["GET"]}}],"collection":[{"href":"https:\/\/www.paudalho.pe.gov.br\/portal\/wp-json\/wp\/v2\/posts"}],"about":[{"href":"https:\/\/www.paudalho.pe.gov.br\/portal\/wp-json\/wp\/v2\/types\/post"}],"author":[{"embeddable":true,"href":"https:\/\/www.paudalho.pe.gov.br\/portal\/wp-json\/wp\/v2\/users\/2"}],"replies":[{"embeddable":true,"href":"https:\/\/www.paudalho.pe.gov.br\/portal\/wp-json\/wp\/v2\/comments?post=22827"}],"version-history":[{"count":2,"href":"https:\/\/www.paudalho.pe.gov.br\/portal\/wp-json\/wp\/v2\/posts\/22827\/revisions"}],"predecessor-version":[{"id":22830,"href":"https:\/\/www.paudalho.pe.gov.br\/portal\/wp-json\/wp\/v2\/posts\/22827\/revisions\/22830"}],"wp:featuredmedia":[{"embeddable":true,"href":"https:\/\/www.paudalho.pe.gov.br\/portal\/wp-json\/wp\/v2\/media\/22828"}],"wp:attachment":[{"href":"https:\/\/www.paudalho.pe.gov.br\/portal\/wp-json\/wp\/v2\/media?parent=22827"}],"wp:term":[{"taxonomy":"category","embeddable":true,"href":"https:\/\/www.paudalho.pe.gov.br\/portal\/wp-json\/wp\/v2\/categories?post=22827"},{"taxonomy":"post_tag","embeddable":true,"href":"https:\/\/www.paudalho.pe.gov.br\/portal\/wp-json\/wp\/v2\/tags?post=22827"}],"curies":[{"name":"wp","href":"https:\/\/api.w.org\/{rel}","templated":true}]}}