{"id":22819,"date":"2022-06-23T14:52:59","date_gmt":"2022-06-23T17:52:59","guid":{"rendered":"https:\/\/www.paudalho.pe.gov.br\/portal\/?p=22819"},"modified":"2022-06-23T18:25:38","modified_gmt":"2022-06-23T21:25:38","slug":"pontos-turisticos-de-paudalho-terao-programacao-especial-e-funcionarao-durante-o-sao-joao","status":"publish","type":"post","link":"https:\/\/www.paudalho.pe.gov.br\/portal\/pontos-turisticos-de-paudalho-terao-programacao-especial-e-funcionarao-durante-o-sao-joao\/","title":{"rendered":"Pontos tur\u00edsticos de Paudalho ter\u00e3o programa\u00e7\u00e3o especial e funcionar\u00e3o durante o S\u00e3o Jo\u00e3o"},"content":{"rendered":"\n<p>O S\u00e3o Jo\u00e3o 2022 que seria promovido pela Prefeitura do Paudalho foi cancelado em decorr\u00eancia do estado de emerg\u00eancia causado pelas fortes chuvas que atingiram o munic\u00edpio no \u00faltimo m\u00eas, mas alguns pontos tur\u00edsticos estar\u00e3o realizando uma programa\u00e7\u00e3o especial para celebrar o per\u00edodo junino e receber os visitantes. <\/p>\n\n\n\n<p>Com sua beleza exuberante, o Hotel Fazenda O\u00e1sis realiza, de 23 a 26 de junho, uma agenda comemorativa com forr\u00f3 p\u00e9 de serra todos os dias e ter\u00e1 atra\u00e7\u00f5es como 3 do Norte, Nilo Urierge, Salu Vaqueiro e No M\u00eai do Mundo.<\/p>\n\n\n\n<p>No local, os visitantes encontrar\u00e3o decora\u00e7\u00e3o junina, comidas t\u00edpicas, servi\u00e7o de bar, piscina, cavalo, p\u00f4nei e charrete; poder\u00e3o visitar os animais rurais e ter\u00e3o acesso a milho para assar, sal\u00e3o de jogos, caiaque e pedalinho; e pescaria.<\/p>\n\n\n\n<p>De acordo com o propriet\u00e1rio do Hotel Fazenda O\u00e1sis, Gilson Costa, o equipamento j\u00e1 est\u00e1 com 100% de ocupa\u00e7\u00e3o na hospedagem. &#8220;O que temos ainda s\u00e3o vagas para o &#8216;Day Use&#8217; di\u00e1rio, de quinta a domingo; e noturno, de quinta e sexta. Neste momento, temos em m\u00e9dia 50 h\u00f3spedes. No &#8216;Day Use&#8217; depende do dia e do clima, mas acredito que teremos no m\u00ednimo umas 30 pessoas por dia, al\u00e9m dos h\u00f3spedes&#8221;, informou Gilson Costa.<\/p>\n\n\n\n<figure class=\"wp-block-image size-large\"><img loading=\"lazy\" decoding=\"async\" width=\"800\" height=\"450\" data-attachment-id=\"22823\" data-permalink=\"https:\/\/www.paudalho.pe.gov.br\/portal\/pontos-turisticos-de-paudalho-terao-programacao-especial-e-funcionarao-durante-o-sao-joao\/img-20220623-wa0263\/\" data-orig-file=\"https:\/\/www.paudalho.pe.gov.br\/portal\/wp-content\/uploads\/2022\/06\/IMG-20220623-WA0263.jpg\" data-orig-size=\"1024,1024\" data-comments-opened=\"1\" data-image-meta=\"{&quot;aperture&quot;:&quot;0&quot;,&quot;credit&quot;:&quot;&quot;,&quot;camera&quot;:&quot;&quot;,&quot;caption&quot;:&quot;&quot;,&quot;created_timestamp&quot;:&quot;0&quot;,&quot;copyright&quot;:&quot;&quot;,&quot;focal_length&quot;:&quot;0&quot;,&quot;iso&quot;:&quot;0&quot;,&quot;shutter_speed&quot;:&quot;0&quot;,&quot;title&quot;:&quot;&quot;,&quot;orientation&quot;:&quot;0&quot;}\" data-image-title=\"IMG-20220623-WA0263\" data-image-description=\"\" data-image-caption=\"\" data-medium-file=\"https:\/\/www.paudalho.pe.gov.br\/portal\/wp-content\/uploads\/2022\/06\/IMG-20220623-WA0263-350x230.jpg\" data-large-file=\"https:\/\/www.paudalho.pe.gov.br\/portal\/wp-content\/uploads\/2022\/06\/IMG-20220623-WA0263-800x450.jpg\" src=\"https:\/\/www.paudalho.pe.gov.br\/portal\/wp-content\/uploads\/2022\/06\/IMG-20220623-WA0263-800x450.jpg\" alt=\"\" class=\"wp-image-22823\"\/><figcaption><em>Passeios de caiaque e pedalinho podem ser feitos no Hotel Fazenda O\u00e1sis. Foto: Divulga\u00e7\u00e3o <\/em><\/figcaption><\/figure>\n\n\n\n<p>A Quinta da Margarida est\u00e1 com a acomoda\u00e7\u00f5es para os visitantes aproveitarem a ruralidade. Al\u00e9m disso, o equipamento oferecer\u00e1 uma agenda no m\u00eas de f\u00e9rias, julho. No dia 02 do pr\u00f3ximo m\u00eas, o Circo Cia Garrett promover\u00e1 um espet\u00e1culo no espa\u00e7o, oficinas e brincadeiras circenses. No intervalo, ter\u00e1 piquenique com a fam\u00edlia.<\/p>\n\n\n\n<p>Bateu aquela fome\u2026 O Panela Cheia Prime \u00e9 uma das op\u00e7\u00f5es de restaurante mais procurada em Paudalho. &#8220;Neste final de semana, come\u00e7ando na sexta, teremos m\u00fasica ao vivo e comida deliciosa para quem est\u00e1 aproveitando esse per\u00edodo junino na nossa cidade&#8221;, finalizou F\u00e1bio Trois, propriet\u00e1rio do Restaurante Panela Cheia.<\/p>\n","protected":false},"excerpt":{"rendered":"<p>O S\u00e3o Jo\u00e3o 2022 que seria promovido pela Prefeitura do Paudalho foi cancelado em decorr\u00eancia do estado de emerg\u00eancia causado pelas fortes chuvas que atingiram o munic\u00edpio no \u00faltimo m\u00eas, mas alguns pontos tur\u00edsticos estar\u00e3o realizando uma programa\u00e7\u00e3o especial para celebrar o per\u00edodo junino e receber os visitantes. Com sua beleza exuberante, o Hotel Fazenda [&hellip;]<\/p>\n","protected":false},"author":2,"featured_media":22820,"comment_status":"open","ping_status":"open","sticky":false,"template":"","format":"standard","meta":{"_jetpack_newsletter_access":"","_jetpack_dont_email_post_to_subs":false,"_jetpack_newsletter_tier_id":0,"_jetpack_memberships_contains_paywalled_content":false,"_jetpack_memberships_contains_paid_content":false,"footnotes":""},"categories":[2,749,800],"tags":[14,443,294,524],"class_list":["post-22819","post","type-post","status-publish","format-standard","has-post-thumbnail","hentry","category-destaque","category-sao-joao","category-turismo","tag-paudalho","tag-programacao","tag-sao-joao","tag-turismo"],"jetpack_featured_media_url":"https:\/\/www.paudalho.pe.gov.br\/portal\/wp-content\/uploads\/2022\/06\/images-26.jpeg","jetpack_sharing_enabled":true,"jetpack_shortlink":"https:\/\/wp.me\/p98mS2-5W3","_links":{"self":[{"href":"https:\/\/www.paudalho.pe.gov.br\/portal\/wp-json\/wp\/v2\/posts\/22819","targetHints":{"allow":["GET"]}}],"collection":[{"href":"https:\/\/www.paudalho.pe.gov.br\/portal\/wp-json\/wp\/v2\/posts"}],"about":[{"href":"https:\/\/www.paudalho.pe.gov.br\/portal\/wp-json\/wp\/v2\/types\/post"}],"author":[{"embeddable":true,"href":"https:\/\/www.paudalho.pe.gov.br\/portal\/wp-json\/wp\/v2\/users\/2"}],"replies":[{"embeddable":true,"href":"https:\/\/www.paudalho.pe.gov.br\/portal\/wp-json\/wp\/v2\/comments?post=22819"}],"version-history":[{"count":4,"href":"https:\/\/www.paudalho.pe.gov.br\/portal\/wp-json\/wp\/v2\/posts\/22819\/revisions"}],"predecessor-version":[{"id":22825,"href":"https:\/\/www.paudalho.pe.gov.br\/portal\/wp-json\/wp\/v2\/posts\/22819\/revisions\/22825"}],"wp:featuredmedia":[{"embeddable":true,"href":"https:\/\/www.paudalho.pe.gov.br\/portal\/wp-json\/wp\/v2\/media\/22820"}],"wp:attachment":[{"href":"https:\/\/www.paudalho.pe.gov.br\/portal\/wp-json\/wp\/v2\/media?parent=22819"}],"wp:term":[{"taxonomy":"category","embeddable":true,"href":"https:\/\/www.paudalho.pe.gov.br\/portal\/wp-json\/wp\/v2\/categories?post=22819"},{"taxonomy":"post_tag","embeddable":true,"href":"https:\/\/www.paudalho.pe.gov.br\/portal\/wp-json\/wp\/v2\/tags?post=22819"}],"curies":[{"name":"wp","href":"https:\/\/api.w.org\/{rel}","templated":true}]}}