{"id":22800,"date":"2022-06-21T09:01:34","date_gmt":"2022-06-21T12:01:34","guid":{"rendered":"https:\/\/www.paudalho.pe.gov.br\/portal\/?p=22800"},"modified":"2022-06-21T23:30:25","modified_gmt":"2022-06-22T02:30:25","slug":"paudalho-comeca-aplicar-a-quarta-dose-da-vacina-contra-a-covid-19-para-pessoas-a-partir-dos-40","status":"publish","type":"post","link":"https:\/\/www.paudalho.pe.gov.br\/portal\/paudalho-comeca-aplicar-a-quarta-dose-da-vacina-contra-a-covid-19-para-pessoas-a-partir-dos-40\/","title":{"rendered":"Paudalho come\u00e7a aplicar a quarta dose da vacina contra a Covid-19 para pessoas a partir dos 40"},"content":{"rendered":"\n<p>A Prefeitura Municipal do Paudalho, por meio da Secretaria Municipal de Sa\u00fade, informa que a quarta dose da vacina contra a Covid-19 est\u00e1 sendo aplicada, no munic\u00edpio, em pessoas a partir dos 40 anos de idade e que j\u00e1 tomaram a terceira dose h\u00e1 pelo menos quatro meses.<\/p>\n\n\n\n<p>Todas as Unidades B\u00e1sicas de Sa\u00fade (UBS&#8217;s) est\u00e3o abastecidas com as vacinas. Al\u00e9m disso, as doses podem ser encontradas no drive-thru da Prefeitura, situado em frente \u00e0 Secretaria de Sa\u00fade, nos dias de segunda, quarta e sexta,  das 16h \u00e0s 20h. Quando for se imunizar, \u00e9 necess\u00e1rio levar o cart\u00e3o de vacina e o CPF<\/p>\n","protected":false},"excerpt":{"rendered":"<p>A Prefeitura Municipal do Paudalho, por meio da Secretaria Municipal de Sa\u00fade, informa que a quarta dose da vacina contra a Covid-19 est\u00e1 sendo aplicada, no munic\u00edpio, em pessoas a partir dos 40 anos de idade e que j\u00e1 tomaram a terceira dose h\u00e1 pelo menos quatro meses. Todas as Unidades B\u00e1sicas de Sa\u00fade (UBS&#8217;s) [&hellip;]<\/p>\n","protected":false},"author":2,"featured_media":22801,"comment_status":"open","ping_status":"open","sticky":false,"template":"","format":"standard","meta":{"_jetpack_newsletter_access":"","_jetpack_dont_email_post_to_subs":false,"_jetpack_newsletter_tier_id":0,"_jetpack_memberships_contains_paywalled_content":false,"_jetpack_memberships_contains_paid_content":false,"footnotes":""},"categories":[732,2,3],"tags":[1004,622,14,15,897],"class_list":["post-22800","post","type-post","status-publish","format-standard","has-post-thumbnail","hentry","category-covid-19","category-destaque","category-saude","tag-40-anos","tag-covid-19","tag-paudalho","tag-prefeitura","tag-vacina"],"jetpack_featured_media_url":"https:\/\/www.paudalho.pe.gov.br\/portal\/wp-content\/uploads\/2022\/06\/whatsapp-image-2022-06-14-at-12.33.56.jpeg","jetpack_sharing_enabled":true,"jetpack_shortlink":"https:\/\/wp.me\/p98mS2-5VK","_links":{"self":[{"href":"https:\/\/www.paudalho.pe.gov.br\/portal\/wp-json\/wp\/v2\/posts\/22800","targetHints":{"allow":["GET"]}}],"collection":[{"href":"https:\/\/www.paudalho.pe.gov.br\/portal\/wp-json\/wp\/v2\/posts"}],"about":[{"href":"https:\/\/www.paudalho.pe.gov.br\/portal\/wp-json\/wp\/v2\/types\/post"}],"author":[{"embeddable":true,"href":"https:\/\/www.paudalho.pe.gov.br\/portal\/wp-json\/wp\/v2\/users\/2"}],"replies":[{"embeddable":true,"href":"https:\/\/www.paudalho.pe.gov.br\/portal\/wp-json\/wp\/v2\/comments?post=22800"}],"version-history":[{"count":5,"href":"https:\/\/www.paudalho.pe.gov.br\/portal\/wp-json\/wp\/v2\/posts\/22800\/revisions"}],"predecessor-version":[{"id":22817,"href":"https:\/\/www.paudalho.pe.gov.br\/portal\/wp-json\/wp\/v2\/posts\/22800\/revisions\/22817"}],"wp:featuredmedia":[{"embeddable":true,"href":"https:\/\/www.paudalho.pe.gov.br\/portal\/wp-json\/wp\/v2\/media\/22801"}],"wp:attachment":[{"href":"https:\/\/www.paudalho.pe.gov.br\/portal\/wp-json\/wp\/v2\/media?parent=22800"}],"wp:term":[{"taxonomy":"category","embeddable":true,"href":"https:\/\/www.paudalho.pe.gov.br\/portal\/wp-json\/wp\/v2\/categories?post=22800"},{"taxonomy":"post_tag","embeddable":true,"href":"https:\/\/www.paudalho.pe.gov.br\/portal\/wp-json\/wp\/v2\/tags?post=22800"}],"curies":[{"name":"wp","href":"https:\/\/api.w.org\/{rel}","templated":true}]}}