{"id":22785,"date":"2022-06-15T20:23:56","date_gmt":"2022-06-15T23:23:56","guid":{"rendered":"https:\/\/www.paudalho.pe.gov.br\/portal\/?p=22785"},"modified":"2022-06-15T20:38:57","modified_gmt":"2022-06-15T23:38:57","slug":"prefeitura-do-paudalho-nao-funcionara-no-dia-de-corpus-christi-servicos-essenciais-estarao-disponiveis","status":"publish","type":"post","link":"https:\/\/www.paudalho.pe.gov.br\/portal\/prefeitura-do-paudalho-nao-funcionara-no-dia-de-corpus-christi-servicos-essenciais-estarao-disponiveis\/","title":{"rendered":"Prefeitura do Paudalho n\u00e3o funcionar\u00e1 no Dia de Corpus Christi; Servi\u00e7os essenciais estar\u00e3o dispon\u00edveis"},"content":{"rendered":"\n<p>A Prefeitura do Paudalho informa que o Dia de Corpus Christi, celebrado nesta quinta-feira (16), seguir\u00e1, no Munic\u00edpio, os moldes do feriado nacional nas reparti\u00e7\u00f5es p\u00fablicas e entidades da administra\u00e7\u00e3o direta e indireta municipal.<\/p>\n\n\n\n<p>Por isso, n\u00e3o haver\u00e1 atendimento ao p\u00fablico na Prefeitura do Paudalho, com exce\u00e7\u00e3o dos servi\u00e7os cujo funcionamento seja indispens\u00e1vel no per\u00edodo de estado de emerg\u00eancia provocado pelas fortes chuvas.<\/p>\n\n\n\n<p>Todos os demais servi\u00e7os oferecidos pela Prefeitura Municipal do Paudalho voltam as suas atividades normais nesta sexta-feira (17).<\/p>\n\n\n\n<p>Confira a nota informativa no link: <\/p>\n\n\n\n<div data-wp-interactive=\"core\/file\" class=\"wp-block-file\"><object data-wp-bind--hidden=\"!state.hasPdfPreview\" hidden class=\"wp-block-file__embed\" data=\"https:\/\/www.paudalho.pe.gov.br\/portal\/wp-content\/uploads\/2022\/06\/NOTA-INFORMATIVA-1-CORPUS-CHRISTI.pdf\" type=\"application\/pdf\" style=\"width:100%;height:600px\" aria-label=\"Incorporado de Incorporado de NOTA-INFORMATIVA-1-CORPUS-CHRISTI..\"><\/object><a id=\"wp-block-file--media-85645a53-f5ea-471a-a331-ab45db168bc1\" href=\"https:\/\/www.paudalho.pe.gov.br\/portal\/wp-content\/uploads\/2022\/06\/NOTA-INFORMATIVA-1-CORPUS-CHRISTI.pdf\">NOTA-INFORMATIVA-1-CORPUS-CHRISTI<\/a><a href=\"https:\/\/www.paudalho.pe.gov.br\/portal\/wp-content\/uploads\/2022\/06\/NOTA-INFORMATIVA-1-CORPUS-CHRISTI.pdf\" class=\"wp-block-file__button\" download aria-describedby=\"wp-block-file--media-85645a53-f5ea-471a-a331-ab45db168bc1\">Baixar<\/a><\/div>\n","protected":false},"excerpt":{"rendered":"<p>A Prefeitura do Paudalho informa que o Dia de Corpus Christi, celebrado nesta quinta-feira (16), seguir\u00e1, no Munic\u00edpio, os moldes do feriado nacional nas reparti\u00e7\u00f5es p\u00fablicas e entidades da administra\u00e7\u00e3o direta e indireta municipal. Por isso, n\u00e3o haver\u00e1 atendimento ao p\u00fablico na Prefeitura do Paudalho, com exce\u00e7\u00e3o dos servi\u00e7os cujo funcionamento seja indispens\u00e1vel no per\u00edodo [&hellip;]<\/p>\n","protected":false},"author":2,"featured_media":22787,"comment_status":"open","ping_status":"open","sticky":false,"template":"","format":"standard","meta":{"_jetpack_newsletter_access":"","_jetpack_dont_email_post_to_subs":false,"_jetpack_newsletter_tier_id":0,"_jetpack_memberships_contains_paywalled_content":false,"_jetpack_memberships_contains_paid_content":false,"footnotes":""},"categories":[32,2],"tags":[1000,930,14,15],"class_list":["post-22785","post","type-post","status-publish","format-standard","has-post-thumbnail","hentry","category-comunicado","category-destaque","tag-corpus","tag-dia","tag-paudalho","tag-prefeitura"],"jetpack_featured_media_url":"https:\/\/www.paudalho.pe.gov.br\/portal\/wp-content\/uploads\/2022\/06\/images-22.jpeg","jetpack_sharing_enabled":true,"jetpack_shortlink":"https:\/\/wp.me\/p98mS2-5Vv","_links":{"self":[{"href":"https:\/\/www.paudalho.pe.gov.br\/portal\/wp-json\/wp\/v2\/posts\/22785","targetHints":{"allow":["GET"]}}],"collection":[{"href":"https:\/\/www.paudalho.pe.gov.br\/portal\/wp-json\/wp\/v2\/posts"}],"about":[{"href":"https:\/\/www.paudalho.pe.gov.br\/portal\/wp-json\/wp\/v2\/types\/post"}],"author":[{"embeddable":true,"href":"https:\/\/www.paudalho.pe.gov.br\/portal\/wp-json\/wp\/v2\/users\/2"}],"replies":[{"embeddable":true,"href":"https:\/\/www.paudalho.pe.gov.br\/portal\/wp-json\/wp\/v2\/comments?post=22785"}],"version-history":[{"count":3,"href":"https:\/\/www.paudalho.pe.gov.br\/portal\/wp-json\/wp\/v2\/posts\/22785\/revisions"}],"predecessor-version":[{"id":22790,"href":"https:\/\/www.paudalho.pe.gov.br\/portal\/wp-json\/wp\/v2\/posts\/22785\/revisions\/22790"}],"wp:featuredmedia":[{"embeddable":true,"href":"https:\/\/www.paudalho.pe.gov.br\/portal\/wp-json\/wp\/v2\/media\/22787"}],"wp:attachment":[{"href":"https:\/\/www.paudalho.pe.gov.br\/portal\/wp-json\/wp\/v2\/media?parent=22785"}],"wp:term":[{"taxonomy":"category","embeddable":true,"href":"https:\/\/www.paudalho.pe.gov.br\/portal\/wp-json\/wp\/v2\/categories?post=22785"},{"taxonomy":"post_tag","embeddable":true,"href":"https:\/\/www.paudalho.pe.gov.br\/portal\/wp-json\/wp\/v2\/tags?post=22785"}],"curies":[{"name":"wp","href":"https:\/\/api.w.org\/{rel}","templated":true}]}}