{"id":22694,"date":"2022-06-14T08:37:18","date_gmt":"2022-06-14T11:37:18","guid":{"rendered":"https:\/\/www.paudalho.pe.gov.br\/portal\/?p=22694"},"modified":"2022-06-14T09:41:16","modified_gmt":"2022-06-14T12:41:16","slug":"paudalho-promove-intensivao-de-vacinacao-nesta-quarta-feira-15","status":"publish","type":"post","link":"https:\/\/www.paudalho.pe.gov.br\/portal\/paudalho-promove-intensivao-de-vacinacao-nesta-quarta-feira-15\/","title":{"rendered":"Paudalho promove &#8216;intensiv\u00e3o de vacina\u00e7\u00e3o&#8217; nesta quarta-feira (15)"},"content":{"rendered":"\n<p>Vacinas contra a Covid-19, a Influenzae (gripe) e o Sarampo ser\u00e3o aplicadas nesta quarta-feira (15) durante o &#8216;intensiv\u00e3o de vacina\u00e7\u00e3o&#8217; promovido pela Prefeitura do Paudalho, por meio da Secretaria Municipal de Sa\u00fade. A a\u00e7\u00e3o ser\u00e1 realizada no drive-thru do Munic\u00edpio, situado no centro da cidade, das 14h \u00e0s 20h.\u00a0<\/p>\n\n\n\n<p>Confira abaixo quais os p\u00fablicos-alvo da imuniza\u00e7\u00e3o:\u00a0<\/p>\n\n\n\n<p><strong>Covid-19<\/strong><br>Crian\u00e7a com mais de 05 anos<br>Dose de refor\u00e7o para crian\u00e7as com mais de 12 anos<br>Terceira dose para jovens com mais de 18 anos<br>Quarta dose para pessoas acima dos 50 anos e profissionais de sa\u00fade<\/p>\n\n\n\n<p><strong>Influenzae (gripe)<\/strong><br>Idosos com mais de 60 anos<br>Profissionais de Sa\u00fade<br>Gestantes<\/p>\n\n\n\n<p><strong>Sarampo<\/strong><br>Crian\u00e7as de 06 meses a menores de 05 anos<br>Profissionais de Sa\u00fade<\/p>\n\n\n\n<p><\/p>\n\n\n\n<p><\/p>\n\n\n\n<p><\/p>\n\n\n\n<p>\u00a0<\/p>\n\n\n\n<p><\/p>\n\n\n\n<p><\/p>\n\n\n\n<p>\u00a0<\/p>\n\n\n\n<p><br><\/p>\n\n\n\n<p><\/p>\n\n\n\n<p><\/p>\n","protected":false},"excerpt":{"rendered":"<p>Vacinas contra a Covid-19, a Influenzae (gripe) e o Sarampo ser\u00e3o aplicadas nesta quarta-feira (15) durante o &#8216;intensiv\u00e3o de vacina\u00e7\u00e3o&#8217; promovido pela Prefeitura do Paudalho, por meio da Secretaria Municipal de Sa\u00fade. A a\u00e7\u00e3o ser\u00e1 realizada no drive-thru do Munic\u00edpio, situado no centro da cidade, das 14h \u00e0s 20h.\u00a0 Confira abaixo quais os p\u00fablicos-alvo da [&hellip;]<\/p>\n","protected":false},"author":2,"featured_media":22695,"comment_status":"open","ping_status":"open","sticky":false,"template":"","format":"standard","meta":{"_jetpack_newsletter_access":"","_jetpack_dont_email_post_to_subs":false,"_jetpack_newsletter_tier_id":0,"_jetpack_memberships_contains_paywalled_content":false,"_jetpack_memberships_contains_paid_content":false,"footnotes":""},"categories":[2,3],"tags":[881,14,314],"class_list":["post-22694","post","type-post","status-publish","format-standard","has-post-thumbnail","hentry","category-destaque","category-saude","tag-intensivao","tag-paudalho","tag-vacinacao"],"jetpack_featured_media_url":"https:\/\/www.paudalho.pe.gov.br\/portal\/wp-content\/uploads\/2022\/06\/images-21.jpeg","jetpack_sharing_enabled":true,"jetpack_shortlink":"https:\/\/wp.me\/p98mS2-5U2","_links":{"self":[{"href":"https:\/\/www.paudalho.pe.gov.br\/portal\/wp-json\/wp\/v2\/posts\/22694","targetHints":{"allow":["GET"]}}],"collection":[{"href":"https:\/\/www.paudalho.pe.gov.br\/portal\/wp-json\/wp\/v2\/posts"}],"about":[{"href":"https:\/\/www.paudalho.pe.gov.br\/portal\/wp-json\/wp\/v2\/types\/post"}],"author":[{"embeddable":true,"href":"https:\/\/www.paudalho.pe.gov.br\/portal\/wp-json\/wp\/v2\/users\/2"}],"replies":[{"embeddable":true,"href":"https:\/\/www.paudalho.pe.gov.br\/portal\/wp-json\/wp\/v2\/comments?post=22694"}],"version-history":[{"count":4,"href":"https:\/\/www.paudalho.pe.gov.br\/portal\/wp-json\/wp\/v2\/posts\/22694\/revisions"}],"predecessor-version":[{"id":22699,"href":"https:\/\/www.paudalho.pe.gov.br\/portal\/wp-json\/wp\/v2\/posts\/22694\/revisions\/22699"}],"wp:featuredmedia":[{"embeddable":true,"href":"https:\/\/www.paudalho.pe.gov.br\/portal\/wp-json\/wp\/v2\/media\/22695"}],"wp:attachment":[{"href":"https:\/\/www.paudalho.pe.gov.br\/portal\/wp-json\/wp\/v2\/media?parent=22694"}],"wp:term":[{"taxonomy":"category","embeddable":true,"href":"https:\/\/www.paudalho.pe.gov.br\/portal\/wp-json\/wp\/v2\/categories?post=22694"},{"taxonomy":"post_tag","embeddable":true,"href":"https:\/\/www.paudalho.pe.gov.br\/portal\/wp-json\/wp\/v2\/tags?post=22694"}],"curies":[{"name":"wp","href":"https:\/\/api.w.org\/{rel}","templated":true}]}}