{"id":22674,"date":"2022-06-08T15:10:09","date_gmt":"2022-06-08T18:10:09","guid":{"rendered":"https:\/\/www.paudalho.pe.gov.br\/portal\/?p=22674"},"modified":"2022-06-08T15:11:44","modified_gmt":"2022-06-08T18:11:44","slug":"familias-desabrigadas-recebem-aluguel-social-e-abrigos-temporarios-sao-desativados-em-paudalho","status":"publish","type":"post","link":"https:\/\/www.paudalho.pe.gov.br\/portal\/familias-desabrigadas-recebem-aluguel-social-e-abrigos-temporarios-sao-desativados-em-paudalho\/","title":{"rendered":"Fam\u00edlias desabrigadas recebem aluguel social, cesta b\u00e1sica e abrigos tempor\u00e1rios s\u00e3o desativados, em Paudalho"},"content":{"rendered":"\n<p>Fam\u00edlias desabrigadas em decorr\u00eancia dos impactos das fortes chuvas, e que estavam sendo acompanhadas pelos abrigos tempor\u00e1rios da Prefeitura do Paudalho &#8211; de Guadalajara e do Centro -,&nbsp; foram contempladas com o aluguel social, concedido pelo Munic\u00edpio, e receberam cestas b\u00e1sicas e donativos.<\/p>\n\n\n\n<p>Ap\u00f3s essa a\u00e7\u00e3o, esses dois abrigos provis\u00f3rios foram desativados &#8211; o da Creche Municipal Leonel Francisco Soares e do Col\u00e9gio Tancredo Neves. O valor do aluguel social varia de R$ 250 a 350, a depender da composi\u00e7\u00e3o familiar, conforme informa\u00e7\u00f5es da Secretaria Municipal de Assist\u00eancia.<\/p>\n\n\n\n<p><strong>Solidariedade:<\/strong><\/p>\n\n\n\n<p>A Prefeitura do Paudalho lan\u00e7ou na \u00faltima semana a campanha &#8216;Paudalho Solid\u00e1rio&#8217; para arrecadar alimentos, roupas, len\u00e7\u00f3is, colch\u00e3o, \u00e1gua, entre outros donativos para as fam\u00edlias que perderam tudo devido os impactos das fortes chuvas. As doa\u00e7\u00f5es podem ser feitas na sede da Prefeitura ou em qualquer secretaria municipal.<\/p>\n\n\n\n<p>Todos os materiais arrecadados s\u00e3o encaminhados para a Central de Distribui\u00e7\u00e3o da Prefeitura, onde s\u00e3o organizados e estocados de forma correta. Em seguida, s\u00e3o levados at\u00e9 \u00e0s fam\u00edlias que necessitam. <\/p>\n","protected":false},"excerpt":{"rendered":"<p>Fam\u00edlias desabrigadas em decorr\u00eancia dos impactos das fortes chuvas, e que estavam sendo acompanhadas pelos abrigos tempor\u00e1rios da Prefeitura do Paudalho &#8211; de Guadalajara e do Centro -,&nbsp; foram contempladas com o aluguel social, concedido pelo Munic\u00edpio, e receberam cestas b\u00e1sicas e donativos. Ap\u00f3s essa a\u00e7\u00e3o, esses dois abrigos provis\u00f3rios foram desativados &#8211; o da [&hellip;]<\/p>\n","protected":false},"author":2,"featured_media":22675,"comment_status":"open","ping_status":"open","sticky":false,"template":"","format":"standard","meta":{"_jetpack_newsletter_access":"","_jetpack_dont_email_post_to_subs":false,"_jetpack_newsletter_tier_id":0,"_jetpack_memberships_contains_paywalled_content":false,"_jetpack_memberships_contains_paid_content":false,"footnotes":""},"categories":[850,2],"tags":[871],"class_list":["post-22674","post","type-post","status-publish","format-standard","has-post-thumbnail","hentry","category-assistencia-social","category-destaque","tag-familias"],"jetpack_featured_media_url":"https:\/\/www.paudalho.pe.gov.br\/portal\/wp-content\/uploads\/2022\/06\/IMG-20220603-WA0393.jpg","jetpack_sharing_enabled":true,"jetpack_shortlink":"https:\/\/wp.me\/p98mS2-5TI","_links":{"self":[{"href":"https:\/\/www.paudalho.pe.gov.br\/portal\/wp-json\/wp\/v2\/posts\/22674","targetHints":{"allow":["GET"]}}],"collection":[{"href":"https:\/\/www.paudalho.pe.gov.br\/portal\/wp-json\/wp\/v2\/posts"}],"about":[{"href":"https:\/\/www.paudalho.pe.gov.br\/portal\/wp-json\/wp\/v2\/types\/post"}],"author":[{"embeddable":true,"href":"https:\/\/www.paudalho.pe.gov.br\/portal\/wp-json\/wp\/v2\/users\/2"}],"replies":[{"embeddable":true,"href":"https:\/\/www.paudalho.pe.gov.br\/portal\/wp-json\/wp\/v2\/comments?post=22674"}],"version-history":[{"count":2,"href":"https:\/\/www.paudalho.pe.gov.br\/portal\/wp-json\/wp\/v2\/posts\/22674\/revisions"}],"predecessor-version":[{"id":22677,"href":"https:\/\/www.paudalho.pe.gov.br\/portal\/wp-json\/wp\/v2\/posts\/22674\/revisions\/22677"}],"wp:featuredmedia":[{"embeddable":true,"href":"https:\/\/www.paudalho.pe.gov.br\/portal\/wp-json\/wp\/v2\/media\/22675"}],"wp:attachment":[{"href":"https:\/\/www.paudalho.pe.gov.br\/portal\/wp-json\/wp\/v2\/media?parent=22674"}],"wp:term":[{"taxonomy":"category","embeddable":true,"href":"https:\/\/www.paudalho.pe.gov.br\/portal\/wp-json\/wp\/v2\/categories?post=22674"},{"taxonomy":"post_tag","embeddable":true,"href":"https:\/\/www.paudalho.pe.gov.br\/portal\/wp-json\/wp\/v2\/tags?post=22674"}],"curies":[{"name":"wp","href":"https:\/\/api.w.org\/{rel}","templated":true}]}}