{"id":22650,"date":"2022-06-06T10:46:34","date_gmt":"2022-06-06T13:46:34","guid":{"rendered":"https:\/\/www.paudalho.pe.gov.br\/portal\/?p=22650"},"modified":"2022-06-06T10:48:06","modified_gmt":"2022-06-06T13:48:06","slug":"vacinacao-contra-a-influenza-e-o-sarampo-e-prorrogada-por-mais-30-dias-em-paudalho","status":"publish","type":"post","link":"https:\/\/www.paudalho.pe.gov.br\/portal\/vacinacao-contra-a-influenza-e-o-sarampo-e-prorrogada-por-mais-30-dias-em-paudalho\/","title":{"rendered":"Vacina\u00e7\u00e3o contra a Influenza e o Sarampo \u00e9 prorrogada por mais 30 dias, em Paudalho"},"content":{"rendered":"\n<p><\/p>\n\n\n\n<p>A imuniza\u00e7\u00e3o contra a Influenza (gripe) e o Sarampo foi prorrogada por mais 30 dias, em Paudalho. Os grupos priorit\u00e1rios dessa etapa de vacina\u00e7\u00e3o s\u00e3o as crian\u00e7as de 06 meses a menores de 05 anos, idosos, mulheres gr\u00e1vidas e pessoas com condi\u00e7\u00f5es cl\u00ednicas especiais.<\/p>\n\n\n\n<p>Todas as Unidades B\u00e1sicas de Sa\u00fade (UBS&#8217;s) do munic\u00edpio est\u00e3o abastecidas com as doses das duas vacinas, de acordo com informa\u00e7\u00f5es da Secretaria Municipal de Sa\u00fade.<\/p>\n\n\n\n<p>&#8220;Quem faz parte dos grupos priorit\u00e1rios, \u00e9 s\u00f3 ir na UBS mais pr\u00f3xima da sua resid\u00eancia e levar cart\u00e3o de vacina, CPF, RG ou registro de nascimento das crian\u00e7as. Durante todo o m\u00eas de junho, essas vacinas estar\u00e3o dispon\u00edveis&#8221;, garantiu Anielle Rosa Louren\u00e7o, coordenador do Plano Nacional de Imuniza\u00e7\u00e3o (PNI) em Paudalho.<\/p>\n\n\n\n<p>No \u00faltimo dia 31 de maio, a Prefeitura do Paudalho realizou o Dia D de Vacina\u00e7\u00e3o Contra a Influenza e o Sarampo. O objetivo da a\u00e7\u00e3o foi estimular a imuniza\u00e7\u00e3o do maior n\u00famero de pessoas poss\u00edveis.<\/p>\n","protected":false},"excerpt":{"rendered":"<p>A imuniza\u00e7\u00e3o contra a Influenza (gripe) e o Sarampo foi prorrogada por mais 30 dias, em Paudalho. Os grupos priorit\u00e1rios dessa etapa de vacina\u00e7\u00e3o s\u00e3o as crian\u00e7as de 06 meses a menores de 05 anos, idosos, mulheres gr\u00e1vidas e pessoas com condi\u00e7\u00f5es cl\u00ednicas especiais. Todas as Unidades B\u00e1sicas de Sa\u00fade (UBS&#8217;s) do munic\u00edpio est\u00e3o abastecidas [&hellip;]<\/p>\n","protected":false},"author":2,"featured_media":22651,"comment_status":"open","ping_status":"open","sticky":false,"template":"","format":"standard","meta":{"_jetpack_newsletter_access":"","_jetpack_dont_email_post_to_subs":false,"_jetpack_newsletter_tier_id":0,"_jetpack_memberships_contains_paywalled_content":false,"_jetpack_memberships_contains_paid_content":false,"footnotes":""},"categories":[2,3],"tags":[14,314],"class_list":["post-22650","post","type-post","status-publish","format-standard","has-post-thumbnail","hentry","category-destaque","category-saude","tag-paudalho","tag-vacinacao"],"jetpack_featured_media_url":"https:\/\/www.paudalho.pe.gov.br\/portal\/wp-content\/uploads\/2022\/06\/images-20.jpeg","jetpack_sharing_enabled":true,"jetpack_shortlink":"https:\/\/wp.me\/p98mS2-5Tk","_links":{"self":[{"href":"https:\/\/www.paudalho.pe.gov.br\/portal\/wp-json\/wp\/v2\/posts\/22650","targetHints":{"allow":["GET"]}}],"collection":[{"href":"https:\/\/www.paudalho.pe.gov.br\/portal\/wp-json\/wp\/v2\/posts"}],"about":[{"href":"https:\/\/www.paudalho.pe.gov.br\/portal\/wp-json\/wp\/v2\/types\/post"}],"author":[{"embeddable":true,"href":"https:\/\/www.paudalho.pe.gov.br\/portal\/wp-json\/wp\/v2\/users\/2"}],"replies":[{"embeddable":true,"href":"https:\/\/www.paudalho.pe.gov.br\/portal\/wp-json\/wp\/v2\/comments?post=22650"}],"version-history":[{"count":2,"href":"https:\/\/www.paudalho.pe.gov.br\/portal\/wp-json\/wp\/v2\/posts\/22650\/revisions"}],"predecessor-version":[{"id":22653,"href":"https:\/\/www.paudalho.pe.gov.br\/portal\/wp-json\/wp\/v2\/posts\/22650\/revisions\/22653"}],"wp:featuredmedia":[{"embeddable":true,"href":"https:\/\/www.paudalho.pe.gov.br\/portal\/wp-json\/wp\/v2\/media\/22651"}],"wp:attachment":[{"href":"https:\/\/www.paudalho.pe.gov.br\/portal\/wp-json\/wp\/v2\/media?parent=22650"}],"wp:term":[{"taxonomy":"category","embeddable":true,"href":"https:\/\/www.paudalho.pe.gov.br\/portal\/wp-json\/wp\/v2\/categories?post=22650"},{"taxonomy":"post_tag","embeddable":true,"href":"https:\/\/www.paudalho.pe.gov.br\/portal\/wp-json\/wp\/v2\/tags?post=22650"}],"curies":[{"name":"wp","href":"https:\/\/api.w.org\/{rel}","templated":true}]}}