{"id":22623,"date":"2022-06-01T17:01:58","date_gmt":"2022-06-01T20:01:58","guid":{"rendered":"https:\/\/www.paudalho.pe.gov.br\/portal\/?p=22623"},"modified":"2022-06-01T17:01:58","modified_gmt":"2022-06-01T20:01:58","slug":"paudalho-promove-dia-d-de-vacinacao-infantil-contra-a-covid-19-nesta-quinta-feira-02","status":"publish","type":"post","link":"https:\/\/www.paudalho.pe.gov.br\/portal\/paudalho-promove-dia-d-de-vacinacao-infantil-contra-a-covid-19-nesta-quinta-feira-02\/","title":{"rendered":"Paudalho promove Dia D de Vacina\u00e7\u00e3o Infantil Contra a Covid-19 nesta quinta-feira (02)"},"content":{"rendered":"\n<p>A Prefeitura do Paudalho, por meio da Secretaria Municipal de Sa\u00fade, promove, nesta quinta-feira (02), o Dia D de Vacina\u00e7\u00e3o Infantil Contra a Covid-19. Crian\u00e7as de 05 a 11 anos dever\u00e3o ser imunizadas contra a doen\u00e7a.<\/p>\n\n\n\n<p>A vacina\u00e7\u00e3o ser\u00e1 realizada em todas as Unidades B\u00e1sica de Sa\u00fade (UBS) do Paudalho, das 08h \u00e0s 12h. No per\u00edodo da tarde, das 14h \u00e0s 18h, a imuniza\u00e7\u00e3o acontecer\u00e1 no drive-thru da Prefeitura, situado na sede da Secretaria Municipal de Sa\u00fade, no Centro do Paudalho.<\/p>\n\n\n\n<p>&#8220;Essa \u00e9 uma forma de estimular os pais a levarem seus filhos para se vacinar. Temos que proteger nossas crian\u00e7as contra a Covid-19, que fez e ainda faz muitas v\u00edtimas em nosso pa\u00eds e no mundo&#8221;, afirmou Anielle Rosa Louren\u00e7o, coordenadora do Plano Nacional de Imuniza\u00e7\u00e3o (PNI) do Paudalho.<\/p>\n\n\n\n<p>\u00c9 necess\u00e1rio levar o cart\u00e3o de vacina, RG, CPF ou registro do (a) filho (a).<\/p>\n","protected":false},"excerpt":{"rendered":"<p>A Prefeitura do Paudalho, por meio da Secretaria Municipal de Sa\u00fade, promove, nesta quinta-feira (02), o Dia D de Vacina\u00e7\u00e3o Infantil Contra a Covid-19. Crian\u00e7as de 05 a 11 anos dever\u00e3o ser imunizadas contra a doen\u00e7a. A vacina\u00e7\u00e3o ser\u00e1 realizada em todas as Unidades B\u00e1sica de Sa\u00fade (UBS) do Paudalho, das 08h \u00e0s 12h. No [&hellip;]<\/p>\n","protected":false},"author":2,"featured_media":22624,"comment_status":"open","ping_status":"open","sticky":false,"template":"","format":"standard","meta":{"_jetpack_newsletter_access":"","_jetpack_dont_email_post_to_subs":false,"_jetpack_newsletter_tier_id":0,"_jetpack_memberships_contains_paywalled_content":false,"_jetpack_memberships_contains_paid_content":false,"footnotes":""},"categories":[732,2,3],"tags":[916,14,897],"class_list":["post-22623","post","type-post","status-publish","format-standard","has-post-thumbnail","hentry","category-covid-19","category-destaque","category-saude","tag-dia-d","tag-paudalho","tag-vacina"],"jetpack_featured_media_url":"https:\/\/www.paudalho.pe.gov.br\/portal\/wp-content\/uploads\/2022\/06\/images-15.jpeg","jetpack_sharing_enabled":true,"jetpack_shortlink":"https:\/\/wp.me\/p98mS2-5ST","_links":{"self":[{"href":"https:\/\/www.paudalho.pe.gov.br\/portal\/wp-json\/wp\/v2\/posts\/22623","targetHints":{"allow":["GET"]}}],"collection":[{"href":"https:\/\/www.paudalho.pe.gov.br\/portal\/wp-json\/wp\/v2\/posts"}],"about":[{"href":"https:\/\/www.paudalho.pe.gov.br\/portal\/wp-json\/wp\/v2\/types\/post"}],"author":[{"embeddable":true,"href":"https:\/\/www.paudalho.pe.gov.br\/portal\/wp-json\/wp\/v2\/users\/2"}],"replies":[{"embeddable":true,"href":"https:\/\/www.paudalho.pe.gov.br\/portal\/wp-json\/wp\/v2\/comments?post=22623"}],"version-history":[{"count":1,"href":"https:\/\/www.paudalho.pe.gov.br\/portal\/wp-json\/wp\/v2\/posts\/22623\/revisions"}],"predecessor-version":[{"id":22625,"href":"https:\/\/www.paudalho.pe.gov.br\/portal\/wp-json\/wp\/v2\/posts\/22623\/revisions\/22625"}],"wp:featuredmedia":[{"embeddable":true,"href":"https:\/\/www.paudalho.pe.gov.br\/portal\/wp-json\/wp\/v2\/media\/22624"}],"wp:attachment":[{"href":"https:\/\/www.paudalho.pe.gov.br\/portal\/wp-json\/wp\/v2\/media?parent=22623"}],"wp:term":[{"taxonomy":"category","embeddable":true,"href":"https:\/\/www.paudalho.pe.gov.br\/portal\/wp-json\/wp\/v2\/categories?post=22623"},{"taxonomy":"post_tag","embeddable":true,"href":"https:\/\/www.paudalho.pe.gov.br\/portal\/wp-json\/wp\/v2\/tags?post=22623"}],"curies":[{"name":"wp","href":"https:\/\/api.w.org\/{rel}","templated":true}]}}